{"id":10034,"date":"2026-02-01T15:09:05","date_gmt":"2026-02-01T15:09:05","guid":{"rendered":"https:\/\/bihavadis.com\/?p=10034"},"modified":"2026-02-01T15:09:05","modified_gmt":"2026-02-01T15:09:05","slug":"venezuelada-genel-af-yasasi-cikartilacak","status":"publish","type":"post","link":"https:\/\/bihavadis.com\/index.php\/2026\/02\/01\/venezuelada-genel-af-yasasi-cikartilacak\/","title":{"rendered":"Venezuela&#8217;da &#8216;genel af yasas\u0131&#8217; \u00e7\u0131kart\u0131lacak"},"content":{"rendered":"<p>ABD&#8217;nin Venezuela&#8217;ya y\u00f6nelik 3 Ocak&#8217;ta ger\u00e7ekle\u015ftirdi\u011fi operasyonlarda Devlet Ba\u015fkan\u0131 Nicolas Maduro ve e\u015fi, yakalanarak \u00fclke d\u0131\u015f\u0131na \u00e7\u0131kart\u0131lm\u0131\u015ft\u0131.\u00a0<\/p>\n<p>Bu kapsamda Venezuela Ge\u00e7ici Devlet Ba\u015fkanl\u0131\u011f\u0131&#8217;na, Maduro&#8217;nun yard\u0131mc\u0131s\u0131\u00a0Delcy Rodriguez gelmi\u015fti.\u00a0<\/p>\n<p><strong>&#8220;GENEL B\u0130R AF YASASINI HAYATA GE\u00c7\u0130RD\u0130\u011e\u0130M\u0130Z\u0130 DUYURMAK \u0130ST\u0130YORUM&#8221;<\/strong><\/p>\n<p>Ba\u015fkent Karakas&#8217;ta adli y\u0131l a\u00e7\u0131l\u0131\u015f t\u00f6reninde konu\u015fan Rodriguez, <em><b>&#8220;Venezuela i\u00e7in bir duyuru yapmak istiyorum. Bu ayn\u0131 zamanda s\u00fcrekli fikir al\u0131\u015fveri\u015finde bulundu\u011fumuz Devlet Ba\u015fkan\u0131 Nicolas Maduro ve e\u015finin de ortak karar\u0131d\u0131r. Genel bir af yasas\u0131n\u0131 hayata ge\u00e7irmeye karar verdi\u011fimizi duyurmak istiyorum.&#8221;<\/b><\/em> ifadelerini kulland\u0131.<\/p>\n<p>Rodriguez, \u00fclkede muhalifler ve baz\u0131 STK&#8217;lar taraf\u0131ndan i\u015fkence iddialar\u0131yla g\u00fcndeme gelen El Helicoide Cezaevi&#8217;nin de kapat\u0131laca\u011f\u0131n\u0131 vurgulayarak,<em><b> &#8220;Bug\u00fcn g\u00f6zalt\u0131 merkezi olarak hizmet veren El Helicoide tesislerinin polis aileleri ve \u00e7evre mahalleler i\u00e7in sosyal, sportif, k\u00fclt\u00fcrel ve ticari bir merkeze d\u00f6n\u00fc\u015ft\u00fcr\u00fclmesine karar verdik.&#8221;<\/b><\/em> dedi.<\/p>\n<p><strong>&#8220;BARI\u015e \u0130\u00c7\u0130NDE YA\u015eAMA \u0130MKANI SUNUYORUZ&#8221;<\/strong><\/p>\n<p>Rodriguez, genel af yasas\u0131n\u0131n cinayet, uyu\u015fturucu ka\u00e7ak\u00e7\u0131l\u0131\u011f\u0131, yolsuzluk ve insan haklar\u0131 ihlallerini kapsamad\u0131\u011f\u0131n\u0131 dile getirerek, <em><b>&#8220;R\u00f6van\u015fizmin, intikam\u0131n ve nefretin galip gelmemesini diliyorum. Venezuela&#8217;da bar\u0131\u015f i\u00e7inde ya\u015fama imkan\u0131 sunuyoruz.&#8221;<\/b><\/em> diye konu\u015ftu.<\/p>\n<p><strong>MUHAL\u0130F L\u0130DER MACHADO&#8217;DAN A\u00c7IKLAMA<\/strong><\/p>\n<p>Bu arada, Nobel Bar\u0131\u015f \u00d6d\u00fcll\u00fc muhalif lider Maria Corina Machado, genel af yasas\u0131 karar\u0131n\u0131n ABD h\u00fck\u00fcmetinin bask\u0131s\u0131 sayesinde ger\u00e7ekle\u015fece\u011fini savundu.<\/p>\n<p>Machado, Ge\u00e7ici Devlet Ba\u015fkan\u0131 Rodriguez&#8217;i hedef alarak, <em><b>&#8220;Bu trajedinin ortak sorumlusu olan bir ki\u015finin g\u00fcven ya da istikrar in\u015fa etmesi m\u00fcmk\u00fcn de\u011fil. B\u00f6yle bir \u015fey s\u00f6z konusu olamaz. Delcy Rodriguez, askeriye, g\u00fcvenlik veya ge\u00e7i\u015f s\u00fcrecine imkan tan\u0131yacak herhangi bir alanda politika \u00fcretme kabiliyetine sahip de\u011fildir.&#8221;<\/b><\/em> yorumunda bulundu.<\/p>\n<p><img decoding=\"async\" src=\"https:\/\/bihavadis.com\/wp-content\/uploads\/2026\/02\/venezuelada-genel-af-yasasi-cikartilacak-0-DV9MtMEt.jpg\"\/><\/p>\n<p><strong>EL HEL\u0130CO\u0130DE CEZAEV\u0130 <\/strong><\/p>\n<p>Karakas&#8217;\u0131n g\u00fcneyinde yer alan El Helicoide Cezaevi, serbest kalan \u00e7ok say\u0131da Venezuelal\u0131n\u0131n unutamad\u0131\u011f\u0131 bir yer olarak tan\u0131mlan\u0131yor.<\/p>\n<p>El Helicoide&#8217;nin a\u015f\u0131r\u0131 kalabal\u0131k, asgari sa\u011fl\u0131k ko\u015fullar\u0131n\u0131n yoklu\u011fu, hara\u00e7 ve \u00e7e\u015fitli istismar t\u00fcrleri iddialar\u0131yla g\u00fcndeme gelmi\u015fti<\/p>\n","protected":false},"excerpt":{"rendered":"<p>Venezuela Ge\u00e7ici Devlet Ba\u015fkan\u0131 Delcy Rodriguez, \u00fclkede &#8220;genel bir af yasas\u0131&#8221; \u00e7\u0131kar\u0131laca\u011f\u0131n\u0131 ve i\u015fkence iddialar\u0131yla g\u00fcndeme gelen El Helicoide Cezaevi&#8217;nin kapat\u0131laca\u011f\u0131n\u0131 s\u00f6yledi.<\/p>\n","protected":false},"author":1,"featured_media":10035,"comment_status":"open","ping_status":"open","sticky":false,"template":"","format":"standard","meta":{"footnotes":""},"categories":[6],"tags":[1921,1861],"class_list":["post-10034","post","type-post","status-publish","format-standard","has-post-thumbnail","hentry","category-dunya","tag-rodriguez","tag-venezuela"],"_links":{"self":[{"href":"https:\/\/bihavadis.com\/index.php\/wp-json\/wp\/v2\/posts\/10034","targetHints":{"allow":["GET"]}}],"collection":[{"href":"https:\/\/bihavadis.com\/index.php\/wp-json\/wp\/v2\/posts"}],"about":[{"href":"https:\/\/bihavadis.com\/index.php\/wp-json\/wp\/v2\/types\/post"}],"author":[{"embeddable":true,"href":"https:\/\/bihavadis.com\/index.php\/wp-json\/wp\/v2\/users\/1"}],"replies":[{"embeddable":true,"href":"https:\/\/bihavadis.com\/index.php\/wp-json\/wp\/v2\/comments?post=10034"}],"version-history":[{"count":1,"href":"https:\/\/bihavadis.com\/index.php\/wp-json\/wp\/v2\/posts\/10034\/revisions"}],"predecessor-version":[{"id":10037,"href":"https:\/\/bihavadis.com\/index.php\/wp-json\/wp\/v2\/posts\/10034\/revisions\/10037"}],"wp:featuredmedia":[{"embeddable":true,"href":"https:\/\/bihavadis.com\/index.php\/wp-json\/wp\/v2\/media\/10035"}],"wp:attachment":[{"href":"https:\/\/bihavadis.com\/index.php\/wp-json\/wp\/v2\/media?parent=10034"}],"wp:term":[{"taxonomy":"category","embeddable":true,"href":"https:\/\/bihavadis.com\/index.php\/wp-json\/wp\/v2\/categories?post=10034"},{"taxonomy":"post_tag","embeddable":true,"href":"https:\/\/bihavadis.com\/index.php\/wp-json\/wp\/v2\/tags?post=10034"}],"curies":[{"name":"wp","href":"https:\/\/api.w.org\/{rel}","templated":true}]}}