{"id":10065,"date":"2026-02-01T15:33:06","date_gmt":"2026-02-01T15:33:06","guid":{"rendered":"https:\/\/bihavadis.com\/?p=10065"},"modified":"2026-02-01T15:33:06","modified_gmt":"2026-02-01T15:33:06","slug":"kristjan-asllani-besiktas-icin-istanbula-geliyor","status":"publish","type":"post","link":"https:\/\/bihavadis.com\/index.php\/2026\/02\/01\/kristjan-asllani-besiktas-icin-istanbula-geliyor\/","title":{"rendered":"Kristjan Asllani, Be\u015fikta\u015f i\u00e7in \u0130stanbul&#8217;a geliyor"},"content":{"rendered":"<p>S\u00fcper Lig devi Be\u015fikta\u015f, Yasin \u00d6zcan transferinin ard\u0131ndan orta saha transferi i\u00e7in de mutlu sona ula\u015fmaya \u00e7ok yak\u0131n.<\/p>\n<p><b>ASLLANI \u0130\u00c7\u0130N ANLA\u015eMA TAMAM<\/b><\/p>\n<p>Be\u015fikta\u015f, bonservisi Serie A devi Inter&#8217;de olan orta saha oyuncusu Kristjan Asllani&#8217;nin kiral\u0131k transferi i\u00e7in anla\u015fma sa\u011flad\u0131. Siyah-beyazl\u0131lar, kiral\u0131k olarak Torino&#8217;da forma giyen Asllani i\u00e7in Torino ile Inter aras\u0131ndaki s\u00f6zle\u015fme fesih g\u00f6r\u00fc\u015fmelerinin tamamlanmas\u0131 bekleniyor. Be\u015fikta\u015f, fesih g\u00f6r\u00fc\u015fmelerinin sona ermesiyle 23 ya\u015f\u0131ndaki Arnavut futbolcuyu kadrosuna katacak. <\/p>\n<p><b>K\u0130RALAMA BEDEL\u0130 \u00d6DEMEYECEK <\/b><\/p>\n<p>Be\u015fikta\u015f, Kristjan Asllani i\u00e7in Inter&#8217;e herhangi bir kiralama bedeli \u00f6demeyecek ancak oyuncunun maa\u015f\u0131n\u0131n tamam\u0131n\u0131 kar\u015f\u0131layacak.<\/p>\n<p><b>BU AK\u015eAM \u0130STANBUL&#8217;A GEL\u0130YOR<\/b><\/p>\n<p>Serdal Adal\u0131&#8217;n\u0131n da &#8220;Kristjan Asllani geliyor. Inter ve oyuncu ile anla\u015ft\u0131k. Inter ile Torino aras\u0131nda fesih s\u00fcreci var. Bu ak\u015fam gelecek.&#8221; s\u00f6zleriyle transferini a\u00e7\u0131klad\u0131\u011f\u0131 Asllani, bu ak\u015fam \u0130stanbul&#8217;da olacak.<\/p>\n<p><b>TORINO PERFORMANSI<\/b><\/p>\n<p>Bu sezon Torino&#8217;da 16 ma\u00e7a \u00e7\u0131kan deneyimli oyuncu, bu ma\u00e7larda gol ya da asist katk\u0131s\u0131 yapamad\u0131. <\/p>\n","protected":false},"excerpt":{"rendered":"<p>Be\u015fikta\u015f, Inter formas\u0131 giyen orta saha oyuncusu Kristjan Asllani&#8217;nin kiral\u0131k transferi i\u00e7in anla\u015fma sa\u011flad\u0131. 23 ya\u015f\u0131ndaki y\u0131ld\u0131z isim, bu ak\u015fam \u0130stanbul&#8217;da olacak.<\/p>\n","protected":false},"author":1,"featured_media":10066,"comment_status":"open","ping_status":"open","sticky":false,"template":"","format":"standard","meta":{"footnotes":""},"categories":[14],"tags":[1456,1852],"class_list":["post-10065","post","type-post","status-publish","format-standard","has-post-thumbnail","hentry","category-spor","tag-asllani","tag-inter"],"_links":{"self":[{"href":"https:\/\/bihavadis.com\/index.php\/wp-json\/wp\/v2\/posts\/10065","targetHints":{"allow":["GET"]}}],"collection":[{"href":"https:\/\/bihavadis.com\/index.php\/wp-json\/wp\/v2\/posts"}],"about":[{"href":"https:\/\/bihavadis.com\/index.php\/wp-json\/wp\/v2\/types\/post"}],"author":[{"embeddable":true,"href":"https:\/\/bihavadis.com\/index.php\/wp-json\/wp\/v2\/users\/1"}],"replies":[{"embeddable":true,"href":"https:\/\/bihavadis.com\/index.php\/wp-json\/wp\/v2\/comments?post=10065"}],"version-history":[{"count":1,"href":"https:\/\/bihavadis.com\/index.php\/wp-json\/wp\/v2\/posts\/10065\/revisions"}],"predecessor-version":[{"id":10067,"href":"https:\/\/bihavadis.com\/index.php\/wp-json\/wp\/v2\/posts\/10065\/revisions\/10067"}],"wp:featuredmedia":[{"embeddable":true,"href":"https:\/\/bihavadis.com\/index.php\/wp-json\/wp\/v2\/media\/10066"}],"wp:attachment":[{"href":"https:\/\/bihavadis.com\/index.php\/wp-json\/wp\/v2\/media?parent=10065"}],"wp:term":[{"taxonomy":"category","embeddable":true,"href":"https:\/\/bihavadis.com\/index.php\/wp-json\/wp\/v2\/categories?post=10065"},{"taxonomy":"post_tag","embeddable":true,"href":"https:\/\/bihavadis.com\/index.php\/wp-json\/wp\/v2\/tags?post=10065"}],"curies":[{"name":"wp","href":"https:\/\/api.w.org\/{rel}","templated":true}]}}