{"id":10189,"date":"2026-02-01T17:03:08","date_gmt":"2026-02-01T17:03:08","guid":{"rendered":"https:\/\/bihavadis.com\/?p=10189"},"modified":"2026-02-01T17:03:08","modified_gmt":"2026-02-01T17:03:08","slug":"hakkinda-yakalama-karari-bulunan-merve-taskindan-aciklama-geldi","status":"publish","type":"post","link":"https:\/\/bihavadis.com\/index.php\/2026\/02\/01\/hakkinda-yakalama-karari-bulunan-merve-taskindan-aciklama-geldi\/","title":{"rendered":"Hakk\u0131nda yakalama karar\u0131 bulunan Merve Ta\u015fk\u0131n&#8217;dan a\u00e7\u0131klama geldi"},"content":{"rendered":"<p>T\u00fcrkiye&#8217;yi terk eden fenomen Merve Ta\u015fk\u0131n&#8217;la ilgili yeni detaylar&#8230;.\u00a0<\/p>\n<p>Bali&#8217;ye gitmek i\u00e7in bindi\u011fi u\u00e7akta payla\u015f\u0131m yapan Ta\u015fk\u0131n, g\u00f6zya\u015flar\u0131n\u0131 tutamad\u0131.<\/p>\n<p><em><b>&#8220;S\u00fcrekli kap\u0131ma polis geliyor.<\/b><\/em>&#8221; diyen Ta\u015fk\u0131n&#8217;\u0131n ad\u0131 \u015fimdi uyu\u015fturucu operasyonlar\u0131nda ge\u00e7meye ba\u015flad\u0131.\u00a0<\/p>\n<p><strong>YAKALAMA KARARI<\/strong><\/p>\n<p>Uyu\u015fturucu soru\u015fturmas\u0131 kapsam\u0131nda Merve Ta\u015fk\u0131n hakk\u0131nda yakalama karar\u0131 \u00e7\u0131kar\u0131ld\u0131.<\/p>\n<p><strong>UYU\u015eTURUCU PART\u0130LER\u0130NDE ADI GE\u00c7T\u0130<\/strong><\/p>\n<p>Soru\u015fturmada ge\u00e7ti\u011fimiz g\u00fcnlerde savc\u0131l\u0131kta ifade veren Barmen Atilla Ayd\u0131n, d\u00fczenlenen uyu\u015fturucu partilerinde Merve Ta\u015fk\u0131n\u2019\u0131n da bulundu\u011funu ifade etmi\u015fti.<\/p>\n<p>Ayn\u0131 \u015fekilde firari Kas\u0131m Garipo\u011flu&#8217;nun \u015fof\u00f6r\u00fcn\u00fcn de verdi\u011fi ifade Merve Ta\u015fk\u0131n&#8217;\u0131n ad\u0131n\u0131n ge\u00e7ti\u011fi g\u00f6r\u00fcld\u00fc.\u00a0<\/p>\n<p><img decoding=\"async\" src=\"https:\/\/bihavadis.com\/wp-content\/uploads\/2026\/02\/hakkinda-yakalama-karari-bulunan-merve-taskindan-aciklama-geldi-0-bypPaZn1.jpg\"\/><\/p>\n<p><strong>A\u00c7IKLAMA YAPTI<\/strong><\/p>\n<p>Sosyal medya platformu X&#8217;teki hesab\u0131ndan payla\u015f\u0131m yapan Merve Ta\u015fk\u0131n, \u015fu ifadeleri kulland\u0131;\u00a0<\/p>\n<p><strong>&#8220;BEN SU\u00c7LU DE\u011e\u0130L\u0130M&#8221;<\/strong><\/p>\n<p>Ne kadar inan\u0131r inanmazs\u0131n\u0131z bilmiyorum ama ben su\u00e7lu de\u011filim. \u00dclkeme geri d\u00f6nsem de ger\u00e7ek bir adalet sistemi varsa hala e\u011fer ifademi al\u0131p yine serbest b\u0131rakmalar\u0131 gerekiyor \u00e7\u00fcnk\u00fc su\u00e7um yok. Yani bir problem yok. <\/p>\n<p>Ben sadece T\u00fcrkiye&#8217;de yoruldum. S\u00fcrekli su\u00e7suz yere d\u00fczenli olarak ifade vermek yorucu. Y\u0131llard\u0131r zaten ifademi al\u0131p serbest b\u0131rak\u0131yorlar. Y\u0131llard\u0131r zaten d\u00fczenli olarak mahkemelerim oluyor. Hala daha var. Bitmedi ve bitmiyor.. <\/p>\n<p>Ama siz bilip bilmeden taslamay\u0131, at\u0131p tutmay\u0131 sevdi\u011finiz i\u00e7in s\u00f6ylediklerim de bo\u015funa biliyorum.. Ne diyebilirim ki.. Tek iste\u011finiz benim mutlu olmamam ve hapse girmem.. <\/p>\n<p>Kendiniz mutlu olmad\u0131\u011f\u0131n\u0131z i\u00e7in mutlu olmaya \u00e7al\u0131\u015fan insanlar\u0131n da hayatlar\u0131n\u0131 karartmak istiyorsunuz.. Allah her \u015feyi biliyor ve g\u00f6r\u00fcyor. Allah&#8217;a g\u00fcveniyorum ba\u015fka diyebilece\u011fim bir \u015fey yok..<\/p>\n<p><strong>&#8220;S\u00dcREKL\u0130 YATA\u011eIMIN K\u00d6\u015eES\u0130NE KIYAFET KOYUYORDUM&#8221;<\/strong><\/p>\n<p>T\u00fcrkiye\u2019den ayr\u0131ld\u0131\u011f\u0131n\u0131 sosyal medya hesab\u0131ndan duyuran Ta\u015fk\u0131n, ya\u015fad\u0131\u011f\u0131 s\u00fcrece ili\u015fkin dikkat \u00e7eken a\u00e7\u0131klamalarda bulunmu\u015ftu.<\/p>\n<p>Ta\u015fk\u0131n, \u201c<em><b>Her kap\u0131 \u00e7ald\u0131\u011f\u0131nda polis geldi san\u0131yordum. S\u00fcrekli yata\u011f\u0131m\u0131n bir k\u00f6\u015fesine k\u0131yafet koyuyor, kedim i\u00e7in etrafa mama ve su b\u0131rak\u0131yordum.\u201d<\/b><\/em> ifadelerini kullanm\u0131\u015ft\u0131.<\/p>\n<p><img decoding=\"async\" src=\"https:\/\/bihavadis.com\/wp-content\/uploads\/2026\/02\/hakkinda-yakalama-karari-bulunan-merve-taskindan-aciklama-geldi-1-csKy44Ix.jpg\"\/><\/p>\n","protected":false},"excerpt":{"rendered":"<p>T\u00fcrkiye&#8217;yi terk eden ve hakk\u0131nda uyu\u015fturucudan yakalama karar\u0131 olan Merve Ta\u015fk\u0131n yapt\u0131\u011f\u0131 a\u00e7\u0131klamada, &#8220;Ne kadar inan\u0131r inanmazs\u0131n\u0131z bilmiyorum ama ben su\u00e7lu de\u011filim&#8221; dedi.<\/p>\n","protected":false},"author":1,"featured_media":10190,"comment_status":"open","ping_status":"open","sticky":false,"template":"","format":"standard","meta":{"footnotes":""},"categories":[1],"tags":[561,2235],"class_list":["post-10189","post","type-post","status-publish","format-standard","has-post-thumbnail","hentry","category-uncategorized","tag-ifade","tag-merve-taskin"],"_links":{"self":[{"href":"https:\/\/bihavadis.com\/index.php\/wp-json\/wp\/v2\/posts\/10189","targetHints":{"allow":["GET"]}}],"collection":[{"href":"https:\/\/bihavadis.com\/index.php\/wp-json\/wp\/v2\/posts"}],"about":[{"href":"https:\/\/bihavadis.com\/index.php\/wp-json\/wp\/v2\/types\/post"}],"author":[{"embeddable":true,"href":"https:\/\/bihavadis.com\/index.php\/wp-json\/wp\/v2\/users\/1"}],"replies":[{"embeddable":true,"href":"https:\/\/bihavadis.com\/index.php\/wp-json\/wp\/v2\/comments?post=10189"}],"version-history":[{"count":1,"href":"https:\/\/bihavadis.com\/index.php\/wp-json\/wp\/v2\/posts\/10189\/revisions"}],"predecessor-version":[{"id":10193,"href":"https:\/\/bihavadis.com\/index.php\/wp-json\/wp\/v2\/posts\/10189\/revisions\/10193"}],"wp:featuredmedia":[{"embeddable":true,"href":"https:\/\/bihavadis.com\/index.php\/wp-json\/wp\/v2\/media\/10190"}],"wp:attachment":[{"href":"https:\/\/bihavadis.com\/index.php\/wp-json\/wp\/v2\/media?parent=10189"}],"wp:term":[{"taxonomy":"category","embeddable":true,"href":"https:\/\/bihavadis.com\/index.php\/wp-json\/wp\/v2\/categories?post=10189"},{"taxonomy":"post_tag","embeddable":true,"href":"https:\/\/bihavadis.com\/index.php\/wp-json\/wp\/v2\/tags?post=10189"}],"curies":[{"name":"wp","href":"https:\/\/api.w.org\/{rel}","templated":true}]}}