{"id":10194,"date":"2026-02-01T17:06:07","date_gmt":"2026-02-01T17:06:07","guid":{"rendered":"https:\/\/bihavadis.com\/?p=10194"},"modified":"2026-02-01T17:06:07","modified_gmt":"2026-02-01T17:06:07","slug":"abden-yeni-goc-politikasi","status":"publish","type":"post","link":"https:\/\/bihavadis.com\/index.php\/2026\/02\/01\/abden-yeni-goc-politikasi\/","title":{"rendered":"AB&#8217;den Yeni G\u00f6\u00e7 Politikas\u0131"},"content":{"rendered":"<p>AB, bir yandan g\u00f6\u00e7\u00fc s\u0131k\u0131la\u015ft\u0131r\u0131rken di\u011fer yandan \u00fc\u00e7\u00fcnc\u00fc \u00fclkelerle i\u015f birli\u011fini art\u0131r\u0131p daha fazla nitelikli i\u015fg\u00fcc\u00fc \u00e7ekmeyi hedefliyor.Avrupa Komisyonu, 2026\u20132030 d\u00f6neminde daha s\u0131k\u0131 bir g\u00f6\u00e7 politikas\u0131 uygulamay\u0131 ve ayn\u0131 zamanda Avrupa Birli\u011fi (AB) \u00fclkelerine daha fazla nitelikli i\u015f g\u00fcc\u00fc \u00e7ekmeyi planl\u0131yor. AB \u0130\u00e7i\u015fleri ve G\u00f6\u00e7 Komiseri Magnus Brunner, s\u0131n\u0131rlar\u0131n etkili \u015fekilde kontrol edilmesinin hem korunmaya muhta\u00e7 ki\u015fileri korumak hem de k\u00fcresel rekabette g\u00fc\u00e7l\u00fc kalmak i\u00e7in gerekli oldu\u011funu dile getirdi.<\/p>\n<p>Yeni strateji \u00fc\u00e7 hedefe dayan\u0131yor: d\u00fczensiz g\u00f6\u00e7\u00fc ve insan ka\u00e7ak\u00e7\u0131l\u0131\u011f\u0131n\u0131 \u00f6nlemek, sava\u015f ve bask\u0131dan ka\u00e7anlar\u0131 korumak ve AB&#8217;ye uzman i\u015f g\u00fcc\u00fc kazand\u0131rmak. Komisyon bu hedefler i\u00e7in \u00f6ncelikler belirledi.<\/p>\n<p>\u0130lk ad\u0131m, \u00fc\u00e7\u00fcnc\u00fc \u00fclkelerle i\u015f birli\u011finin g\u00fc\u00e7lendirilmesini kaps\u0131yor. Buna g\u00f6re g\u00f6\u00e7 yollar\u0131 boyunca AB destekli &#8220;\u00e7ok ama\u00e7l\u0131 merkezler&#8221; kurulmas\u0131 planlan\u0131yor. Bu merkezlerin nas\u0131l i\u015fleyece\u011fine dair ayr\u0131nt\u0131lar ise hen\u00fcz a\u00e7\u0131klanmad\u0131.<\/p>\n<p>AB, son d\u00f6nemde M\u0131s\u0131r ve Libya gibi \u00fclkelerle i\u015f birli\u011fini art\u0131rarak d\u00fczensiz g\u00f6\u00e7\u00fc s\u0131n\u0131rlamaya \u00e7al\u0131\u015f\u0131yor. Birle\u015fmi\u015f Milletler&#8217;e (BM) g\u00f6re M\u0131s\u0131r&#8217;da kriz b\u00f6lgelerinden gelen yakla\u015f\u0131k bir milyon m\u00fclteci bulunuyor.<\/p>\n<p>\u0130\u015f birli\u011fi yapmayan \u00fclkelerin vizesiz seyahat d\u00fczenlemeleri ask\u0131ya al\u0131nacak<\/p>\n<p>Komisyon ayr\u0131ca, iltica ba\u015fvurusu reddedilen ki\u015filerin geri kabul\u00fc i\u00e7in \u00fc\u00e7\u00fcnc\u00fc \u00fclkelere daha fazla bask\u0131 uygulamay\u0131 hedefliyor. Stratejide, h\u0131zl\u0131 ve etkili geri g\u00f6ndermelerin s\u0131\u011f\u0131nma sisteminin g\u00fcvenilirli\u011fi i\u00e7in zorunlu oldu\u011fu vurgulan\u0131yor. AB, bu s\u00fcre\u00e7te vize politikalar\u0131n\u0131 da bir ara\u00e7 olarak kullanacak. G\u00f6\u00e7 konusunda i\u015f birli\u011fi yapmayan \u00fclkeler i\u00e7in vizesiz seyahat d\u00fczenlemeleri ask\u0131ya al\u0131nabilecek.<\/p>\n<p>Stratejinin di\u011fer aya\u011f\u0131 ise AB&#8217;de b\u00fcy\u00fcyen i\u015f g\u00fcc\u00fc a\u00e7\u0131\u011f\u0131. Komisyon, \u00f6n\u00fcm\u00fczdeki be\u015f y\u0131lda bir\u00e7ok sekt\u00f6rde nitelikli \u00e7al\u0131\u015fan ihtiyac\u0131n\u0131n artaca\u011f\u0131n\u0131 \u00f6ng\u00f6r\u00fcyor. Bu nedenle \u00fc\u00e7\u00fcnc\u00fc \u00fclkelerle i\u015f g\u00fcc\u00fc anla\u015fmalar\u0131n\u0131n geni\u015fletilmesi, mesleki yeterliliklerin daha h\u0131zl\u0131 tan\u0131nmas\u0131 ve vize s\u00fcre\u00e7lerinde hem i\u015fverenlere hem de \u00e7al\u0131\u015fanlara destek sa\u011flanmas\u0131 planlan\u0131yor.<\/p>\n<p>dpa\/ TY,ET<\/p>\n","protected":false},"excerpt":{"rendered":"<p>AB, s\u0131k\u0131 g\u00f6\u00e7 politikas\u0131yla birlikte nitelikli i\u015f g\u00fcc\u00fc \u00e7ekmeyi ve i\u015f birli\u011fini art\u0131rmay\u0131 hedefliyor.<\/p>\n","protected":false},"author":1,"featured_media":10195,"comment_status":"open","ping_status":"open","sticky":false,"template":"","format":"standard","meta":{"footnotes":""},"categories":[8],"tags":[1713,395,1662,2236],"class_list":["post-10194","post","type-post","status-publish","format-standard","has-post-thumbnail","hentry","category-ekonomi","tag-goc","tag-is","tag-is-birligi","tag-ulkeler"],"_links":{"self":[{"href":"https:\/\/bihavadis.com\/index.php\/wp-json\/wp\/v2\/posts\/10194","targetHints":{"allow":["GET"]}}],"collection":[{"href":"https:\/\/bihavadis.com\/index.php\/wp-json\/wp\/v2\/posts"}],"about":[{"href":"https:\/\/bihavadis.com\/index.php\/wp-json\/wp\/v2\/types\/post"}],"author":[{"embeddable":true,"href":"https:\/\/bihavadis.com\/index.php\/wp-json\/wp\/v2\/users\/1"}],"replies":[{"embeddable":true,"href":"https:\/\/bihavadis.com\/index.php\/wp-json\/wp\/v2\/comments?post=10194"}],"version-history":[{"count":1,"href":"https:\/\/bihavadis.com\/index.php\/wp-json\/wp\/v2\/posts\/10194\/revisions"}],"predecessor-version":[{"id":10196,"href":"https:\/\/bihavadis.com\/index.php\/wp-json\/wp\/v2\/posts\/10194\/revisions\/10196"}],"wp:featuredmedia":[{"embeddable":true,"href":"https:\/\/bihavadis.com\/index.php\/wp-json\/wp\/v2\/media\/10195"}],"wp:attachment":[{"href":"https:\/\/bihavadis.com\/index.php\/wp-json\/wp\/v2\/media?parent=10194"}],"wp:term":[{"taxonomy":"category","embeddable":true,"href":"https:\/\/bihavadis.com\/index.php\/wp-json\/wp\/v2\/categories?post=10194"},{"taxonomy":"post_tag","embeddable":true,"href":"https:\/\/bihavadis.com\/index.php\/wp-json\/wp\/v2\/tags?post=10194"}],"curies":[{"name":"wp","href":"https:\/\/api.w.org\/{rel}","templated":true}]}}