{"id":10214,"date":"2026-02-01T17:21:04","date_gmt":"2026-02-01T17:21:04","guid":{"rendered":"https:\/\/bihavadis.com\/?p=10214"},"modified":"2026-02-01T17:21:04","modified_gmt":"2026-02-01T17:21:04","slug":"fenerbahceli-frede-surpriz-talip","status":"publish","type":"post","link":"https:\/\/bihavadis.com\/index.php\/2026\/02\/01\/fenerbahceli-frede-surpriz-talip\/","title":{"rendered":"Fenerbah\u00e7eli Fred&#8217;e s\u00fcrpriz talip"},"content":{"rendered":"<p>Fenerbah\u00e7e&#8217;nin Brezilyal\u0131 y\u0131ld\u0131z\u0131 Fred i\u00e7in bir kez daha ayr\u0131l\u0131k ihtimali g\u00fcndeme geldi.<\/p>\n<p>Ge\u00e7ti\u011fimiz g\u00fcnlerde Olympiakos&#8217;un g\u00fcndeminde oldu\u011fu \u00f6ne s\u00fcr\u00fclen orta saha oyuncusunun bu kez dev bir talibi \u00e7\u0131kt\u0131.<\/p>\n<p>Hollanda bas\u0131n\u0131ndan AD&#8217;nin haberine g\u00f6re, sar\u0131-lacivertlilerin Brezilyal\u0131 orta saha oyuncusu Fred&#8217;e, Hollanda devi Ajax talip oldu.<\/p>\n<p><strong>HOLLANDALILAR YAZDI: AJAX \u0130ST\u0130YOR&#8230;<\/strong><\/p>\n<p>Haberde, Fred&#8217;in Ajax&#8217;\u0131n 6 numara adaylar\u0131ndan biri oldu\u011fu belirtilirken kul\u00fcb\u00fcn, Fenerbah\u00e7e ile g\u00f6r\u00fc\u015fmelerini s\u00fcrd\u00fcrd\u00fc\u011f\u00fc aktar\u0131ld\u0131.<\/p>\n<p>\u00d6te yandan Fred, Ajax&#8217;a transferinin ger\u00e7ekle\u015fmesi halinde kariyerinde ilk kez Hollanda&#8217;da forma giyecek.<\/p>\n<p><img decoding=\"async\" src=\"https:\/\/bihavadis.com\/wp-content\/uploads\/2026\/02\/fenerbahceli-frede-surpriz-talip-0-wmNd7WKm.jpg\"\/><\/p>\n<p><strong>BU SEZON NE YAPTI?<\/strong><\/p>\n<p>Bu sezon Fenerbah\u00e7e formas\u0131yla 29 ma\u00e7ta g\u00f6rev alan Fred, ge\u00e7ti\u011fimiz hafta UEFA Avrupa Ligi&#8217;nde Aston Villa ve FCSB&#8217;ye kar\u015f\u0131 oynanan kar\u015f\u0131la\u015fmalarda 90 dakika sahada kald\u0131.<\/p>\n<p>32 ya\u015f\u0131ndaki orta saha oyuncusu, sezon ba\u015f\u0131nda ise \u015eampiyonlar Ligi \u00f6n elemesinde Feyenoord&#8217;a kar\u015f\u0131 al\u0131nan 5-2&#8217;lik galibiyette Fenerbah\u00e7e ad\u0131na gol atm\u0131\u015ft\u0131.<\/p>\n<p><img decoding=\"async\" src=\"https:\/\/bihavadis.com\/wp-content\/uploads\/2026\/02\/fenerbahceli-frede-surpriz-talip-1-tweUnLwk.jpg\"\/><\/p>\n","protected":false},"excerpt":{"rendered":"<p>Fenerbah\u00e7e&#8217;nin Brezilyal\u0131 orta sahas\u0131 Fred&#8217;in Hollanda&#8217;dan s\u00fcrpriz bir talibi \u00e7\u0131kt\u0131. Buna g\u00f6re sar\u0131-lacivertlilerin oyuncusu Fred&#8217;e Hollanda devi Ajax talip oldu.<\/p>\n","protected":false},"author":1,"featured_media":10215,"comment_status":"open","ping_status":"open","sticky":false,"template":"","format":"standard","meta":{"footnotes":""},"categories":[14],"tags":[2242],"class_list":["post-10214","post","type-post","status-publish","format-standard","has-post-thumbnail","hentry","category-spor","tag-fred"],"_links":{"self":[{"href":"https:\/\/bihavadis.com\/index.php\/wp-json\/wp\/v2\/posts\/10214","targetHints":{"allow":["GET"]}}],"collection":[{"href":"https:\/\/bihavadis.com\/index.php\/wp-json\/wp\/v2\/posts"}],"about":[{"href":"https:\/\/bihavadis.com\/index.php\/wp-json\/wp\/v2\/types\/post"}],"author":[{"embeddable":true,"href":"https:\/\/bihavadis.com\/index.php\/wp-json\/wp\/v2\/users\/1"}],"replies":[{"embeddable":true,"href":"https:\/\/bihavadis.com\/index.php\/wp-json\/wp\/v2\/comments?post=10214"}],"version-history":[{"count":1,"href":"https:\/\/bihavadis.com\/index.php\/wp-json\/wp\/v2\/posts\/10214\/revisions"}],"predecessor-version":[{"id":10218,"href":"https:\/\/bihavadis.com\/index.php\/wp-json\/wp\/v2\/posts\/10214\/revisions\/10218"}],"wp:featuredmedia":[{"embeddable":true,"href":"https:\/\/bihavadis.com\/index.php\/wp-json\/wp\/v2\/media\/10215"}],"wp:attachment":[{"href":"https:\/\/bihavadis.com\/index.php\/wp-json\/wp\/v2\/media?parent=10214"}],"wp:term":[{"taxonomy":"category","embeddable":true,"href":"https:\/\/bihavadis.com\/index.php\/wp-json\/wp\/v2\/categories?post=10214"},{"taxonomy":"post_tag","embeddable":true,"href":"https:\/\/bihavadis.com\/index.php\/wp-json\/wp\/v2\/tags?post=10214"}],"curies":[{"name":"wp","href":"https:\/\/api.w.org\/{rel}","templated":true}]}}