{"id":10219,"date":"2026-02-01T17:24:06","date_gmt":"2026-02-01T17:24:06","guid":{"rendered":"https:\/\/bihavadis.com\/?p=10219"},"modified":"2026-02-01T17:24:06","modified_gmt":"2026-02-01T17:24:06","slug":"transferde-buyuk-bomba-fenerbahce-yildiz-isim-icin-ataga-kalkti","status":"publish","type":"post","link":"https:\/\/bihavadis.com\/index.php\/2026\/02\/01\/transferde-buyuk-bomba-fenerbahce-yildiz-isim-icin-ataga-kalkti\/","title":{"rendered":"Transferde b\u00fcy\u00fck bomba! Fenerbah\u00e7e y\u0131ld\u0131z isim i\u00e7in ata\u011fa kalkt\u0131"},"content":{"rendered":"<p> Fenerbah\u00e7e, Atalanta formas\u0131 giyen Ademola Lookman i\u00e7in yeniden harekete ge\u00e7ti ve \u0130talyan kul\u00fcb\u00fcyle yeni bir nab\u0131z yoklamas\u0131nda bulundu.<\/p>\n<p><b>FENERBAH\u00c7E&#8217;DEN LOOKMAN \u0130\u00c7\u0130N YEN\u0130 HAMLE<\/b><\/p>\n<p>Fenerbah\u00e7e, ara transfer d\u00f6neminde h\u00fccum hatt\u0131n\u0131 g\u00fc\u00e7lendirmek i\u00e7in \u00e7al\u0131\u015fmalar\u0131n\u0131 s\u00fcrd\u00fcr\u00fcrken Ademola Lookman dosyas\u0131n\u0131 yeniden a\u00e7t\u0131. Sar\u0131-lacivertli ekip, Atalanta&#8217;da forma giyen Nijeryal\u0131 futbolcu i\u00e7in bu saatlerde yeni bir giri\u015fimde bulundu.<\/p>\n<div>\n<figure><img decoding=\"async\" src=\"https:\/\/bihavadis.com\/wp-content\/uploads\/2026\/02\/transferde-buyuk-bomba-fenerbahce-yildiz-isim-icin-ataga-kalkti-0-NrCXtFxI.jpg\"\/><\/figure>\n<\/div>\n<p><b>D\u0130 MARZIO DUYURDU<\/b><\/p>\n<p>\u0130talyan gazeteci Gianluca Di Marzio&#8217;nun aktard\u0131\u011f\u0131 bilgilere g\u00f6re Fenerbah\u00e7e, Ademola Lookman transferi i\u00e7in Atalanta cephesiyle yeniden temas kurarak \u015fartlar\u0131 yoklad\u0131. G\u00f6r\u00fc\u015fmelerin hen\u00fcz ilk a\u015famada oldu\u011fu belirtildi.<\/p>\n<p><b>TRANSFER G\u00dcNDEM\u0130NDE \u00dcST SIRADA<\/b><\/p>\n<p>Daha \u00f6nce de ad\u0131 Fenerbah\u00e7e ile an\u0131lan Lookman&#8217;\u0131n durumu yak\u0131ndan takip edilirken, sar\u0131-lacivertli y\u00f6netimin mali \u015fartlara g\u00f6re s\u00fcreci h\u0131zland\u0131rabilece\u011fi ifade ediliyor.<\/p>\n","protected":false},"excerpt":{"rendered":"<p>Fenerbah\u00e7e, ara transfer d\u00f6neminde h\u00fccum hatt\u0131n\u0131 g\u00fc\u00e7lendirmek ad\u0131na Atalanta formas\u0131 giyen Ademola Lookman i\u00e7in yeni bir giri\u015fimde bulundu. \u0130talyan gazeteci Gianluca Di Marzio&#8217;nun aktard\u0131\u011f\u0131 bilgilere g\u00f6re Fenerbah\u00e7e, Lookman transferi i\u00e7in Atalanta cephesiyle yeniden temas kurdu.<\/p>\n","protected":false},"author":1,"featured_media":10220,"comment_status":"open","ping_status":"open","sticky":false,"template":"","format":"standard","meta":{"footnotes":""},"categories":[14],"tags":[2124],"class_list":["post-10219","post","type-post","status-publish","format-standard","has-post-thumbnail","hentry","category-spor","tag-lookman"],"_links":{"self":[{"href":"https:\/\/bihavadis.com\/index.php\/wp-json\/wp\/v2\/posts\/10219","targetHints":{"allow":["GET"]}}],"collection":[{"href":"https:\/\/bihavadis.com\/index.php\/wp-json\/wp\/v2\/posts"}],"about":[{"href":"https:\/\/bihavadis.com\/index.php\/wp-json\/wp\/v2\/types\/post"}],"author":[{"embeddable":true,"href":"https:\/\/bihavadis.com\/index.php\/wp-json\/wp\/v2\/users\/1"}],"replies":[{"embeddable":true,"href":"https:\/\/bihavadis.com\/index.php\/wp-json\/wp\/v2\/comments?post=10219"}],"version-history":[{"count":1,"href":"https:\/\/bihavadis.com\/index.php\/wp-json\/wp\/v2\/posts\/10219\/revisions"}],"predecessor-version":[{"id":10222,"href":"https:\/\/bihavadis.com\/index.php\/wp-json\/wp\/v2\/posts\/10219\/revisions\/10222"}],"wp:featuredmedia":[{"embeddable":true,"href":"https:\/\/bihavadis.com\/index.php\/wp-json\/wp\/v2\/media\/10220"}],"wp:attachment":[{"href":"https:\/\/bihavadis.com\/index.php\/wp-json\/wp\/v2\/media?parent=10219"}],"wp:term":[{"taxonomy":"category","embeddable":true,"href":"https:\/\/bihavadis.com\/index.php\/wp-json\/wp\/v2\/categories?post=10219"},{"taxonomy":"post_tag","embeddable":true,"href":"https:\/\/bihavadis.com\/index.php\/wp-json\/wp\/v2\/tags?post=10219"}],"curies":[{"name":"wp","href":"https:\/\/api.w.org\/{rel}","templated":true}]}}