{"id":10289,"date":"2026-02-01T18:18:09","date_gmt":"2026-02-01T18:18:09","guid":{"rendered":"https:\/\/bihavadis.com\/?p=10289"},"modified":"2026-02-01T18:18:09","modified_gmt":"2026-02-01T18:18:09","slug":"hatayda-depremzede-emre-yeniden-hayata-tutundu","status":"publish","type":"post","link":"https:\/\/bihavadis.com\/index.php\/2026\/02\/01\/hatayda-depremzede-emre-yeniden-hayata-tutundu\/","title":{"rendered":"Hatay&#8217;da depremzede Emre yeniden hayata tutundu"},"content":{"rendered":"<p>Hatay&#8217;da 25 bine yak\u0131n can kayb\u0131 ya\u015fan\u0131rken, \u00e7ok say\u0131da ki\u015fi enkazdan sa\u011f kurtar\u0131lm\u0131\u015ft\u0131.<\/p>\n<p>Depreme Defne il\u00e7esi Elektrik Mahallesi&#8217;nde yakalanan 22 ya\u015f\u0131ndaki Emre Y\u00fcksek, enkazdan 2 g\u00fcn sonra kurtar\u0131ld\u0131.<\/p>\n<p>Enkazdan kurtar\u0131lma an\u0131 cep telefonuna yans\u0131yan Y\u00fcksek, tedavi s\u00fcrecinde 2 baca\u011f\u0131n\u0131 kaybetti ve protez bacak tak\u0131larak hayat\u0131na yeniden ba\u015flad\u0131.<\/p>\n<p><strong>EVLEND\u0130, \u00c7OCUK SAH\u0130B\u0130 OLDU<\/strong><\/p>\n<p>Depremin ard\u0131ndan protez bacaklar\u0131yla yeni bir ya\u015fama ba\u015flayan Y\u00fcksek, Nur Y\u00fcksek ile evlendi ve \u00e7ocuk sahibi oldu.<\/p>\n<p>Ya\u015fam\u0131na evlad\u0131 ve e\u015fiyle devam eden Y\u00fcksek; protezi sayesinde araba s\u00fcrebiliyor ve \u00e7ok sevdi\u011fi ailesiyle \u00f6zg\u00fcrce gezebiliyor.<\/p>\n<p>Depremden sonra evlenip \u00e7ocu\u011fum olaca\u011f\u0131n\u0131 hi\u00e7 d\u00fc\u015f\u00fcnmedi\u011fini ifade eden depremzede Y\u00fcksek, depremden sonra tan\u0131\u015ft\u0131\u011f\u0131 e\u015fi Nur ve evlad\u0131 Yasin Poyraz&#8217;la mutlulukla hayat\u0131na devam etti\u011fini s\u00f6yledi.<\/p>\n<p><img decoding=\"async\" src=\"https:\/\/bihavadis.com\/wp-content\/uploads\/2026\/02\/hatayda-depremzede-emre-yeniden-hayata-tutundu-0-gT5ySdlx.jpg\"\/><\/p>\n<p><strong>&#8220;ENKAZIN ALTINDA YA\u015eADI\u011eIM DURUMLAR&#8230;&#8221;<\/strong><\/p>\n<p>Depremde bacaklar\u0131n\u0131 kaybettikten sonra evlenip \u00e7ocuk sahibi olan Emre Y\u00fcksek, <em><b>&#8220;6 \u015eubat depremine Elektrik Mahallesi&#8217;nde yakalanm\u0131\u015ft\u0131m. Ankara&#8217;da bir hastanede sa\u011f sol diz alt\u0131 iki baca\u011f\u0131m kesilmi\u015fti. Hay\u0131rseverlerimizin deste\u011fiyle birlikte yeni protezlerime kavu\u015ftum. Allah onlardan da raz\u0131 olsun. <\/b><\/em><\/p>\n<p><em><b>Onlara da buradan \u00e7ok te\u015fekk\u00fcr ederim. Her 6 \u015eubat geldi\u011finde \u00fcz\u00fcnt\u00fcler i\u00e7erisindeyiz ve memleket sevdam\u0131z var. Depremden sonras\u0131nda evlendim ve bir \u00e7ocu\u011fum oldu. Kendileriyle birlikte konteyner da ya\u015f\u0131yorum. Ailemle birlikte mutluyum ve ya\u015fant\u0131ma devam ediyorum. Mutlu bir \u015fekilde ya\u015fayaca\u011f\u0131m\u0131 d\u00fc\u015f\u00fcnm\u00fcyordum ister istemez enkaz\u0131n alt\u0131ndaki psikolojiye tabii ki \u00e7ok k\u00f6t\u00fc oluyor. <\/b><\/em><\/p>\n<p><em><b>Ama daha sonras\u0131nda birisi bana gelip dese ki evleneceksin, bir \u00e7ocu\u011fun olacak, mutlu bir \u015fekilde ya\u015fam\u0131na devam edeceksin deseydi buna biraz zor karar verirdim.<\/b><\/em><\/p>\n<p><em><b> \u00c7\u00fcnk\u00fc o enkaz\u0131n alt\u0131nda ya\u015fad\u0131\u011f\u0131m durumlar ve s\u0131k\u0131\u015ft\u0131\u011f\u0131m zamanlar hi\u00e7bir zaman akl\u0131mdan gitmiyor. Dedi\u011fim gibi evlenip mutlu olaca\u011f\u0131m hi\u00e7bir zaman akl\u0131ma gelmezdi. \u015eu an evliyim ve mutluyum&#8221;<\/b><\/em> dedi.<\/p>\n<p><img decoding=\"async\" src=\"https:\/\/bihavadis.com\/wp-content\/uploads\/2026\/02\/hatayda-depremzede-emre-yeniden-hayata-tutundu-1-CxMsHTI7.jpg\"\/><\/p>\n<p><strong>&#8220;E\u015e\u0130MLE DEPREMCDEN SONRA TANI\u015eTIK&#8221;<\/strong><\/p>\n<p>Protezleriyle \u00e7ocu\u011funu kuca\u011f\u0131na al\u0131p, e\u015fiyle el ele y\u00fcr\u00fcmenin mutlulu\u011funu ya\u015fayan Y\u00fcksek, <em><b>&#8220;E\u015fimle depremden sonra tan\u0131\u015ft\u0131k, o zamanlarda hala benim psikolojik s\u0131k\u0131nt\u0131lar\u0131m devam ediyordu. E\u015fim bu durumda en b\u00fcy\u00fck destek\u00e7im oldu, depremden sonras\u0131nda s\u00fcrekli yan\u0131mda durdu. <\/b><\/em><\/p>\n<p><em><b>Kendisiyle birlikte bir hayat kurmaya karar verdik, evlendik ve \u015fu anda hala yan\u0131mda durmaya devam ediyor. Her 6 \u015eubat g\u00fcn\u00fc geldi\u011finde hangi tarih hangi y\u0131l olursa olsun o an ayaklar\u0131m\u0131n gitmesi, enkazda s\u0131k\u0131\u015fmam\u0131 ve ben d\u0131\u015far\u0131y\u0131 g\u00f6remiyordum. Antakya&#8217;n\u0131n durumunu hastanedeyken telefon da izledim. <\/b><\/em><\/p>\n<p><em><b>B\u00f6yle bir durumun ac\u0131s\u0131 unutulamaz ve bir\u00e7ok ki\u015finin \u00fczerinde bir\u00e7ok vatanda\u015f\u0131m\u0131z\u0131n, abilerimin, karde\u015flerimin \u00fczerinde \u00e7ok b\u00fcy\u00fck bir etki b\u0131rakt\u0131. <\/b><\/em><\/p>\n<p><em><b>Bu sebepten dolay\u0131 hangi y\u0131l olursa olsun 6 \u015eubat g\u00fcn\u00fc unutulamayacak bir tarih oldu. Protezle \u015fu an y\u00fcr\u00fcyebiliyorum, arabay\u0131 da rahat rahat kullanabiliyorum. Araba manuel veya otomatik olsun, protezlerim \u00e7ok b\u00fcy\u00fck bir rahatl\u0131\u011f\u0131 oldu. Bu sebepten dolay\u0131 b\u00fct\u00fcn herkese tekrar te\u015fekk\u00fcr ediyorum. <\/b><\/em><\/p>\n<p><em><b>\u00c7ocu\u011fumu kuca\u011f\u0131ma al\u0131p da y\u00fcr\u00fcyebiliyorum. E\u015fimle el ele tutu\u015fup parkta da y\u00fcr\u00fcyebiliyorum. Bu sebep dolay\u0131 ger\u00e7ekten \u00e7ok rahat\u0131m ve tekrardan \u00e7ok te\u015fekk\u00fcr ediyorum<\/b><\/em>&#8221; ifadelerini kulland\u0131.<\/p>\n<p><img decoding=\"async\" src=\"https:\/\/bihavadis.com\/wp-content\/uploads\/2026\/02\/hatayda-depremzede-emre-yeniden-hayata-tutundu-2-lSOzX67e.jpg\"\/><\/p>\n<p><img decoding=\"async\" src=\"https:\/\/bihavadis.com\/wp-content\/uploads\/2026\/02\/hatayda-depremzede-emre-yeniden-hayata-tutundu-3-YFdTxrlR.jpg\"\/><\/p>\n<p><img decoding=\"async\" src=\"https:\/\/bihavadis.com\/wp-content\/uploads\/2026\/02\/hatayda-depremzede-emre-yeniden-hayata-tutundu-4-Wm5XabpK.jpg\"\/><\/p>\n","protected":false},"excerpt":{"rendered":"<p>Hatay&#8217;da depremde 2 baca\u011f\u0131 ampute olan ve protez bacaklar\u0131 sayesinde yeniden ya\u015fama tutunan 22 ya\u015f\u0131ndaki Emre Y\u00fcksek, asr\u0131n felaketi sonras\u0131nda evlenerek evlat sahibi oldu.<\/p>\n","protected":false},"author":1,"featured_media":10290,"comment_status":"open","ping_status":"open","sticky":false,"template":"","format":"standard","meta":{"footnotes":""},"categories":[4,13],"tags":[2252,1036,2251,1000],"class_list":["post-10289","post","type-post","status-publish","format-standard","has-post-thumbnail","hentry","category-gundem","category-son-dakika","tag-depremden-sonra","tag-mutlu","tag-protez","tag-yuksek"],"_links":{"self":[{"href":"https:\/\/bihavadis.com\/index.php\/wp-json\/wp\/v2\/posts\/10289","targetHints":{"allow":["GET"]}}],"collection":[{"href":"https:\/\/bihavadis.com\/index.php\/wp-json\/wp\/v2\/posts"}],"about":[{"href":"https:\/\/bihavadis.com\/index.php\/wp-json\/wp\/v2\/types\/post"}],"author":[{"embeddable":true,"href":"https:\/\/bihavadis.com\/index.php\/wp-json\/wp\/v2\/users\/1"}],"replies":[{"embeddable":true,"href":"https:\/\/bihavadis.com\/index.php\/wp-json\/wp\/v2\/comments?post=10289"}],"version-history":[{"count":1,"href":"https:\/\/bihavadis.com\/index.php\/wp-json\/wp\/v2\/posts\/10289\/revisions"}],"predecessor-version":[{"id":10296,"href":"https:\/\/bihavadis.com\/index.php\/wp-json\/wp\/v2\/posts\/10289\/revisions\/10296"}],"wp:featuredmedia":[{"embeddable":true,"href":"https:\/\/bihavadis.com\/index.php\/wp-json\/wp\/v2\/media\/10290"}],"wp:attachment":[{"href":"https:\/\/bihavadis.com\/index.php\/wp-json\/wp\/v2\/media?parent=10289"}],"wp:term":[{"taxonomy":"category","embeddable":true,"href":"https:\/\/bihavadis.com\/index.php\/wp-json\/wp\/v2\/categories?post=10289"},{"taxonomy":"post_tag","embeddable":true,"href":"https:\/\/bihavadis.com\/index.php\/wp-json\/wp\/v2\/tags?post=10289"}],"curies":[{"name":"wp","href":"https:\/\/api.w.org\/{rel}","templated":true}]}}