{"id":10362,"date":"2026-02-01T19:12:10","date_gmt":"2026-02-01T19:12:10","guid":{"rendered":"https:\/\/bihavadis.com\/?p=10362"},"modified":"2026-02-01T19:12:10","modified_gmt":"2026-02-01T19:12:10","slug":"izmirde-yanginda-olen-down-sendromlu-eymenin-babasi-konustu","status":"publish","type":"post","link":"https:\/\/bihavadis.com\/index.php\/2026\/02\/01\/izmirde-yanginda-olen-down-sendromlu-eymenin-babasi-konustu\/","title":{"rendered":"\u0130zmir&#8217;de yang\u0131nda \u00f6len down sendromlu Eymen&#8217;in babas\u0131 konu\u015ftu"},"content":{"rendered":"<p>\u0130zmir&#8217;in Buca il\u00e7esi G\u00f6ksu Mahallesi 679\/28 Sokak&#8217;taki 4 katl\u0131 apartman\u0131n giri\u015f kat\u0131ndaki dairede, 28 Ocak\u2019ta ak\u015fam saatlerinde yang\u0131n \u00e7\u0131kt\u0131.<\/p>\n<p>Binadakilerin ihbar\u0131yla adrese \u00e7ok say\u0131da itfaiye, polis ve sa\u011fl\u0131k ekipleri sevk edildi.<\/p>\n<p><strong>M\u0130N\u0130K EYMEN HAYATINI KAYBETT\u0130 <\/strong><\/p>\n<p>Ekiplerin \u00e7al\u0131\u015fmas\u0131yla yang\u0131n k\u0131sa s\u00fcrede s\u00f6nd\u00fcr\u00fcl\u00fcrken down sendromlu Eymen Ayaz \u00c7al\u0131\u015fkan&#8217;\u0131n, mahsur kald\u0131\u011f\u0131 yatak odas\u0131nda hayat\u0131n\u0131 kaybetti\u011fi belirlendi.<\/p>\n<p>\u00c7al\u0131\u015fkan&#8217;\u0131n cans\u0131z bedeni, otopsi i\u00e7in \u0130zmir Adli T\u0131p Kurumu morguna kald\u0131r\u0131ld\u0131.<\/p>\n<p><img decoding=\"async\" src=\"https:\/\/bihavadis.com\/wp-content\/uploads\/2026\/02\/izmirde-yanginda-olen-down-sendromlu-eymenin-babasi-konustu-0-JIu8KWXX.jpg\"\/><\/p>\n<p><strong>O\u011eLUNU KURTARAMAMI\u015e<\/strong><\/p>\n<p>Anne Emine \u00c7al\u0131\u015fkan&#8217;\u0131n (54) yang\u0131n s\u0131ras\u0131nda mutfakta oldu\u011fu, di\u011fer \u00e7ocu\u011fuyla birlikte d\u0131\u015far\u0131 \u00e7\u0131kt\u0131\u011f\u0131 ancak alevlerin k\u0131sa s\u00fcrede b\u00fcy\u00fcmesi nedeniyle Eymen Ayaz&#8217;\u0131 kurtaramad\u0131\u011f\u0131 belirtildi.<\/p>\n<p>Ayr\u0131ca Eymen Ayaz&#8217;\u0131n evde mum ve \u00e7akmakla oynad\u0131\u011f\u0131, yang\u0131n\u0131n da bu nedenle \u00e7\u0131kt\u0131\u011f\u0131 \u00f6ne s\u00fcr\u00fcld\u00fc.<\/p>\n<p><strong>A\u011eABEY\u0130N\u0130N \u00d6LD\u00dc\u011e\u00dc G\u00dcN D\u00dcNYAYA GELM\u0130\u015e <\/strong><\/p>\n<p>\u00d6te yandan, \u00c7al\u0131\u015fkan \u00e7iftinin di\u011fer o\u011fullar\u0131 Enes \u00c7al\u0131\u015fkan&#8217;\u0131n trafik kazas\u0131nda ya\u015fam\u0131n\u0131 yitirdi\u011fi, Eymen Ayaz&#8217;\u0131n bu kazadan 4 y\u0131l sonra d\u00fcnyaya geldi\u011fi belirtildi.<\/p>\n<p><img decoding=\"async\" src=\"https:\/\/bihavadis.com\/wp-content\/uploads\/2026\/02\/izmirde-yanginda-olen-down-sendromlu-eymenin-babasi-konustu-1-7aPcez8h.jpg\"\/><\/p>\n<p><strong>CENAZE NAMAZI KILINDI<\/strong><\/p>\n<p>Eymen Ayaz \u00c7al\u0131\u015fkan i\u00e7in bug\u00fcn ikindi vakti Buca&#8217;daki Ye\u015filba\u011flar Camisi&#8217;nde cenaze namaz\u0131 k\u0131l\u0131nd\u0131. Cenazede, Emine-Hasan \u00c7al\u0131\u015fkan \u00e7ifti, yak\u0131nlar\u0131 ve vatanda\u015flar yer ald\u0131.<\/p>\n<p>\u00c7al\u0131\u015fkan&#8217;\u0131n cenazesi, namaz\u0131n ard\u0131ndan Yeni Ans\u0131zca Mezarl\u0131\u011f\u0131&#8217;nda topra\u011fa verildi.<\/p>\n<p><strong>&#8220;YO\u011eUN DUMAN VE ALEVLER NEDEN\u0130YLE KURTARAMAMI\u015eLAR&#8221;<\/strong><\/p>\n<p>Olay g\u00fcn\u00fc Ayd\u0131n&#8217;\u0131n \u00c7ine il\u00e7esinde oldu\u011funu belirten baba Hasan \u00c7al\u0131\u015fkan, <em><b>&#8220;Ev sahibim arad\u0131, evden duman y\u00fckseldi\u011fini s\u00f6yledi. E\u015fimi arad\u0131m. &#8216;Eymen Ayaz&#8217;\u0131 \u00e7\u0131karamad\u0131m&#8217; dedi. Yo\u011fun duman ve alevler nedeniyle kurtaramam\u0131\u015flar. E\u015fimin anlatt\u0131\u011f\u0131na g\u00f6re Eymen&#8217;in elinde mum ve \u00e7akmak varm\u0131\u015f. Annesi mumu al\u0131p atm\u0131\u015f, \u00e7akma\u011f\u0131 saklam\u0131\u015f. San\u0131r\u0131m saklad\u0131\u011f\u0131 yeri g\u00f6rd\u00fc. Annesi mutfaktayken ate\u015fle oynad\u0131\u011f\u0131 ve yang\u0131n\u0131n bu \u015fekilde \u00e7\u0131kt\u0131\u011f\u0131 s\u00f6yleniyor.&#8221;<\/b><\/em> dedi.<\/p>\n<p><img decoding=\"async\" src=\"https:\/\/bihavadis.com\/wp-content\/uploads\/2026\/02\/izmirde-yanginda-olen-down-sendromlu-eymenin-babasi-konustu-2-D6MlDm62.jpg\"\/><\/p>\n<p><strong>&#8220;NASIL GELD\u0130\u011e\u0130M\u0130 HATIRLAMIYORUM&#8221;<\/strong><\/p>\n<p>O\u011flunu kaybetmenin b\u00fcy\u00fck bir ac\u0131 oldu\u011funu s\u00f6yleyen \u00c7al\u0131\u015fkan, <em><b>&#8220;Yola \u00e7\u0131kt\u0131m ama nas\u0131l geldi\u011fimi hat\u0131rlam\u0131yorum. Aileler dikkatli olsunlar. B\u00f6yle \u00f6zel \u00e7ocuklar\u0131 kendi hallerine b\u0131rakmas\u0131nlar, takip etsinler.&#8221; <\/b><\/em>ifadelerini kulland\u0131.<\/p>\n<p><strong>&#8220;BENDEN EN SON C\u0130PS VE KOLA \u0130STEM\u0130\u015eT\u0130&#8221;<\/strong><\/p>\n<p>Eymen Ayaz&#8217;\u0131n boks\u00f6r olmay\u0131 \u00e7ok istedi\u011fini dile getiren Hasan \u00c7al\u0131\u015fkan, <em><b>&#8220;Bir g\u00fcn \u00f6nce spor salonuna yazd\u0131racakt\u0131m ancak \u00f6zel durumu nedeniyle almad\u0131lar. En son yang\u0131ndan yakla\u015f\u0131k yar\u0131m saat \u00f6nce konu\u015fmu\u015ftuk. Benden kola ve cips istemi\u015fti. Onun son dile\u011fini yerine getiremedi\u011fim i\u00e7in \u00fczg\u00fcn\u00fcm.&#8221;<\/b><\/em> dedi.<\/p>\n<p><img decoding=\"async\" src=\"https:\/\/bihavadis.com\/wp-content\/uploads\/2026\/02\/izmirde-yanginda-olen-down-sendromlu-eymenin-babasi-konustu-3-bXX4aGGj.jpg\"\/><\/p>\n<p><strong>&#8220;O\u011eLUMUN \u00d6LD\u00dc\u011e\u00dc G\u00dcN DO\u011eMU\u015eTU, \u00dcZER\u0130NE T\u0130TR\u0130YORDUK&#8221;<\/strong><\/p>\n<p>2010 y\u0131l\u0131nda di\u011fer o\u011flu Enes&#8217;i trafik kazas\u0131nda kaybettiklerini de anlatan \u00c7al\u0131\u015fkan, <em><b>&#8220;Pazara yaya giderken viraj\u0131 alamayan minib\u00fcs bize \u00e7arpt\u0131. Ben yaraland\u0131m, o\u011flum hayat\u0131n\u0131 kaybetti. Eymen, Enes&#8217;in \u00f6ld\u00fc\u011f\u00fc g\u00fcn olan 18 Nisan&#8217;da do\u011fmu\u015ftu. \u00dczerine titriyorduk.&#8221; <\/b><\/em>diye konu\u015ftu.\u00a0<\/p>\n<p><img decoding=\"async\" src=\"https:\/\/bihavadis.com\/wp-content\/uploads\/2026\/02\/izmirde-yanginda-olen-down-sendromlu-eymenin-babasi-konustu-4-xNwKgVqF.jpg\"\/><\/p>\n<p><img decoding=\"async\" src=\"https:\/\/bihavadis.com\/wp-content\/uploads\/2026\/02\/izmirde-yanginda-olen-down-sendromlu-eymenin-babasi-konustu-5-DZRYrVYW.jpg\"\/><\/p>\n","protected":false},"excerpt":{"rendered":"<p>Buca il\u00e7esinde evde \u00e7\u0131kan yang\u0131nda hayat\u0131n\u0131 kaybeden 11 ya\u015f\u0131ndaki down sendromlu Eymen Ayaz \u00c7al\u0131\u015fkan&#8217;\u0131n 16 y\u0131l \u00f6nce trafik kazas\u0131nda \u00f6len a\u011fabeyi Enes \u00c7al\u0131\u015fkan&#8217;\u0131n olay\u0131ndan 4 y\u0131l sonra ya\u015fam\u0131n\u0131 yitirdi\u011fi g\u00fcn d\u00fcnyaya geldi\u011fi ortaya \u00e7\u0131kt\u0131.<\/p>\n","protected":false},"author":1,"featured_media":10363,"comment_status":"open","ping_status":"open","sticky":false,"template":"","format":"standard","meta":{"footnotes":""},"categories":[4,13],"tags":[2266,236,254,600],"class_list":["post-10362","post","type-post","status-publish","format-standard","has-post-thumbnail","hentry","category-gundem","category-son-dakika","tag-caliskan","tag-gun","tag-oglu","tag-yangin"],"_links":{"self":[{"href":"https:\/\/bihavadis.com\/index.php\/wp-json\/wp\/v2\/posts\/10362","targetHints":{"allow":["GET"]}}],"collection":[{"href":"https:\/\/bihavadis.com\/index.php\/wp-json\/wp\/v2\/posts"}],"about":[{"href":"https:\/\/bihavadis.com\/index.php\/wp-json\/wp\/v2\/types\/post"}],"author":[{"embeddable":true,"href":"https:\/\/bihavadis.com\/index.php\/wp-json\/wp\/v2\/users\/1"}],"replies":[{"embeddable":true,"href":"https:\/\/bihavadis.com\/index.php\/wp-json\/wp\/v2\/comments?post=10362"}],"version-history":[{"count":1,"href":"https:\/\/bihavadis.com\/index.php\/wp-json\/wp\/v2\/posts\/10362\/revisions"}],"predecessor-version":[{"id":10370,"href":"https:\/\/bihavadis.com\/index.php\/wp-json\/wp\/v2\/posts\/10362\/revisions\/10370"}],"wp:featuredmedia":[{"embeddable":true,"href":"https:\/\/bihavadis.com\/index.php\/wp-json\/wp\/v2\/media\/10363"}],"wp:attachment":[{"href":"https:\/\/bihavadis.com\/index.php\/wp-json\/wp\/v2\/media?parent=10362"}],"wp:term":[{"taxonomy":"category","embeddable":true,"href":"https:\/\/bihavadis.com\/index.php\/wp-json\/wp\/v2\/categories?post=10362"},{"taxonomy":"post_tag","embeddable":true,"href":"https:\/\/bihavadis.com\/index.php\/wp-json\/wp\/v2\/tags?post=10362"}],"curies":[{"name":"wp","href":"https:\/\/api.w.org\/{rel}","templated":true}]}}