{"id":10450,"date":"2026-02-01T20:09:03","date_gmt":"2026-02-01T20:09:03","guid":{"rendered":"https:\/\/bihavadis.com\/?p=10450"},"modified":"2026-02-01T20:09:03","modified_gmt":"2026-02-01T20:09:03","slug":"sakaryada-2025-istihdam-verileri-aciklandi","status":"publish","type":"post","link":"https:\/\/bihavadis.com\/index.php\/2026\/02\/01\/sakaryada-2025-istihdam-verileri-aciklandi\/","title":{"rendered":"Sakarya&#8217;da 2025 \u0130stihdam Verileri A\u00e7\u0131kland\u0131"},"content":{"rendered":"<p> Sakarya&#8217;da 2025 i\u015f g\u00fcc\u00fc ve istihdam verileri payla\u015f\u0131ld\u0131.<\/p>\n<p>Sakarya Valisi Rahmi Do\u011fan ba\u015fkanl\u0131\u011f\u0131nda d\u00fczenlenen \u0130l \u0130stihdam ve Mesleki E\u011fitim Kurulu 2026 y\u0131l\u0131 1. Ola\u011fan Toplant\u0131s\u0131&#8217;nda, 2024\u20132025 y\u0131llar\u0131na ait d\u00f6nemsel istihdam faaliyetleri \u00fcyelerle payla\u015f\u0131ld\u0131.<\/p>\n<p>Valilikten yap\u0131lan yaz\u0131l\u0131 a\u00e7\u0131klamada, Emeklilikte Ya\u015fa Tak\u0131lanlar (EYT) kapsam\u0131 \u00f6ncesi Mart 2023&#8217;te 276 bin 659 olarak kaydedilen SGK&#8217;l\u0131 \u00e7al\u0131\u015fan say\u0131s\u0131n\u0131n, Kas\u0131m 2025 itibariyle 282 bin s\u0131n\u0131r\u0131n\u0131 a\u015ft\u0131\u011f\u0131 belirtildi.<\/p>\n<p>Sakarya \u00c7al\u0131\u015fma ve \u0130\u015f Kurumu (\u0130\u015eKUR) arac\u0131l\u0131\u011f\u0131 ile 2025 y\u0131l\u0131nda 29 bin 229 ki\u015finin istihdama kat\u0131ld\u0131\u011f\u0131 bildirilen a\u00e7\u0131klamada, Sakarya Esnaf Sanatkarlar Odalar\u0131 Birli\u011fine kay\u0131tl\u0131 i\u015f yeri say\u0131lar\u0131n\u0131n 35 bin 432 olarak de\u011fi\u015fmedi\u011fi, Sakarya Ticaret ve Sanayi Odas\u0131 kay\u0131tlar\u0131na g\u00f6re ise yeni kurulan ve faaliyetine devam eden \u015firket say\u0131lar\u0131nda y\u00fczde 6&#8217;l\u0131k art\u0131\u015fla 19 bin 260 olarak ger\u00e7ekle\u015fti\u011fi kaydedildi.<\/p>\n<p>A\u00e7\u0131klamada g\u00f6r\u00fc\u015flerine yer verilen Vali Do\u011fan, kay\u0131tl\u0131 istihdam\u0131n EYT ile ilgili d\u00fczenleme \u00f6ncesi seviyeye ula\u015ft\u0131\u011f\u0131n\u0131 ifade etti.<\/p>\n<p>Sakarya&#8217;da \u00fcretim ve istihdam\u0131n istikrarl\u0131 \u015fekilde devam etti\u011fini vurgulayan Do\u011fan, &#8220;SGK verilerine g\u00f6re 2025 Kas\u0131m itibar\u0131yla 4\/A sigortal\u0131 \u00e7al\u0131\u015fan say\u0131s\u0131n\u0131n 282 bin 472, 4\/B sigortal\u0131lar (BA\u011eKUR) 36 bin 699, 4\/C sigortal\u0131lar (Emekli Sand\u0131\u011f\u0131) 42 bin 286, toplam\u0131 da 364 bin 457 olarak ger\u00e7ekle\u015fmi\u015ftir. Ayr\u0131ca, SGK kay\u0131tlar\u0131ndaki i\u015f yeri say\u0131lar\u0131n\u0131n yakla\u015f\u0131k y\u00fczde 4&#8217;l\u00fck art\u0131\u015fla 32 bin 346&#8217;ya ula\u015ft\u0131\u011f\u0131 g\u00f6r\u00fclm\u00fc\u015ft\u00fcr. Bu tablo, ilimizde \u00fcretimin ve istihdam\u0131n bundan sonraki s\u00fcre\u00e7te de istikrarl\u0131 \u015fekilde devam edece\u011fini g\u00f6stermektedir.&#8221; de\u011ferlendirmesinde bulundu.<\/p>\n<p>\u0130\u015eKUR \u0130l M\u00fcd\u00fcr\u00fc Tekin Kaya, i\u015fverenlerden 2025 y\u0131l\u0131ndan itibaren 52 bin 910 ki\u015filik i\u015f g\u00fcc\u00fc talebi al\u0131nd\u0131\u011f\u0131, i\u015f arayan 29 bin 229 ki\u015finin ise kurum arac\u0131l\u0131\u011f\u0131yla istihdama kat\u0131ld\u0131\u011f\u0131n\u0131 belirtti.<\/p>\n<p>Kaya, kurum arac\u0131l\u0131\u011f\u0131yla i\u015fe yerle\u015fenlerden 11 bin 557&#8217;sinin kad\u0131n, 10 bin 686&#8217;s\u0131n\u0131n gen\u00e7, 827&#8217;sinin de engelli oldu\u011funu aktararak, ayr\u0131ca 470 milyon lira \u00f6denekle d\u00fczenlenen istihdam garantili kurslar ve \u00e7e\u015fitli programlardan 10 bin 100 ki\u015finin faydaland\u0131\u011f\u0131n\u0131 payla\u015ft\u0131.<\/p>\n<p>Toplant\u0131da, 2025 y\u0131l\u0131n\u0131n istihdam verileri ile il genelinde y\u00fcr\u00fct\u00fclen istihdam ve mesleki e\u011fitim faaliyetleri ve gelecek d\u00f6neme ili\u015fkin \u00e7al\u0131\u015fmalar ele al\u0131nd\u0131, \u0130\u015eKUR Sakarya \u0130l M\u00fcd\u00fcrl\u00fc\u011f\u00fcn\u00fcn hedef ve performans sistemine ili\u015fkin \u00e7al\u0131\u015fmalar\u0131 de\u011ferlendirildi.<\/p>\n","protected":false},"excerpt":{"rendered":"<p>Sakarya&#8217;da 2025 istihdam verileri de\u011ferlendirildi, SGK&#8217;l\u0131 \u00e7al\u0131\u015fan say\u0131s\u0131 282 bin 472&#8217;ye ula\u015ft\u0131.<\/p>\n","protected":false},"author":1,"featured_media":0,"comment_status":"open","ping_status":"open","sticky":false,"template":"","format":"standard","meta":{"footnotes":""},"categories":[8],"tags":[487,395,416,1914],"class_list":["post-10450","post","type-post","status-publish","format-standard","hentry","category-ekonomi","tag-487","tag-is","tag-istihdam","tag-sakarya"],"_links":{"self":[{"href":"https:\/\/bihavadis.com\/index.php\/wp-json\/wp\/v2\/posts\/10450","targetHints":{"allow":["GET"]}}],"collection":[{"href":"https:\/\/bihavadis.com\/index.php\/wp-json\/wp\/v2\/posts"}],"about":[{"href":"https:\/\/bihavadis.com\/index.php\/wp-json\/wp\/v2\/types\/post"}],"author":[{"embeddable":true,"href":"https:\/\/bihavadis.com\/index.php\/wp-json\/wp\/v2\/users\/1"}],"replies":[{"embeddable":true,"href":"https:\/\/bihavadis.com\/index.php\/wp-json\/wp\/v2\/comments?post=10450"}],"version-history":[{"count":1,"href":"https:\/\/bihavadis.com\/index.php\/wp-json\/wp\/v2\/posts\/10450\/revisions"}],"predecessor-version":[{"id":10451,"href":"https:\/\/bihavadis.com\/index.php\/wp-json\/wp\/v2\/posts\/10450\/revisions\/10451"}],"wp:attachment":[{"href":"https:\/\/bihavadis.com\/index.php\/wp-json\/wp\/v2\/media?parent=10450"}],"wp:term":[{"taxonomy":"category","embeddable":true,"href":"https:\/\/bihavadis.com\/index.php\/wp-json\/wp\/v2\/categories?post=10450"},{"taxonomy":"post_tag","embeddable":true,"href":"https:\/\/bihavadis.com\/index.php\/wp-json\/wp\/v2\/tags?post=10450"}],"curies":[{"name":"wp","href":"https:\/\/api.w.org\/{rel}","templated":true}]}}