{"id":10490,"date":"2026-02-01T20:39:05","date_gmt":"2026-02-01T20:39:05","guid":{"rendered":"https:\/\/bihavadis.com\/?p=10490"},"modified":"2026-02-01T20:39:05","modified_gmt":"2026-02-01T20:39:05","slug":"eymenin-cenazesi-defnedildi","status":"publish","type":"post","link":"https:\/\/bihavadis.com\/index.php\/2026\/02\/01\/eymenin-cenazesi-defnedildi\/","title":{"rendered":"Eymen&#8217;in Cenazesi Defnedildi"},"content":{"rendered":"<p> \u0130zmir&#8217;in Buca il\u00e7esinde d\u00fcn evinde \u00e7\u0131kan yang\u0131nda hayat\u0131n\u0131 kaybeden down sendromlu 11 ya\u015f\u0131ndaki \u00e7ocu\u011fun cenazesi topra\u011fa verildi.<\/p>\n<p>G\u00f6ksu Mahallesi&#8217;ndeki 4 katl\u0131 apartman\u0131n giri\u015f kat\u0131ndaki dairede d\u00fcn \u00e7\u0131kan yang\u0131nda ya\u015fam\u0131n\u0131 yitiren down sendromlu Eymen A.\u00c7&#8217;nin (11) cenazesi, ailesi taraf\u0131ndan \u0130zmir Adli T\u0131p Kurumu morgundan al\u0131narak Buca il\u00e7esindeki Ye\u015filba\u011flar Camisi&#8217;ne getirildi.<\/p>\n<p>Burada ikindi vakti k\u0131l\u0131nan cenaze namaz\u0131n\u0131n ard\u0131ndan Eymen A.\u00c7&#8217;nin cenazesi, Kemalpa\u015fa Ans\u0131zca Mezarl\u0131\u011f\u0131&#8217;nda defnedildi.<\/p>\n<p>Olay<\/p>\n<p>G\u00f6ksu Mahallesi&#8217;ndeki 4 katl\u0131 bir apartman\u0131n giri\u015f kat\u0131ndaki dairede d\u00fcn \u00e7\u0131kan yang\u0131nda, down sendromlu Eymen A.\u00c7&#8217;nin (11) hayat\u0131n\u0131 kaybetti\u011fi belirlenmi\u015fti.<\/p>\n<p>Yang\u0131n s\u0131ras\u0131nda evde bulunan anne Emine \u00c7&#8217;nin (54) emniyetteki ifadesinde, yemek yapt\u0131\u011f\u0131 s\u0131rada o\u011flunun \u00e7akmak ve mumlarla oynamas\u0131 sonucu yang\u0131n\u0131n \u00e7\u0131kt\u0131\u011f\u0131n\u0131, \u00e7ocu\u011funu odadan \u00e7\u0131karmaya \u00e7al\u0131\u015ft\u0131\u011f\u0131n\u0131 ancak alevlerin k\u0131sa s\u00fcrede b\u00fcy\u00fcmesi nedeniyle ba\u015far\u0131l\u0131 olamad\u0131\u011f\u0131n\u0131, 14 ya\u015f\u0131ndaki di\u011fer \u00e7ocu\u011fuyla evden d\u0131\u015far\u0131 \u00e7\u0131kt\u0131\u011f\u0131n\u0131 belirtmi\u015fti.<\/p>\n","protected":false},"excerpt":{"rendered":"<p>\u0130zmir Buca&#8217;da yang\u0131nda hayat\u0131n\u0131 kaybeden 11 ya\u015f\u0131ndaki Eymen A.\u00c7&#8217;nin cenazesi topra\u011fa verildi.<\/p>\n","protected":false},"author":1,"featured_media":10491,"comment_status":"open","ping_status":"open","sticky":false,"template":"","format":"standard","meta":{"footnotes":""},"categories":[9,4,13],"tags":[600],"class_list":["post-10490","post","type-post","status-publish","format-standard","has-post-thumbnail","hentry","category-genel","category-gundem","category-son-dakika","tag-yangin"],"_links":{"self":[{"href":"https:\/\/bihavadis.com\/index.php\/wp-json\/wp\/v2\/posts\/10490","targetHints":{"allow":["GET"]}}],"collection":[{"href":"https:\/\/bihavadis.com\/index.php\/wp-json\/wp\/v2\/posts"}],"about":[{"href":"https:\/\/bihavadis.com\/index.php\/wp-json\/wp\/v2\/types\/post"}],"author":[{"embeddable":true,"href":"https:\/\/bihavadis.com\/index.php\/wp-json\/wp\/v2\/users\/1"}],"replies":[{"embeddable":true,"href":"https:\/\/bihavadis.com\/index.php\/wp-json\/wp\/v2\/comments?post=10490"}],"version-history":[{"count":1,"href":"https:\/\/bihavadis.com\/index.php\/wp-json\/wp\/v2\/posts\/10490\/revisions"}],"predecessor-version":[{"id":10492,"href":"https:\/\/bihavadis.com\/index.php\/wp-json\/wp\/v2\/posts\/10490\/revisions\/10492"}],"wp:featuredmedia":[{"embeddable":true,"href":"https:\/\/bihavadis.com\/index.php\/wp-json\/wp\/v2\/media\/10491"}],"wp:attachment":[{"href":"https:\/\/bihavadis.com\/index.php\/wp-json\/wp\/v2\/media?parent=10490"}],"wp:term":[{"taxonomy":"category","embeddable":true,"href":"https:\/\/bihavadis.com\/index.php\/wp-json\/wp\/v2\/categories?post=10490"},{"taxonomy":"post_tag","embeddable":true,"href":"https:\/\/bihavadis.com\/index.php\/wp-json\/wp\/v2\/tags?post=10490"}],"curies":[{"name":"wp","href":"https:\/\/api.w.org\/{rel}","templated":true}]}}