{"id":10539,"date":"2026-02-01T21:18:08","date_gmt":"2026-02-01T21:18:08","guid":{"rendered":"https:\/\/bihavadis.com\/?p=10539"},"modified":"2026-02-01T21:18:08","modified_gmt":"2026-02-01T21:18:08","slug":"agrida-tipide-araclarinda-mahsur-kaldilar","status":"publish","type":"post","link":"https:\/\/bihavadis.com\/index.php\/2026\/02\/01\/agrida-tipide-araclarinda-mahsur-kaldilar\/","title":{"rendered":"A\u011fr\u0131&#8217;da tipide ara\u00e7lar\u0131nda mahsur kald\u0131lar"},"content":{"rendered":"<p>A\u011fr\u0131-Ka\u011f\u0131zman kara yolu Ba\u015fkent k\u00f6y\u00fcne 5 kilometre uzakl\u0131kta yo\u011fun tipi nedeniyle ara\u00e7lar\u0131n mahsur kald\u0131\u011f\u0131 ihbar\u0131 yap\u0131ld\u0131.<\/p>\n<p>112 Acil \u00c7a\u011fr\u0131 Merkezi&#8217;ne gelen ihbar sonras\u0131 A\u011fr\u0131 Valili\u011fi koordinesinde \u0130l Jandarma Komutanl\u0131\u011f\u0131, AFAD ve Karayollar\u0131, b\u00f6lgede yo\u011fun \u00e7al\u0131\u015fma y\u00fcr\u00fctt\u00fc.<\/p>\n<p><strong>KAR KALINLI\u011eI 2 METRE<\/strong><\/p>\n<p>Kar kal\u0131nl\u0131\u011f\u0131n\u0131n yer yer 2 metreye ula\u015ft\u0131\u011f\u0131 b\u00f6lgeye ula\u015fan ekipler, i\u015f makineleriyle yol a\u00e7t\u0131.<\/p>\n<p>Ekiplerin yo\u011fun m\u00fccadelesi sonucu ara\u00e7lar\u0131nda mahsur kalan vatanda\u015flar, g\u00fcvenli b\u00f6lgelere tahliye edildi.\u00a0<\/p>\n<p><img decoding=\"async\" src=\"https:\/\/bihavadis.com\/wp-content\/uploads\/2026\/02\/agrida-tipide-araclarinda-mahsur-kaldilar-0-CJ4wJaRL.jpg\"\/><\/p>\n<p><img decoding=\"async\" src=\"https:\/\/bihavadis.com\/wp-content\/uploads\/2026\/02\/agrida-tipide-araclarinda-mahsur-kaldilar-1-MxRiFydJ.jpg\"\/><\/p>\n<p><img decoding=\"async\" src=\"https:\/\/bihavadis.com\/wp-content\/uploads\/2026\/02\/agrida-tipide-araclarinda-mahsur-kaldilar-2-6BzjDueO.jpg\"\/><\/p>\n","protected":false},"excerpt":{"rendered":"<p>A\u011fr\u0131-Ka\u011f\u0131zman kara yolunda tipi nedeniyle ara\u00e7lar\u0131nda mahsur kalan vatanda\u015flar, jandarma, AFAD ve Karayollar\u0131 ekiplerinin \u00e7al\u0131\u015fmas\u0131yla kurtar\u0131ld\u0131.<\/p>\n","protected":false},"author":1,"featured_media":10540,"comment_status":"open","ping_status":"open","sticky":false,"template":"","format":"standard","meta":{"footnotes":""},"categories":[4,13],"tags":[],"class_list":["post-10539","post","type-post","status-publish","format-standard","has-post-thumbnail","hentry","category-gundem","category-son-dakika"],"_links":{"self":[{"href":"https:\/\/bihavadis.com\/index.php\/wp-json\/wp\/v2\/posts\/10539","targetHints":{"allow":["GET"]}}],"collection":[{"href":"https:\/\/bihavadis.com\/index.php\/wp-json\/wp\/v2\/posts"}],"about":[{"href":"https:\/\/bihavadis.com\/index.php\/wp-json\/wp\/v2\/types\/post"}],"author":[{"embeddable":true,"href":"https:\/\/bihavadis.com\/index.php\/wp-json\/wp\/v2\/users\/1"}],"replies":[{"embeddable":true,"href":"https:\/\/bihavadis.com\/index.php\/wp-json\/wp\/v2\/comments?post=10539"}],"version-history":[{"count":1,"href":"https:\/\/bihavadis.com\/index.php\/wp-json\/wp\/v2\/posts\/10539\/revisions"}],"predecessor-version":[{"id":10544,"href":"https:\/\/bihavadis.com\/index.php\/wp-json\/wp\/v2\/posts\/10539\/revisions\/10544"}],"wp:featuredmedia":[{"embeddable":true,"href":"https:\/\/bihavadis.com\/index.php\/wp-json\/wp\/v2\/media\/10540"}],"wp:attachment":[{"href":"https:\/\/bihavadis.com\/index.php\/wp-json\/wp\/v2\/media?parent=10539"}],"wp:term":[{"taxonomy":"category","embeddable":true,"href":"https:\/\/bihavadis.com\/index.php\/wp-json\/wp\/v2\/categories?post=10539"},{"taxonomy":"post_tag","embeddable":true,"href":"https:\/\/bihavadis.com\/index.php\/wp-json\/wp\/v2\/tags?post=10539"}],"curies":[{"name":"wp","href":"https:\/\/api.w.org\/{rel}","templated":true}]}}