{"id":10580,"date":"2026-02-01T21:51:09","date_gmt":"2026-02-01T21:51:09","guid":{"rendered":"https:\/\/bihavadis.com\/?p=10580"},"modified":"2026-02-01T21:51:09","modified_gmt":"2026-02-01T21:51:09","slug":"edirnede-hobisini-gelistirip-elektrikli-bisiklet-tamir-ustasi-oldu","status":"publish","type":"post","link":"https:\/\/bihavadis.com\/index.php\/2026\/02\/01\/edirnede-hobisini-gelistirip-elektrikli-bisiklet-tamir-ustasi-oldu\/","title":{"rendered":"Edirne&#8217;de hobisini geli\u015ftirip elektrikli bisiklet tamir ustas\u0131 oldu"},"content":{"rendered":"<p>Edirne Sanayi Sitesi\u2019nde, elektrikli ara\u00e7 tamiri yapan Yusuf Dobranyal\u0131, \u00e7ocuklu\u011funda elektrik ve elektroni\u011fe merak sald\u0131.<\/p>\n<p>2003 y\u0131l\u0131nda sanayi sitesinde oto y\u0131kamac\u0131 olarak \u00e7al\u0131\u015fma hayat\u0131na giren Dobranyal\u0131, teknolojinin geli\u015fmesiyle 2023 y\u0131l\u0131nda \u00e7ocukluk hobisini mesle\u011fe d\u00f6n\u00fc\u015ft\u00fcrmeye karar verdi.<\/p>\n<p>Sanayide elektrikli bisiklet ve skuter gibi ara\u00e7lar\u0131n tamirini \u00f6\u011frenerek kendi i\u015fletmesini a\u00e7an Dobranyal\u0131 zamanla ustala\u015farak, aranan isim haline geldi.<\/p>\n<p><strong>&#8220;TEKNOLOJ\u0130YE AYAK UYDURMAYA KARAR VERD\u0130M&#8221;<\/strong><\/p>\n<p>Teknolojiyle birlikte ihtiya\u00e7lar\u0131n da artt\u0131\u011f\u0131n\u0131, bu nedenle \u00e7al\u0131\u015fma alan\u0131n\u0131 de\u011fi\u015ftirdi\u011fini anlatan Dobranyal\u0131,<em><b> \u201cOto y\u0131kama sekt\u00f6r\u00fcne 2003 y\u0131l\u0131nda girdim. 2003\u2019ten 2023\u2019e kadar da y\u0131kama ve oto kuaf\u00f6r hizmeti verdim. <\/b><\/em><\/p>\n<p><em><b>Bu y\u0131llar i\u00e7erisinde teknolojimiz ilerledi. Bataryal\u0131 \u00fcr\u00fcnler, \u015farjl\u0131 \u00fcr\u00fcnler, hayat\u0131m\u0131z\u0131n her alan\u0131na, her y\u00f6n\u00fcne girmeye ba\u015flad\u0131. Bakt\u0131m ki elektrikli ara\u00e7lar, skuterlerde, bisikletlerde bir devrim, bir geli\u015fme ya\u015fanacak. Ben de buna bir ayak uyduray\u0131m dedim.<\/b><\/em><\/p>\n<p><em><b> Ufak ara\u015ft\u0131rmalarla, \u00e7al\u0131\u015fmalarla bu sekt\u00f6re adapte oldum. \u015eu anda elektrikli ara\u00e7lar her ge\u00e7en g\u00fcn artmaya ba\u015flad\u0131. Onlar\u0131n \u00fczerine de \u00e7al\u0131\u015fmalar\u0131m var. Her ge\u00e7en g\u00fcn de \u00e7al\u0131\u015fmalar\u0131m\u0131 artt\u0131rmaya ettiriyorum\u201d<\/b><\/em> dedi.<\/p>\n<p><img decoding=\"async\" src=\"https:\/\/bihavadis.com\/wp-content\/uploads\/2026\/02\/edirnede-hobisini-gelistirip-elektrikli-bisiklet-tamir-ustasi-oldu-0-v9SYUYZV.jpg\"\/><\/p>\n<p><strong>&#8220;YAPILAMAYACAK H\u0130\u00c7B\u0130R \u0130\u015e YOK&#8221;<\/strong><\/p>\n<p>Elektrik ve elektronikli aletlere \u00e7ocuklu\u011fundan beri ilgi duydu\u011funu anlatan Dobranyal\u0131, <em><b>\u201cElektronik altyap\u0131m hobi ama\u00e7l\u0131 ba\u015flad\u0131. Hobi olarak girdim bu sekt\u00f6re. Tabii altyap\u0131m, yani elektronik \u00fczerinde \u00e7al\u0131\u015fm\u0131\u015fl\u0131\u011f\u0131m da vard\u0131. <\/b><\/em><\/p>\n<p><em><b>Her ne olursa olsun bir insan\u0131n i\u00e7inde bir merak varsa, bir heves varsa, \u2018Ben bu i\u015fi yapaca\u011f\u0131m, ben bu i\u015fin \u00fcstesinden gelece\u011fim\u2019 derse yap\u0131lamayacak hi\u00e7bir i\u015f yoktur.<\/b><\/em><\/p>\n<p><em><b> B\u00fct\u00fcn \u00fcr\u00fcnlerin, b\u00fct\u00fcn markalar\u0131n yetkili servisleri Edirne\u2019de mevcut ama benzinli a\u011f\u0131rl\u0131kl\u0131 servisler olduklar\u0131 i\u00e7in elektrikli d\u00f6n\u00fc\u015f\u00fcm\u00fcne ayak uydurabilen de var, uyduramayan da var.<\/b><\/em><\/p>\n<p><em><b> Biz burada o arkada\u015flar\u0131m\u0131za da yard\u0131mc\u0131 olabiliyoruz. Yap\u0131lamayan veya yap\u0131lamayacak olanlar\u0131 da kendi i\u015flerimizde yapmaya gayret ediyoruz\u201d <\/b><\/em>diye konu\u015ftu.<\/p>\n<p><img decoding=\"async\" src=\"https:\/\/bihavadis.com\/wp-content\/uploads\/2026\/02\/edirnede-hobisini-gelistirip-elektrikli-bisiklet-tamir-ustasi-oldu-1-2XZiWRp4.jpg\"\/><\/p>\n<p><strong>&#8220;\u0130NSANLAR \u015eARJLI \u00dcR\u00dcNLERE TAM ADAPTE OLAMADI&#8221;<\/strong><\/p>\n<p>Toplumda elektrikli ara\u00e7lar\u0131n nas\u0131l kullan\u0131laca\u011f\u0131 konusunda hen\u00fcz tam bilin\u00e7 olu\u015fmad\u0131\u011f\u0131n\u0131 dile getiren Yusuf Dobranyal\u0131, \u201c<em><b>Bizim \u00fcr\u00fcnlerimiz so\u011fuk havalara, ya\u011fmurlu havalara, ya\u011f\u0131\u015fl\u0131 havalara uygun de\u011fil. O y\u00fczden ya\u011fmurda elektronik aksamlar ar\u0131za verebiliyor, ar\u0131zaya ge\u00e7ebiliyor. Ko\u015fullar buna \u015fu an i\u00e7in uygun de\u011fil.<\/b><\/em><\/p>\n<p><em><b> \u015earjl\u0131 \u00fcr\u00fcnlere insanlar\u0131m\u0131z tam adapte olamad\u0131lar. \u00dcr\u00fcn\u00fc nas\u0131l kullanacaklar\u0131 konusunda tam bir teknik bilgiye sahip de\u011filler. \u00dcr\u00fcn\u00fc k\u0131\u015f\u0131n kenara koyuyorlar, \u2018Nas\u0131lsa k\u0131\u015f geldi, dursun yaza binerim\u2019 diye bir hataya kap\u0131l\u0131yorlar.<\/b><\/em><\/p>\n<p><em><b> Bu \u00fcr\u00fcn her ne olursa olsun kullan\u0131ls\u0131n veya kullan\u0131lmas\u0131n, 15 g\u00fcnde bir \u015farj edilmesi gerekiyor. \u015earj etmedikleri \u00fcr\u00fcnlerin bu sefer ar\u0131zaya ge\u00e7mesi ka\u00e7\u0131n\u0131lmaz oluyor. <\/b><\/em><\/p>\n<p><em><b>Batarya veya pil \u015farj edilmezse, \u00e7\u00f6kme dedi\u011fimiz, s\u00fclfatla\u015fma dedi\u011fimiz tepkimelerle \u00fcr\u00fcn \u015farj\u0131n\u0131 ve kapasitesini kendi kendine kaybediyor. Siz \u00fcr\u00fcn\u00fc her ne kadar \u015farja da taksan\u0131z, sonu\u00e7 vermiyor\u201d<\/b><\/em> ifadelerini kulland\u0131.\u00a0<\/p>\n<p><img decoding=\"async\" src=\"https:\/\/bihavadis.com\/wp-content\/uploads\/2026\/02\/edirnede-hobisini-gelistirip-elektrikli-bisiklet-tamir-ustasi-oldu-2-1b4s5wis.jpg\"\/><\/p>\n<p><img decoding=\"async\" src=\"https:\/\/bihavadis.com\/wp-content\/uploads\/2026\/02\/edirnede-hobisini-gelistirip-elektrikli-bisiklet-tamir-ustasi-oldu-3-I5zNePK7.jpg\"\/><\/p>\n<p><img decoding=\"async\" src=\"https:\/\/bihavadis.com\/wp-content\/uploads\/2026\/02\/edirnede-hobisini-gelistirip-elektrikli-bisiklet-tamir-ustasi-oldu-4-LuLTTGEQ.jpg\"\/><\/p>\n<p><img decoding=\"async\" src=\"https:\/\/bihavadis.com\/wp-content\/uploads\/2026\/02\/edirnede-hobisini-gelistirip-elektrikli-bisiklet-tamir-ustasi-oldu-5-8hQ8INYy.jpg\"\/><\/p>\n","protected":false},"excerpt":{"rendered":"<p>Sanayi sitesinde 20 y\u0131l boyunca oto y\u0131kama i\u015fi yapan Yusuf Dobranyal\u0131, geli\u015fen teknolojiyle birlikte artan elektrikli bisiklet ve skuter gibi ara\u00e7lar\u0131n tamirini \u00f6\u011frenip, kendi i\u015fletmesini a\u00e7t\u0131.<\/p>\n","protected":false},"author":1,"featured_media":10581,"comment_status":"open","ping_status":"open","sticky":false,"template":"","format":"standard","meta":{"footnotes":""},"categories":[4,13],"tags":[378,826,395,2301,460],"class_list":["post-10580","post","type-post","status-publish","format-standard","has-post-thumbnail","hentry","category-gundem","category-son-dakika","tag-calisma","tag-elektrikli","tag-is","tag-sarj","tag-urun"],"_links":{"self":[{"href":"https:\/\/bihavadis.com\/index.php\/wp-json\/wp\/v2\/posts\/10580","targetHints":{"allow":["GET"]}}],"collection":[{"href":"https:\/\/bihavadis.com\/index.php\/wp-json\/wp\/v2\/posts"}],"about":[{"href":"https:\/\/bihavadis.com\/index.php\/wp-json\/wp\/v2\/types\/post"}],"author":[{"embeddable":true,"href":"https:\/\/bihavadis.com\/index.php\/wp-json\/wp\/v2\/users\/1"}],"replies":[{"embeddable":true,"href":"https:\/\/bihavadis.com\/index.php\/wp-json\/wp\/v2\/comments?post=10580"}],"version-history":[{"count":1,"href":"https:\/\/bihavadis.com\/index.php\/wp-json\/wp\/v2\/posts\/10580\/revisions"}],"predecessor-version":[{"id":10588,"href":"https:\/\/bihavadis.com\/index.php\/wp-json\/wp\/v2\/posts\/10580\/revisions\/10588"}],"wp:featuredmedia":[{"embeddable":true,"href":"https:\/\/bihavadis.com\/index.php\/wp-json\/wp\/v2\/media\/10581"}],"wp:attachment":[{"href":"https:\/\/bihavadis.com\/index.php\/wp-json\/wp\/v2\/media?parent=10580"}],"wp:term":[{"taxonomy":"category","embeddable":true,"href":"https:\/\/bihavadis.com\/index.php\/wp-json\/wp\/v2\/categories?post=10580"},{"taxonomy":"post_tag","embeddable":true,"href":"https:\/\/bihavadis.com\/index.php\/wp-json\/wp\/v2\/tags?post=10580"}],"curies":[{"name":"wp","href":"https:\/\/api.w.org\/{rel}","templated":true}]}}