{"id":10609,"date":"2026-02-01T22:06:06","date_gmt":"2026-02-01T22:06:06","guid":{"rendered":"https:\/\/bihavadis.com\/?p=10609"},"modified":"2026-02-01T22:06:06","modified_gmt":"2026-02-01T22:06:06","slug":"edirnede-siddetli-yagis-felc-etti","status":"publish","type":"post","link":"https:\/\/bihavadis.com\/index.php\/2026\/02\/01\/edirnede-siddetli-yagis-felc-etti\/","title":{"rendered":"Edirne&#8217;de \u015eiddetli Ya\u011f\u0131\u015f Fel\u00e7 Etti"},"content":{"rendered":"<p>\n<p>EV VE \u0130\u015e YERLER\u0130N\u0130 SU BASTI <\/p>\n<p> Edirne&#8217;de etkisini s\u00fcrd\u00fcren kuvvetli sa\u011fanak ya\u011f\u0131\u015f nedeniyle baz\u0131 apartman ve i\u015f yerlerini su bast\u0131. \u0130stasyon Mahallesi Dr. Bahattin \u00d6\u011f\u00fctmen Sokak \u00fczerinde bir apartman\u0131n giri\u015fi suyla dolarken, vatanda\u015flar evlerine girmekte zorluk \u00e7ekti. Baz\u0131 vatanda\u015flar ayaklar\u0131na po\u015fet ba\u011flayarak apartmana girerken, baz\u0131lar\u0131 da \u00e7ocuklar\u0131n\u0131 kucaklar\u0131na alarak evlerine girdi. Apartman\u0131n biti\u015fi\u011finde bulunan i\u015f yerini de su bast\u0131. \u0130\u015fletme sahipleri, sular\u0131n girmesini \u00f6nlemek i\u00e7in d\u00fckkan\u0131n giri\u015fini kum \u00e7uvallar\u0131yla kapatt\u0131. <\/p>\n<p>OTOGAR ALT GE\u00c7\u0130D\u0130 SUYLA KAPLANDI<\/p>\n<p>Edirne Otogar\u0131&#8217;n\u0131n giri\u015findeki alt ge\u00e7itte de su birikintisi olu\u015ftu. Otogara ula\u015f\u0131m\u0131n sa\u011fland\u0131\u011f\u0131 alt ge\u00e7itte, s\u00fcr\u00fcc\u00fcler ara\u00e7lar\u0131yla ge\u00e7erken zor anlar ya\u015fad\u0131. \u0130l Emniyet M\u00fcd\u00fcrl\u00fc\u011f\u00fc&#8217;ne ba\u011fl\u0131 trafik polisleri, su seviyesinin artt\u0131\u011f\u0131 alt ge\u00e7itte ge\u00e7i\u015fleri trafi\u011fe kapatt\u0131.<\/p>\n<p>O\u011eULPA\u015eA DERES\u0130 KR\u0130T\u0130K SEV\u0130YEDE<\/p>\n<p>Merkeze ba\u011fl\u0131 O\u011fulapa\u015fa K\u00f6y\u00fc&#8217;ndeki O\u011fulpa\u015fa Deresi&#8217;nde de su seviyesi, kritik e\u015fi\u011fe ula\u015ft\u0131. Ya\u011f\u0131\u015f\u0131n devam etti\u011fi b\u00f6lgede derenin ta\u015fmas\u0131ndan endi\u015fe duyan k\u00f6y sakinlerinin, olas\u0131 su bask\u0131n\u0131na kar\u015f\u0131 tedirgin bekleyi\u015fleri s\u00fcr\u00fcyor. <\/p>\n<p>MOTORLAR VE MOTOKURYELER\u0130N TRAF\u0130\u011eE \u00c7IKI\u015eI YASAKLANDI<\/p>\n<p>\u00d6te yandan Edirne Valili\u011fi, kentte g\u00f6r\u00fclen olumsuz hava ko\u015fullar\u0131 nedeniyle trafik seyir ve can g\u00fcvenli\u011fi i\u00e7in bir sonraki uyar\u0131ya kadar, motosiklet, elektronik skuter ve motokuryelerin trafi\u011fe \u00e7\u0131k\u0131\u015flar\u0131n\u0131n yasakland\u0131\u011f\u0131n\u0131 duyurdu. A\u00e7\u0131klamada, ya\u015fanabilecek olumsuzluklara kar\u015f\u0131 vatanda\u015flar\u0131n ve s\u00fcr\u00fcc\u00fclerin dikkatli olmalar\u0131 istendi.<\/p>\n<p>Umut I\u015eIK\/ ED\u0130RNE, <\/p>\n","protected":false},"excerpt":{"rendered":"<p>Edirne&#8217;de sa\u011fanak ya\u011f\u0131\u015f nedeniyle evler ve i\u015f yerleri su bask\u0131n\u0131na u\u011frad\u0131, ula\u015f\u0131mda aksamalar ya\u015fand\u0131.<\/p>\n","protected":false},"author":1,"featured_media":10610,"comment_status":"open","ping_status":"open","sticky":false,"template":"","format":"standard","meta":{"footnotes":""},"categories":[9,4,13],"tags":[],"class_list":["post-10609","post","type-post","status-publish","format-standard","has-post-thumbnail","hentry","category-genel","category-gundem","category-son-dakika"],"_links":{"self":[{"href":"https:\/\/bihavadis.com\/index.php\/wp-json\/wp\/v2\/posts\/10609","targetHints":{"allow":["GET"]}}],"collection":[{"href":"https:\/\/bihavadis.com\/index.php\/wp-json\/wp\/v2\/posts"}],"about":[{"href":"https:\/\/bihavadis.com\/index.php\/wp-json\/wp\/v2\/types\/post"}],"author":[{"embeddable":true,"href":"https:\/\/bihavadis.com\/index.php\/wp-json\/wp\/v2\/users\/1"}],"replies":[{"embeddable":true,"href":"https:\/\/bihavadis.com\/index.php\/wp-json\/wp\/v2\/comments?post=10609"}],"version-history":[{"count":1,"href":"https:\/\/bihavadis.com\/index.php\/wp-json\/wp\/v2\/posts\/10609\/revisions"}],"predecessor-version":[{"id":10611,"href":"https:\/\/bihavadis.com\/index.php\/wp-json\/wp\/v2\/posts\/10609\/revisions\/10611"}],"wp:featuredmedia":[{"embeddable":true,"href":"https:\/\/bihavadis.com\/index.php\/wp-json\/wp\/v2\/media\/10610"}],"wp:attachment":[{"href":"https:\/\/bihavadis.com\/index.php\/wp-json\/wp\/v2\/media?parent=10609"}],"wp:term":[{"taxonomy":"category","embeddable":true,"href":"https:\/\/bihavadis.com\/index.php\/wp-json\/wp\/v2\/categories?post=10609"},{"taxonomy":"post_tag","embeddable":true,"href":"https:\/\/bihavadis.com\/index.php\/wp-json\/wp\/v2\/tags?post=10609"}],"curies":[{"name":"wp","href":"https:\/\/api.w.org\/{rel}","templated":true}]}}