{"id":10612,"date":"2026-02-01T22:09:07","date_gmt":"2026-02-01T22:09:07","guid":{"rendered":"https:\/\/bihavadis.com\/?p=10612"},"modified":"2026-02-01T22:09:07","modified_gmt":"2026-02-01T22:09:07","slug":"gokhan-bocekin-otomobil-luks-saat-hediye-ettigi-eski-sevgili-iddianamede","status":"publish","type":"post","link":"https:\/\/bihavadis.com\/index.php\/2026\/02\/01\/gokhan-bocekin-otomobil-luks-saat-hediye-ettigi-eski-sevgili-iddianamede\/","title":{"rendered":"G\u00f6khan B\u00f6cek&#8217;in otomobil, l\u00fcks saat hediye etti\u011fi eski sevgili iddianamede"},"content":{"rendered":"<p>Antalya B\u00fcy\u00fck\u015fehir Belediyesi&#8217;ne y\u00f6nelik &#8216;<em><b>r\u00fc\u015fvet&#8217; <\/b><\/em>ve<em><b> &#8216;yolsuzluk&#8217; <\/b><\/em>soru\u015fturmas\u0131 kapsam\u0131nda tamamlanan 702 sayfal\u0131k iddianamede, belediyede g\u00f6revli m\u00fchendis B\u00fc\u015fra G.\u2019nin, Muhittin B\u00f6cek&#8217;in o\u011flu Mustafa G\u00f6khan B\u00f6cek ile ya\u015fad\u0131\u011f\u0131 g\u00f6n\u00fcl ili\u015fkisi s\u00fcrecinde edindi\u011fi mal varl\u0131\u011f\u0131 de\u011ferlerine ili\u015fkin tespitlere geni\u015f yer verildi.<\/p>\n<p>B\u00fc\u015fra G.&#8217;nin; belediyede g\u00f6rev yapt\u0131\u011f\u0131 d\u00f6nemde B\u00f6cek ile duygusal ili\u015fki ya\u015fad\u0131\u011f\u0131, bu s\u00fcre\u00e7te otomobil, l\u00fcks kol saati, alt\u0131n bileklikler ve \u00e7ok say\u0131da marka \u00e7antan\u0131n kendisine hediye edildi\u011fi y\u00f6n\u00fcndeki beyanlar\u0131 dosyaya girdi.<\/p>\n<p>Soru\u015fturma kapsam\u0131nda yap\u0131lan MASAK incelemeleri, el koyma i\u015flemleri, ev aramas\u0131 ve firma yaz\u0131\u015fmalar\u0131yla s\u00f6z konusu hediyelerin edinim \u015feklinin ayr\u0131nt\u0131l\u0131 incelendi\u011fi kaydedildi.<\/p>\n<p><strong>PARA TRANSFER\u0130 BULUNAMADI<\/strong><\/p>\n<p>\u0130ddianamede, B\u00fc\u015fra G.&#8217;ye hediye edilen 34 BG 1992 plakal\u0131 marka arac\u0131n Mustafa G\u00f6khan B\u00f6cek taraf\u0131ndan 46 bin dolara nakit sat\u0131n al\u0131nd\u0131\u011f\u0131 tespitine yer verildi. Dosyada, Mustafa G\u00f6khan B\u00f6cek\u2019in banka hareketlerini g\u00f6steren MASAK verileri \u00fczerinde kolluk\u00e7a yap\u0131lan incelemede, arac\u0131n sat\u0131\u015f\u0131n\u0131n ger\u00e7ekle\u015fti\u011fi tarihlerde herhangi bir para transferi ya da nakit para \u00e7ekim i\u015fleminin bulunmad\u0131\u011f\u0131 belirtildi.<\/p>\n<p><strong>ARA\u00c7 \u0130\u00c7\u0130N EL KOYMA KARARI<\/strong><\/p>\n<p>Soru\u015fturma kapsam\u0131nda Cumhuriyet Ba\u015fsavc\u0131l\u0131\u011f\u0131, gecikmesinde sak\u0131nca bulunan halin mevcut oldu\u011fu gerek\u00e7esiyle 6 Kas\u0131m 2025\u2019te \u2018Su\u00e7 gelirlerinin aklanmas\u0131n\u0131n \u00f6nlenmesi hakk\u0131ndaki kanun kapsam\u0131nda araca el koyma i\u015flemi uygulad\u0131.<\/p>\n<p>\u0130ddianamede B\u00fc\u015fra G.\u2019nin \u00e7al\u0131\u015fma s\u00fcrecine ili\u015fkin detaylara da yer verildi. 1 Mart 2021\u2019de Antalya B\u00fcy\u00fck\u015fehir Belediyesi&#8217;ne ba\u011fl\u0131 \u0130nsan Kaynaklar\u0131 A.\u015e.\u2019de g\u00f6reve ba\u015flad\u0131\u011f\u0131, 30 Aral\u0131k 2022\u2019ye kadar ayn\u0131 b\u00f6l\u00fcmde \u00e7al\u0131\u015ft\u0131\u011f\u0131, ard\u0131ndan m\u00fchendis olarak g\u00f6revine devam etti\u011fi kaydedildi. 15 Mart 2023\u2019te ise Devlet Memurlar\u0131 Kanunu kapsam\u0131nda memur kadrosuna al\u0131nd\u0131\u011f\u0131, g\u00f6rev s\u00fcresi boyunca \u00c7evre Koruma ve Kontrol Daire Ba\u015fkanl\u0131\u011f\u0131 ile K\u00fclt\u00fcr ve Sosyal \u0130\u015fler Daire Ba\u015fkanl\u0131\u011f\u0131 b\u00fcnyesinde devam etti\u011fi ve halen Tan\u0131t\u0131m \u015eube M\u00fcd\u00fcrl\u00fc\u011f\u00fc b\u00fcnyesinde m\u00fchendis olarak g\u00f6rev yapt\u0131\u011f\u0131 belirtildi.<\/p>\n<p><strong>MAL B\u0130LD\u0130R\u0130M\u0130NDEN DETAYLAR<\/strong><\/p>\n<p>B\u00fc\u015fra G.\u2019nin teslim etti\u011fi mal bildirim formlar\u0131n\u0131n incelenmesi sonucunda, 375 bin lira bedelle edinildi\u011fi beyan edilen ara\u00e7, 23 bin 561 lira mevduat ve 40,28 gram alt\u0131n hesab\u0131 bulundu\u011fu, 85 gram alt\u0131n ve bunlar\u0131n d\u0131\u015f\u0131nda ba\u015fka mal varl\u0131\u011f\u0131 tespiti bulunmad\u0131\u011f\u0131 kaydedildi.<\/p>\n<p><strong>EV ARAMASI VE EL KONULAN E\u015eYALAR<\/strong><\/p>\n<p>B\u00fc\u015fra G.\u2019nin 5 Kas\u0131m 2025\u2019te g\u00f6zalt\u0131na al\u0131nmas\u0131 sonras\u0131 ikametinde yap\u0131lan aramada, dijital materyallere el konuldu. Yap\u0131lan incelemede herhangi bir su\u00e7 unsuruna rastlanmad\u0131\u011f\u0131 belirtildi.<\/p>\n<p>Ayr\u0131ca, Mustafa G\u00f6khan B\u00f6cek taraf\u0131ndan hediye edildi\u011fi beyan edilen l\u00fcks kol saati, alt\u0131n bileklik, 2 adet marka alt\u0131n bileklik ve l\u00fcks marka 5 \u00e7antay\u0131, \u015f\u00fcphelinin kolluk g\u00f6revlilerine teslim etti\u011fi ifade edildi.<\/p>\n<p><strong>DE\u011eER TESP\u0130TLER\u0130 VE F\u0130RMA YAZI\u015eMALARI<\/strong><\/p>\n<p>Bilekli\u011fin piyasa de\u011ferinin 50 ila 60 bin lira aral\u0131\u011f\u0131nda oldu\u011fu, marka bilekliklerin 2021 y\u0131l\u0131nda 67 bin 400 liraya sat\u0131n al\u0131nd\u0131\u011f\u0131, Kuyumcular Odas\u0131 taraf\u0131ndan d\u00fczenlenen tutanakta, \u00fc\u00e7 tak\u0131n\u0131n da 18 ayar alt\u0131n i\u00e7erdi\u011fi ve toplam maden de\u011ferinin 203 bin 821 lira oldu\u011fu kaydedildi. L\u00fcks saate ili\u015fkin 25 Haziran 2021\u2019de, 10 bin avro bedelli faturan\u0131n B\u00fc\u015fra G. ad\u0131na d\u00fczenlendi\u011fi bilgisi dosyaya girdi.<\/p>\n<p><strong>&#8220;G\u00d6KHAN \u0130LE \u0130\u015e YEME\u011e\u0130NDE TANI\u015eTIK&#8221;<\/strong><\/p>\n<p>Belediyede i\u015fe ba\u015flad\u0131ktan sonra bir yemekte Mustafa G\u00f6khan B\u00f6cek ile tan\u0131\u015ft\u0131\u011f\u0131n\u0131 belirten B\u00fc\u015fra G., \u201c<em><b>\u0130lerleyen s\u00fcre\u00e7lerde aram\u0131zda duygusal yak\u0131nla\u015fma oldu ve ili\u015fkimiz ba\u015flad\u0131. 2021 y\u0131l\u0131 kas\u0131m ay\u0131 gibi kendisi ile ili\u015fkimizi sonland\u0131rma karar\u0131 ald\u0131k. <\/b><\/em><\/p>\n<p><em><b>Belediyeye i\u015fe ba\u015flad\u0131ktan k\u0131sa s\u00fcre sonra G\u00f6khan B\u00f6cek ile ili\u015fkimizin ba\u015flamas\u0131 sebebiyle di\u011fer \u00e7al\u0131\u015fanlar\u0131n hakk\u0131mda yapacaklar\u0131 dedikodular\u0131n \u00f6n\u00fcne ge\u00e7mek amac\u0131yla yakla\u015f\u0131k 2 hafta kadar i\u015fe gitmedim. <\/b><\/em><\/p>\n<p><em><b>Sonras\u0131nda ise uzun s\u00fcre bu durum devam edemeyece\u011fi i\u00e7in gitmek durumunda kald\u0131m. \u0130li\u015fkimiz bittikten sonra kendisi ile ayn\u0131 yerde bulunmak istemedi\u011fimden dolay\u0131 departman\u0131m\u0131n de\u011fi\u015fmesini istedim. <\/b><\/em><\/p>\n<p><em><b>G\u00f6khan B\u00f6cek ile alm\u0131\u015f oldu\u011fumuz bu ortak karar neticesinde K\u00fclt\u00fcr ve Sosyal \u0130\u015fler Daire Ba\u015fkanl\u0131\u011f\u0131 b\u00fcnyesine ge\u00e7tim&#8221;<\/b><\/em> dedi.<\/p>\n<p><strong>&#8220;ZENG\u0130N B\u0130R\u0130 OLARAK B\u0130LD\u0130\u011e\u0130M \u0130\u00c7\u0130N H\u0130\u00c7 SORGULAMADIM&#8221;<\/strong><\/p>\n<p>G\u00f6khan B\u00f6cek ile ili\u015fkileri s\u0131ras\u0131nda l\u00fcks hediyeler ald\u0131\u011f\u0131n\u0131 belirten B\u00fc\u015fra G.,<em><b> \u201cKendisi bana teklifte bulunur veya haberim olmadan hediyeleri al\u0131p getirirdi. \u0130lk olarak 5-6 \u00e7anta alm\u0131\u015ft\u0131. Bu \u00e7antalar\u0131n bir k\u0131sm\u0131 \u0130stanbul\u2019da birlikte bak\u0131p be\u011fendi\u011fimiz \u00e7antalar, bir k\u0131sm\u0131 ise kendisinin al\u0131p getirdi\u011fi \u00e7antalardan olu\u015fmaktad\u0131r. <\/b><\/em><\/p>\n<p><em><b>Do\u011fum g\u00fcn\u00fcmde p\u0131rlanta oldu\u011funu s\u00f6yledi\u011fi bilekli\u011fi de kendisi getirmi\u015fti. Yine birlikte l\u00fcks saat ma\u011fazas\u0131ndan be\u011fendi\u011fim marka saati de G\u00f6khan bana alm\u0131\u015ft\u0131r.<\/b><\/em><\/p>\n<p><em><b> Bileklikleri de \u0130stanbul&#8217;da l\u00fcks bir markan\u0131n ma\u011fazas\u0131ndan birlikte alm\u0131\u015ft\u0131k. Kullan\u0131m\u0131mda bulunan otomobili de G\u00f6khan bana alm\u0131\u015ft\u0131r. Ben onu tan\u0131nm\u0131\u015f ve zengin biri olarak bildi\u011fim i\u00e7in bu hediyeleri nas\u0131l ve ne \u015fekilde ald\u0131\u011f\u0131n\u0131 hi\u00e7 sorgulamad\u0131m&#8221;<\/b><\/em> ifadelerini kulland\u0131.<\/p>\n<p><strong>&#8220;G\u00d6KHAN\u2019LA TANI\u015eTI\u011eIMIZDA SAB\u0130T \u0130\u015e\u0130 YOKTU&#8221;<\/strong><\/p>\n<p>Kendisine al\u0131nan arac\u0131n \u00f6demesinin nas\u0131l yap\u0131ld\u0131\u011f\u0131n\u0131 bilmedi\u011fini kaydeden B\u00fc\u015fra G., <em><b>\u201cAra\u00e7 o d\u00f6nem 100 kilometre civar\u0131ndayd\u0131. S\u0131f\u0131r de\u011fildi. G\u00f6khan bana arac\u0131n plakas\u0131n\u0131 de\u011fi\u015ftirmek istedi\u011fini, isim soy isimlerimden olu\u015fan plaka takt\u0131raca\u011f\u0131n\u0131 s\u00f6yledi. <\/b><\/em><\/p>\n<p><em><b>Biz notere giderek imza att\u0131k, sonras\u0131nda arac\u0131n \u00fczerinde \u015fu an bulunan plakaya sahip oldu. Bu plakay\u0131 da kimden nas\u0131l ve ne \u015fekilde ald\u0131\u011f\u0131n\u0131 bilmiyorum.<\/b><\/em><\/p>\n<p><em><b> G\u00f6khan\u2019la tan\u0131\u015ft\u0131\u011f\u0131m\u0131z d\u00f6nemde herhangi bir sabit i\u015fi yoktu. Haftada 3-4 kez belediyeye gelip giderdi. Kendisi ile birlikte Dubai\u2019ye tatile gitmi\u015ftik. T\u00fcm harcamalar\u0131m\u0131z G\u00f6khan taraf\u0131ndan kar\u015f\u0131lanm\u0131\u015ft\u0131r&#8221;<\/b><\/em> dedi.<\/p>\n<p><img decoding=\"async\" src=\"https:\/\/bihavadis.com\/wp-content\/uploads\/2026\/02\/gokhan-bocekin-otomobil-luks-saat-hediye-ettigi-eski-sevgili-iddianamede-0-T6diPhZT.jpg\"\/><\/p>\n<p><strong>&#8220;BUT\u0130\u011e\u0130N SERMAYES\u0130N\u0130 G\u00d6KHAN MI KAR\u015eILADI HATIRLAMIYORUM&#8221;<\/strong><\/p>\n<p>B\u00fc\u015fra G. kendisine a\u00e7t\u0131\u011f\u0131 butikle ilgili, <em>\u201c<b>Belediyede i\u015fe girdikten ve G\u00f6khan B\u00f6cek ile ili\u015fkimizin ba\u015flamas\u0131 sonras\u0131nda 2021 y\u0131l\u0131 ortalar\u0131nda arkada\u015flar\u0131mla butik a\u00e7ma karar\u0131 ald\u0131k. Ki\u015fi ba\u015f\u0131 yakla\u015f\u0131k 20 bin lira sermayeyle kurduk. Bu butik resmiyette bana aitti. B\u00fct\u00fcn i\u015f ve i\u015flemler benim ad\u0131ma yap\u0131lm\u0131\u015ft\u0131.<\/b><\/em><\/p>\n<p><em><b> K\u0131sa s\u00fcre sonra aram\u0131zda anla\u015fmazl\u0131k ya\u015fanmaya ba\u015flad\u0131. Ben de kendilerine ayr\u0131lmak istedi\u011fimi s\u00f6yledim. Vermi\u015f oldu\u011fum sermayeyi bana \u00f6dedikten sonra fiilen oradan ayr\u0131ld\u0131m. <\/b><\/em><\/p>\n<p><em><b>Butik i\u00e7in vermi\u015f oldu\u011fum sermayeyi \u015fu an i\u00e7in ben mi \u00f6dedim, yoksa G\u00f6khan B\u00f6cek taraf\u0131ndan m\u0131 bana verildi\u011fini tam olarak hat\u0131rlam\u0131yorum<\/b><\/em><b>&#8220;<\/b> diye konu\u015ftu.<\/p>\n<p>Herhangi bir su\u00e7 unsuruna kar\u0131\u015fmad\u0131\u011f\u0131n\u0131 belirten B\u00fc\u015fra G.,<em><b> \u201cBen konu ile ilgili bildiklerimi samimi olarak anlatt\u0131m. Herhangi bir su\u00e7 i\u015flemedim veya su\u00e7 i\u015flenmesine arac\u0131l\u0131k etmedim. E\u011fer bu al\u0131nan hediyelerin \u00f6demesi ile ilgili en ufak bir \u015faibe duysayd\u0131m kabul etmezdim. <\/b><\/em><\/p>\n<p><em><b>Hatta zaman zaman ald\u0131\u011f\u0131 bu hediyelerin maddi a\u00e7\u0131dan y\u00fcksek mebla\u011fl\u0131 oldu\u011funu, kabul edemeyece\u011fimi s\u00f6ylesem de kabul etmem konusunda \u0131srarc\u0131 olmu\u015ftur&#8221;<\/b><\/em> ifadelerini kulland\u0131.<\/p>\n<p><img decoding=\"async\" src=\"https:\/\/bihavadis.com\/wp-content\/uploads\/2026\/02\/gokhan-bocekin-otomobil-luks-saat-hediye-ettigi-eski-sevgili-iddianamede-1-c9KXly7B.jpg\"\/><\/p>\n<p><strong>SAVCILI\u011eIN HUKUK\u0130 DE\u011eERLEND\u0130RMES\u0130<\/strong><\/p>\n<p>Dosyada yap\u0131lan genel de\u011ferlendirmede, <em><b>&#8216;r\u00fc\u015fvet&#8217;, &#8216;irtikap&#8217; <\/b><\/em>gibi su\u00e7lara ili\u015fkin somut delil elde edilemedi\u011fi, <em><b>\u2018Su\u00e7tan kaynaklanan mal varl\u0131\u011f\u0131 de\u011ferlerinin aklanmas\u0131\u2019<\/b><\/em> su\u00e7una ili\u015fkin \u00f6nc\u00fcl su\u00e7 tespitinin yap\u0131lamad\u0131\u011f\u0131, <em><b>\u2018Haks\u0131z mal edinme\u2019<\/b><\/em> su\u00e7unun ise edinim tarihleri itibar\u0131yla mal bildirim y\u00fck\u00fcml\u00fcl\u00fc\u011f\u00fc do\u011furan g\u00f6rev \u00f6ncesinde ger\u00e7ekle\u015fti\u011fi gerek\u00e7esiyle yasal unsurlar\u0131n\u0131n olu\u015fmad\u0131\u011f\u0131 kanaatine var\u0131ld\u0131\u011f\u0131 belirtildi. B\u00fc\u015fra G. hakk\u0131nda ek takipsizlik karar\u0131 verildi\u011fi, el konulan ara\u00e7, tak\u0131 ve aksesuarlar\u0131n iade edildi\u011fi kaydedildi.\u00a0<\/p>\n<p><img decoding=\"async\" src=\"https:\/\/bihavadis.com\/wp-content\/uploads\/2026\/02\/gokhan-bocekin-otomobil-luks-saat-hediye-ettigi-eski-sevgili-iddianamede-2-7CesmC2X.jpg\"\/><\/p>\n","protected":false},"excerpt":{"rendered":"<p>Antalya&#8217;daki iddianamede, B\u00fc\u015fra G.\u2019nin Mustafa G\u00f6khan B\u00f6cek ile ya\u015fad\u0131\u011f\u0131 g\u00f6n\u00fcl ili\u015fkisi ve bu s\u00fcre\u00e7te edindi\u011fi l\u00fcks hediyelere ili\u015fkin tespitlere yer verildi.<\/p>\n","protected":false},"author":1,"featured_media":10613,"comment_status":"open","ping_status":"open","sticky":false,"template":"","format":"standard","meta":{"footnotes":""},"categories":[9,13],"tags":[2303,729,395,286,544],"class_list":["post-10612","post","type-post","status-publish","format-standard","has-post-thumbnail","hentry","category-genel","category-son-dakika","tag-gokhan","tag-hediye","tag-is","tag-suc","tag-sure"],"_links":{"self":[{"href":"https:\/\/bihavadis.com\/index.php\/wp-json\/wp\/v2\/posts\/10612","targetHints":{"allow":["GET"]}}],"collection":[{"href":"https:\/\/bihavadis.com\/index.php\/wp-json\/wp\/v2\/posts"}],"about":[{"href":"https:\/\/bihavadis.com\/index.php\/wp-json\/wp\/v2\/types\/post"}],"author":[{"embeddable":true,"href":"https:\/\/bihavadis.com\/index.php\/wp-json\/wp\/v2\/users\/1"}],"replies":[{"embeddable":true,"href":"https:\/\/bihavadis.com\/index.php\/wp-json\/wp\/v2\/comments?post=10612"}],"version-history":[{"count":1,"href":"https:\/\/bihavadis.com\/index.php\/wp-json\/wp\/v2\/posts\/10612\/revisions"}],"predecessor-version":[{"id":10617,"href":"https:\/\/bihavadis.com\/index.php\/wp-json\/wp\/v2\/posts\/10612\/revisions\/10617"}],"wp:featuredmedia":[{"embeddable":true,"href":"https:\/\/bihavadis.com\/index.php\/wp-json\/wp\/v2\/media\/10613"}],"wp:attachment":[{"href":"https:\/\/bihavadis.com\/index.php\/wp-json\/wp\/v2\/media?parent=10612"}],"wp:term":[{"taxonomy":"category","embeddable":true,"href":"https:\/\/bihavadis.com\/index.php\/wp-json\/wp\/v2\/categories?post=10612"},{"taxonomy":"post_tag","embeddable":true,"href":"https:\/\/bihavadis.com\/index.php\/wp-json\/wp\/v2\/tags?post=10612"}],"curies":[{"name":"wp","href":"https:\/\/api.w.org\/{rel}","templated":true}]}}