{"id":10706,"date":"2026-02-01T23:21:06","date_gmt":"2026-02-01T23:21:06","guid":{"rendered":"https:\/\/bihavadis.com\/?p=10706"},"modified":"2026-02-01T23:21:06","modified_gmt":"2026-02-01T23:21:06","slug":"kurtulmus-ve-unhcr-komiseri-salih-gorustu","status":"publish","type":"post","link":"https:\/\/bihavadis.com\/index.php\/2026\/02\/01\/kurtulmus-ve-unhcr-komiseri-salih-gorustu\/","title":{"rendered":"Kurtulmu\u015f ve UNHCR Komiseri Salih G\u00f6r\u00fc\u015ft\u00fc"},"content":{"rendered":"<p>\n<p>T\u00dcRK\u0130YE B\u00fcy\u00fck Millet Meclisi (TBMM) Ba\u015fkan\u0131 Numan Kurtulmu\u015f, Birle\u015fmi\u015f Milletler (BM) M\u00fclteciler Y\u00fcksek Komiseri (UNHCR) Barham Salih ile bir araya geldi.<\/p>\n<p>TBMM Ba\u015fkan\u0131 Numan Kurtulmu\u015f, Birle\u015fmi\u015f Milletler (BM) M\u00fclteciler Y\u00fcksek Komiseri (UNHCR) Barham Salih ile Meclis&#8217;te bir araya geldi. Kurtulmu\u015f, g\u00f6r\u00fc\u015fmede, Barham Salih&#8217;i yeni g\u00f6revine se\u00e7ilmesinden dolay\u0131 tebrik ederek, kendisini TBMM&#8217;de a\u011f\u0131rlamaktan b\u00fcy\u00fck bir memnuniyet duydu\u011funu s\u00f6yledi. Salih&#8217;in politik tecr\u00fcbesinden dolay\u0131 m\u00fclteciler meselesini en iyi bilenlerden biri oldu\u011funu ve bu nedenle g\u00f6revini ba\u015far\u0131yla yapaca\u011f\u0131ndan emin oldu\u011funu belirten Kurtulmu\u015f, &#8220;Ayr\u0131ca kom\u015fumuz Irak&#8217;\u0131n eski Cumhurba\u015fkan\u0131n\u0131n b\u00f6yle bir g\u00f6reve se\u00e7ilmi\u015f olmas\u0131 da bizim i\u00e7in fevkalade memnuniyet vericidir. \u00dcmit ediyorum bu s\u00fcre i\u00e7erisinde T\u00fcrkiye ile de \u00e7ok yak\u0131n \u00e7al\u0131\u015fmalar\u0131 s\u00fcrd\u00fcreceksiniz&#8221; dedi. <\/p>\n<p>&#8216;SUR\u0130YEL\u0130 M\u00dcLTEC\u0130LER MESELES\u0130NDE \u00c7OK A\u011eIR Y\u00dcK\u00dcN ALTINA G\u0130RD\u0130K&#8217;<\/p>\n<p>T\u00fcrkiye&#8217;nin ba\u015f\u0131ndan itibaren UNHCR ile \u00e7ok yak\u0131n temas i\u00e7erisinde \u00e7al\u0131\u015ft\u0131\u011f\u0131n\u0131, sorunsuz ve \u00e7ok b\u00fcy\u00fck bir i\u015f birli\u011fi i\u00e7erisinde bug\u00fcne kadar \u00e7al\u0131\u015fmalar\u0131n\u0131 s\u00fcrd\u00fcrd\u00fc\u011f\u00fcn\u00fc ifade eden Kurtulmu\u015f, &#8220;Ba\u015fbakan Yard\u0131mc\u0131s\u0131 oldu\u011fum d\u00f6nemde m\u00fclteciler meselesinden sorumlu olarak UNHCR&#8217;i \u00e7ok yak\u0131ndan tan\u0131ma f\u0131rsat\u0131m oldu. \u00d6zellikle Suriye meselesinde g\u00f6\u00e7 krizi ba\u015flad\u0131\u011f\u0131nda T\u00fcrkiye, UNHCR ile \u00e7ok yak\u0131n temas i\u00e7erisinde bu s\u00fcreci y\u00fcr\u00fctt\u00fc. 15 y\u0131ld\u0131r T\u00fcrkiye i\u00e7in devam eden Suriyeli m\u00fclteciler meselesinde \u00e7ok a\u011f\u0131r y\u00fck\u00fcn alt\u0131na girdik ve ge\u00e7mi\u015fe bakt\u0131\u011f\u0131m\u0131zda \u015funu \u00e7ok rahatl\u0131kla s\u00f6yleyebilirim ki uluslararas\u0131 camia m\u00fclteciler konusunda T\u00fcrkiye&#8217;yi de UNHCR&#8217;\u0131 da b\u00fcy\u00fck oranda yaln\u0131z b\u0131rakt\u0131&#8221; ifadelerini kulland\u0131. <\/p>\n<p>&#8216;G\u00d6REV\u0130M\u0130Z, G\u00dcVENL\u0130 VE HUZURLU \u015eEK\u0130LDE GER\u0130 D\u00d6N\u00dc\u015eLER\u0130N\u0130 TE\u015eV\u0130K ETMEKT\u0130R&#8217;<\/p>\n<p>Kurtulmu\u015f, T\u00fcrkiye&#8217;de \u015fu anda ge\u00e7ici s\u0131\u011f\u0131nma stat\u00fcs\u00fcnde 2 milyon 300 bin Suriyeli m\u00fcltecinin bulundu\u011funu, bug\u00fcne kadar da 1 milyon 300 bin Suriyelinin evlerine geri d\u00f6nd\u00fc\u011f\u00fcn\u00fc aktard\u0131. Suriye&#8217;de rejim de\u011fi\u015fikli\u011finden itibaren \u015fu ana kadar 600 bin Suriyelinin kendi vatanlar\u0131na geri d\u00f6nd\u00fc\u011f\u00fcn\u00fc belirten Kurtulmu\u015f, &#8220;T\u00fcrkiye olarak temel politikam\u0131z ge\u00e7ici s\u0131\u011f\u0131nma stat\u00fcs\u00fcnde olan Suriyelilerin onurlu, g\u00fcvenli ve huzurlu \u015fekilde geri d\u00f6n\u00fc\u015flerini te\u015fvik etmektir. Sizin b\u00f6ylesine \u00f6nemli uluslararas\u0131 pozisyonda g\u00f6revde bulunman\u0131z T\u00fcrkiye i\u00e7in de \u00f6nemli bir kazan\u0131md\u0131r. Ayr\u0131ca ilk resmi ziyaretlerinizden birisini T\u00fcrkiye&#8217;ye yapm\u0131\u015f olman\u0131z da T\u00fcrkiye&#8217;ye verdi\u011finiz \u00f6nemi g\u00f6steriyor. Bunun i\u00e7in de te\u015fekk\u00fcr ediyoruz&#8221; dedi.<\/p>\n<p>&#8216;H\u00dcK\u00dcMET\u0130N\u0130Z\u0130N G\u00d6STERD\u0130\u011e\u0130 \u0130NSANLIK TAKD\u0130RE \u015eAYANDIR&#8217;<\/p>\n<p>BM M\u00fclteciler Y\u00fcksek Komiseri Barham Salih, TBMM Ba\u015fkan\u0131 Numan Kurtulmu\u015f&#8217;a kabul\u00fcnden dolay\u0131 te\u015fekk\u00fcr etti. Ankara&#8217;da kendisini evinde gibi hissetti\u011fini belirten Salih, T\u00fcrkiye ve Ankara&#8217;n\u0131n UNHCR a\u00e7\u0131s\u0131ndan \u00e7ok \u00f6zel bir yer oldu\u011funu, bu nedenle g\u00f6revi devrald\u0131ktan sonra ilk ziyaretlerden birini T\u00fcrkiye&#8217;ye yapmak istedi\u011fini s\u00f6yledi. T\u00fcrkiye&#8217;nin m\u00fclteciler konusunda son derece \u00f6nemli k\u00fcresel akt\u00f6rlerden biri oldu\u011funu vurgulayan Salih, &#8220;T\u00fcrkiye ger\u00e7ekten m\u00fcltecilere son derece hayranl\u0131k uyand\u0131r\u0131c\u0131 b\u00fcy\u00fck bir ev sahipli\u011fi ve ho\u015fg\u00f6r\u00fc sunan, \u00f6zen g\u00f6steren \u00fclke olarak kar\u015f\u0131m\u0131zda durmakta. Bunun i\u00e7in m\u00fcte\u015fekkiriz. Halk\u0131n\u0131z\u0131n ve h\u00fck\u00fcmetinizin g\u00f6sterdi\u011fi insanl\u0131k ve insaniyet ger\u00e7ekten takdire \u015fayand\u0131r&#8221; diye konu\u015ftu. <\/p>\n<p>&#8216;TEK VE GER\u00c7EK \u00c7\u00d6Z\u00dcM BARI\u015e&#8217;<\/p>\n<p>T\u00fcrkiye&#8217;nin ilk kez zordaki insanlara kucak a\u00e7mad\u0131\u011f\u0131na dikkati \u00e7eken Salih, 1991 y\u0131l\u0131ndaki Halep\u00e7e katliam\u0131nda y\u00fczbinlerce K\u00fcrt vatanda\u015f\u0131n\u0131n Irak&#8217;tan T\u00fcrkiye&#8217;ye geldi\u011fini ve g\u00fcvenli bir \u015fekilde \u00fclkelerine d\u00f6n\u00fcnceye kadar T\u00fcrkiye&#8217;nin ev sahipli\u011fi yapt\u0131\u011f\u0131n\u0131 hat\u0131rlatt\u0131. Yeni dinamiklerin dikkate al\u0131nd\u0131\u011f\u0131nda Suriye&#8217;nin yeniden istikrara kavu\u015ftu\u011fundan emin olmak istediklerini anlatan Salih, \u015funlar\u0131 s\u00f6yledi: <\/p>\n<p>&#8220;\u0130stikrar ve bar\u0131\u015f oldu\u011fu takdirde \u00e7ok say\u0131da m\u00fclteci kendi vatan\u0131na d\u00f6nme iste\u011finde. Biz de t\u00fcm uluslararas\u0131 camia olarak bu durumun \u015fekillendirilmesine ve hayata ge\u00e7irilmesine yard\u0131mc\u0131 olmaya mecburuz. M\u00fclteciler i\u00e7in tek ve ger\u00e7ek \u00e7\u00f6z\u00fcm bar\u0131\u015f. \u00c7ok say\u0131da Suriyelinin zaten vatan\u0131na d\u00f6nd\u00fc\u011f\u00fcn\u00fc g\u00f6rd\u00fck.&#8221; <\/p>\n","protected":false},"excerpt":{"rendered":"<p>TBMM Ba\u015fkan\u0131 Kurtulmu\u015f, BM M\u00fclteciler Y\u00fcksek Komiseri Salih ile m\u00fclteciler konusunda g\u00f6r\u00fc\u015ft\u00fc.<\/p>\n","protected":false},"author":1,"featured_media":10707,"comment_status":"open","ping_status":"open","sticky":false,"template":"","format":"standard","meta":{"footnotes":""},"categories":[12],"tags":[2231,2230,361,197,2389],"class_list":["post-10706","post","type-post","status-publish","format-standard","has-post-thumbnail","hentry","category-siyaset","tag-multeciler","tag-salih","tag-suriye","tag-turkiye","tag-unhcr"],"_links":{"self":[{"href":"https:\/\/bihavadis.com\/index.php\/wp-json\/wp\/v2\/posts\/10706","targetHints":{"allow":["GET"]}}],"collection":[{"href":"https:\/\/bihavadis.com\/index.php\/wp-json\/wp\/v2\/posts"}],"about":[{"href":"https:\/\/bihavadis.com\/index.php\/wp-json\/wp\/v2\/types\/post"}],"author":[{"embeddable":true,"href":"https:\/\/bihavadis.com\/index.php\/wp-json\/wp\/v2\/users\/1"}],"replies":[{"embeddable":true,"href":"https:\/\/bihavadis.com\/index.php\/wp-json\/wp\/v2\/comments?post=10706"}],"version-history":[{"count":1,"href":"https:\/\/bihavadis.com\/index.php\/wp-json\/wp\/v2\/posts\/10706\/revisions"}],"predecessor-version":[{"id":10708,"href":"https:\/\/bihavadis.com\/index.php\/wp-json\/wp\/v2\/posts\/10706\/revisions\/10708"}],"wp:featuredmedia":[{"embeddable":true,"href":"https:\/\/bihavadis.com\/index.php\/wp-json\/wp\/v2\/media\/10707"}],"wp:attachment":[{"href":"https:\/\/bihavadis.com\/index.php\/wp-json\/wp\/v2\/media?parent=10706"}],"wp:term":[{"taxonomy":"category","embeddable":true,"href":"https:\/\/bihavadis.com\/index.php\/wp-json\/wp\/v2\/categories?post=10706"},{"taxonomy":"post_tag","embeddable":true,"href":"https:\/\/bihavadis.com\/index.php\/wp-json\/wp\/v2\/tags?post=10706"}],"curies":[{"name":"wp","href":"https:\/\/api.w.org\/{rel}","templated":true}]}}