{"id":10721,"date":"2026-02-01T23:33:12","date_gmt":"2026-02-01T23:33:12","guid":{"rendered":"https:\/\/bihavadis.com\/?p=10721"},"modified":"2026-02-01T23:33:12","modified_gmt":"2026-02-01T23:33:12","slug":"israil-ateskese-ragmen-gazzeye-saldirdi-19-kisi-hayatini-kaybetti","status":"publish","type":"post","link":"https:\/\/bihavadis.com\/index.php\/2026\/02\/01\/israil-ateskese-ragmen-gazzeye-saldirdi-19-kisi-hayatini-kaybetti\/","title":{"rendered":"\u0130srail, ate\u015fkese ra\u011fmen Gazze&#8217;ye sald\u0131rd\u0131: 19 ki\u015fi hayat\u0131n\u0131 kaybetti"},"content":{"rendered":"<p>Gazze&#8217;de 10 Ekim 2025&#8217;te sa\u011flanan ate\u015fkes anla\u015fmas\u0131nda ikinci a\u015famaya ge\u00e7ilirken \u0130srail, \u00e7e\u015fitli bahanelerle d\u00fczenledi\u011fi sald\u0131r\u0131larda Filistinlileri \u00f6ld\u00fcrmeye devam ediyor.\u00a0<\/p>\n<p>Ate\u015fkes anla\u015fmas\u0131na uymayan \u0130srail ordusu, bu sabah saatlerinde yine bir\u00e7ok farkl\u0131 noktaya sald\u0131r\u0131da bulundu.\u00a0<\/p>\n<p><strong>19 K\u0130\u015e\u0130 HAYATINI KAYBETT\u0130 <\/strong><\/p>\n<p>Gazze&#8217;deki h\u00fck\u00fcmete ba\u011fl\u0131 Medya Ofisi&#8217;nden \u0130srail&#8217;in sald\u0131r\u0131lar\u0131na dair yaz\u0131l\u0131 a\u00e7\u0131klama yap\u0131ld\u0131.<\/p>\n<p>A\u00e7\u0131klamada \u0130srail&#8217;in ate\u015fkese ra\u011fmen Gazze \u015eeridi\u2019ne d\u00fczenledi\u011fi sald\u0131r\u0131larda sabah saatlerinden bu yana ya\u015fam\u0131n\u0131 yitirenlerin say\u0131s\u0131n\u0131n 19\u2019a y\u00fckseldi\u011fi belirtildi.<\/p>\n<p><img decoding=\"async\" src=\"https:\/\/bihavadis.com\/wp-content\/uploads\/2026\/02\/israil-ateskese-ragmen-gazzeye-saldirdi-19-kisi-hayatini-kaybetti-0-Wkyk87fL.jpg\"\/><\/p>\n<p><strong>F\u0130L\u0130ST\u0130NL\u0130LER\u0130N KALDI\u011eI \u00c7ADIRLAR HEDEF ALINDI <\/strong><\/p>\n<p>\u0130srail ordusu, g\u00fcneydeki Han Yunus kentinde yer alan Esda b\u00f6lgesindeki yerinden edilmi\u015f sivillerin kald\u0131\u011f\u0131 \u00e7ad\u0131r\u0131 insans\u0131z hava arac\u0131 (\u0130HA) ile hedef ald\u0131.<\/p>\n<p><strong>AYNI A\u0130LEDEN 7 K\u0130\u015e\u0130 YA\u015eAMINI Y\u0130T\u0130RD\u0130 <\/strong><\/p>\n<p>Nas\u0131r Hastanesi\u2019ndeki sa\u011fl\u0131k g\u00f6revlileri, sald\u0131r\u0131da ayn\u0131 aileden 7 ki\u015finin hayat\u0131n\u0131 kaybetti\u011fini, 6 ki\u015finin yaraland\u0131\u011f\u0131n\u0131 aktard\u0131.<\/p>\n<p><img decoding=\"async\" src=\"https:\/\/bihavadis.com\/wp-content\/uploads\/2026\/02\/israil-ateskese-ragmen-gazzeye-saldirdi-19-kisi-hayatini-kaybetti-1-AfhQxwsk.jpg\"\/><\/p>\n<p><strong>APARTMAN DA\u0130RES\u0130 DE HEDEF ALINDI<\/strong><\/p>\n<p>Gazze kentinin bat\u0131s\u0131ndaki Rimal Mahallesi\u2019nde bir apartman dairesini hedef alan \u0130srail sava\u015f u\u00e7aklar\u0131n\u0131n sald\u0131r\u0131s\u0131nda ise \u00fc\u00e7\u00fc \u00e7ocuk, ikisi kad\u0131n 5 ki\u015fi ya\u015fam\u0131n\u0131 yitirdi, \u00e7ok say\u0131da ki\u015fi yaraland\u0131.<\/p>\n<p><strong>POL\u0130S MERKEZ\u0130 BOMBALANDI <\/strong><\/p>\n<p>A\u00e7\u0131klamaya g\u00f6re ayr\u0131ca \u0130srail, Han Yunus ve Gazze&#8217;nin kuzeyindeki sald\u0131r\u0131lar\u0131n ard\u0131ndan \u015eeyh R\u0131dvan Mahallesi&#8217;nde polis merkezini hedef ald\u0131.<\/p>\n<p><img decoding=\"async\" src=\"https:\/\/bihavadis.com\/wp-content\/uploads\/2026\/02\/israil-ateskese-ragmen-gazzeye-saldirdi-19-kisi-hayatini-kaybetti-2-A7E2HiHl.jpg\"\/><\/p>\n<p><strong>7 K\u0130\u015e\u0130 HAYATINI KAYBETT\u0130 <\/strong><\/p>\n<p>Merkeze d\u00fczenlenen sald\u0131r\u0131da ilk belirlemelere g\u00f6re, 7 ki\u015fi hayat\u0131n\u0131 kaybetti, \u00e7ok say\u0131da ki\u015fi yaraland\u0131.<\/p>\n<p>Bu sald\u0131r\u0131yla sabah saatlerinden itibaren ya\u015fam\u0131n\u0131 yitirenlerin say\u0131s\u0131 19\u2019a y\u00fckseldi.<\/p>\n<p><strong>HAMAS&#8217;TAN A\u00c7IKLAMA <\/strong><\/p>\n<p>Hamas\u2019tan \u0130srail&#8217;in ate\u015fkese ra\u011fmen Gazze \u015eeridi&#8217;ne s\u00fcrd\u00fcrd\u00fc\u011f\u00fc sald\u0131r\u0131lara dair yaz\u0131l\u0131 a\u00e7\u0131klama yap\u0131ld\u0131.<\/p>\n<p>A\u00e7\u0131klamada, \u0130srail\u2019in Han Yunus\u2019ta yerinden edilmi\u015f bir ailenin kald\u0131\u011f\u0131 \u00e7ad\u0131r\u0131 hedef ald\u0131\u011f\u0131, sald\u0131r\u0131da ayn\u0131 aileden 7 ki\u015finin ya\u015fam\u0131n\u0131 yitirdi\u011fi, son saatlerde Gazze\u2019nin \u00e7e\u015fitli b\u00f6lgelerinde hayat\u0131n\u0131 kaybedenlerin say\u0131s\u0131n\u0131n 6\u2019s\u0131 \u00e7ocuk olmak \u00fczere 19\u2019a y\u00fckseldi\u011fi belirtildi.<\/p>\n<p><img decoding=\"async\" src=\"https:\/\/bihavadis.com\/wp-content\/uploads\/2026\/02\/israil-ateskese-ragmen-gazzeye-saldirdi-19-kisi-hayatini-kaybetti-3-ePNphV2z.jpg\"\/><\/p>\n<p><strong>&#8220;ATE\u015eKES ANLA\u015eMASININ A\u00c7IK \u0130HLAL\u0130&#8221;<\/strong><\/p>\n<p>S\u00f6z konusu sald\u0131r\u0131lar\u0131n \u201ccanice bir su\u00e7\u201d oldu\u011fu vurgulanarak sivillerin ve \u00f6zellikle \u00e7ocuklar\u0131n kald\u0131\u011f\u0131 \u00e7ad\u0131rlara y\u00f6nelik bu hedef almalar\u0131n ate\u015fkes anla\u015fmas\u0131n\u0131n <em><b>\u201cyeniden ve a\u00e7\u0131k bi\u00e7imde ihlali\u201d<\/b><\/em> anlam\u0131na geldi\u011fi ifade edildi.<\/p>\n<p>\u0130srail\u2019in, ate\u015fkes anla\u015fmas\u0131n\u0131n imzalanmas\u0131ndan yakla\u015f\u0131k 4 ay sonra dahi Gazze\u2019de sald\u0131r\u0131lar\u0131n\u0131 s\u00fcrd\u00fcrmesinin, anla\u015fmay\u0131 kas\u0131tl\u0131 bi\u00e7imde ge\u00e7ersiz k\u0131lma \u00e7abas\u0131 oldu\u011fu kaydedilen a\u00e7\u0131klamada, bu durumun \u0130srail\u2019in ate\u015fkese ve arabulucular\u0131n \u00e7abalar\u0131na y\u00f6nelik ciddiyetsiz yakla\u015f\u0131m\u0131n\u0131 ortaya koydu\u011fu belirtildi.<\/p>\n<p><img decoding=\"async\" src=\"https:\/\/bihavadis.com\/wp-content\/uploads\/2026\/02\/israil-ateskese-ragmen-gazzeye-saldirdi-19-kisi-hayatini-kaybetti-4-uN9ib7Dn.jpg\"\/><\/p>\n<p><strong>&#8220;TOPLU YOK ETME POL\u0130T\u0130KALARI S\u00dcR\u00dcYOR&#8221;<\/strong><\/p>\n<p>Hamas a\u00e7\u0131klamas\u0131nda, sivilleri s\u0131\u011f\u0131nd\u0131klar\u0131 \u00e7ad\u0131r kamplarda da hedef almas\u0131n\u0131n, \u0130srail y\u00f6netiminin Gazze\u2019ye y\u00f6nelik <em><b>\u201ctoplu yok etme politikas\u0131n\u0131\u201d <\/b><\/em>s\u00fcrd\u00fcrd\u00fc\u011f\u00fcn\u00fcn g\u00f6stergesi oldu\u011fu savunuldu.<\/p>\n<p><strong>ABD&#8217;YE SALDIRILARIN DERHAL DURMASI Y\u00d6N\u00dcNDE \u00c7A\u011eRI<\/strong><\/p>\n<p>A\u00e7\u0131klamada ayr\u0131ca, ate\u015fkes anla\u015fmas\u0131n\u0131n garant\u00f6rleri olan \u00fclkeler ile ABD y\u00f6netimine \u00e7a\u011fr\u0131da bulunularak, \u0130srail\u2019in sald\u0131r\u0131lar\u0131n\u0131n derhal durdurulmas\u0131 ve anla\u015fma h\u00fck\u00fcmlerinin herhangi bir oyalama ya da ka\u00e7\u0131nma olmaks\u0131z\u0131n uygulanmas\u0131n\u0131n sa\u011flanmas\u0131 istendi.<\/p>\n<p><img decoding=\"async\" src=\"https:\/\/bihavadis.com\/wp-content\/uploads\/2026\/02\/israil-ateskese-ragmen-gazzeye-saldirdi-19-kisi-hayatini-kaybetti-5-O67pMuMe.jpg\"\/><\/p>\n<p><strong>GAZZE&#8217;DE CAN KAYBI 72 B\u0130NE DAYANDI <\/strong><\/p>\n<p>Gazze&#8217;de ate\u015fkesin y\u00fcr\u00fcrl\u00fc\u011fe girdi\u011fi 10 Ekim 2025&#8217;ten bu yana \u0130srail&#8217;in sald\u0131r\u0131lar\u0131nda 509 ki\u015fi \u00f6ld\u00fcr\u00fcld\u00fc, 1405 ki\u015fi yaraland\u0131.<\/p>\n<p>\u0130srail\u2019in Ekim 2023\u2019ten bu yana Gazze \u015eeridi\u2019ne y\u00f6nelik sald\u0131r\u0131lar\u0131nda toplam can kayb\u0131 71 bin 769\u2019a, yaral\u0131 say\u0131s\u0131 ise 171 bin 480\u2019in \u00fczerine \u00e7\u0131kt\u0131.<\/p>\n<p><img decoding=\"async\" src=\"https:\/\/bihavadis.com\/wp-content\/uploads\/2026\/02\/israil-ateskese-ragmen-gazzeye-saldirdi-19-kisi-hayatini-kaybetti-6-LdFBxx7M.jpg\"\/><\/p>\n<p><img decoding=\"async\" src=\"https:\/\/bihavadis.com\/wp-content\/uploads\/2026\/02\/israil-ateskese-ragmen-gazzeye-saldirdi-19-kisi-hayatini-kaybetti-7-7VPme5N7.jpg\"\/><\/p>\n<p><img decoding=\"async\" src=\"https:\/\/bihavadis.com\/wp-content\/uploads\/2026\/02\/israil-ateskese-ragmen-gazzeye-saldirdi-19-kisi-hayatini-kaybetti-8-712HxHXA.jpg\"\/><\/p>\n<p><img decoding=\"async\" src=\"https:\/\/bihavadis.com\/wp-content\/uploads\/2026\/02\/israil-ateskese-ragmen-gazzeye-saldirdi-19-kisi-hayatini-kaybetti-9-FT2vZgOc.jpg\"\/><\/p>\n<p><img decoding=\"async\" src=\"https:\/\/bihavadis.com\/wp-content\/uploads\/2026\/02\/israil-ateskese-ragmen-gazzeye-saldirdi-19-kisi-hayatini-kaybetti-10-Wp5iUZ1I.jpg\"\/><\/p>\n<p><img decoding=\"async\" src=\"https:\/\/bihavadis.com\/wp-content\/uploads\/2026\/02\/israil-ateskese-ragmen-gazzeye-saldirdi-19-kisi-hayatini-kaybetti-11-8uxYbhXd.jpg\"\/><\/p>\n<p><img decoding=\"async\" src=\"https:\/\/bihavadis.com\/wp-content\/uploads\/2026\/02\/israil-ateskese-ragmen-gazzeye-saldirdi-19-kisi-hayatini-kaybetti-12-MEvqN4h3.jpg\"\/><\/p>\n","protected":false},"excerpt":{"rendered":"<p>\u0130srail ordusunun, sabah saatlerinden itibaren Gazze \u015eeridi\u2019nin \u00e7e\u015fitli b\u00f6lgelerine d\u00fczenledi\u011fi sald\u0131r\u0131larda 19 Filistinli hayat\u0131n\u0131 kaybetti.<\/p>\n","protected":false},"author":1,"featured_media":10722,"comment_status":"open","ping_status":"open","sticky":false,"template":"","format":"standard","meta":{"footnotes":""},"categories":[6],"tags":[1426,1325,557,792,2392],"class_list":["post-10721","post","type-post","status-publish","format-standard","has-post-thumbnail","hentry","category-dunya","tag-anlasma","tag-ateskes","tag-gazze","tag-israil","tag-saldirilarin"],"_links":{"self":[{"href":"https:\/\/bihavadis.com\/index.php\/wp-json\/wp\/v2\/posts\/10721","targetHints":{"allow":["GET"]}}],"collection":[{"href":"https:\/\/bihavadis.com\/index.php\/wp-json\/wp\/v2\/posts"}],"about":[{"href":"https:\/\/bihavadis.com\/index.php\/wp-json\/wp\/v2\/types\/post"}],"author":[{"embeddable":true,"href":"https:\/\/bihavadis.com\/index.php\/wp-json\/wp\/v2\/users\/1"}],"replies":[{"embeddable":true,"href":"https:\/\/bihavadis.com\/index.php\/wp-json\/wp\/v2\/comments?post=10721"}],"version-history":[{"count":1,"href":"https:\/\/bihavadis.com\/index.php\/wp-json\/wp\/v2\/posts\/10721\/revisions"}],"predecessor-version":[{"id":10736,"href":"https:\/\/bihavadis.com\/index.php\/wp-json\/wp\/v2\/posts\/10721\/revisions\/10736"}],"wp:featuredmedia":[{"embeddable":true,"href":"https:\/\/bihavadis.com\/index.php\/wp-json\/wp\/v2\/media\/10722"}],"wp:attachment":[{"href":"https:\/\/bihavadis.com\/index.php\/wp-json\/wp\/v2\/media?parent=10721"}],"wp:term":[{"taxonomy":"category","embeddable":true,"href":"https:\/\/bihavadis.com\/index.php\/wp-json\/wp\/v2\/categories?post=10721"},{"taxonomy":"post_tag","embeddable":true,"href":"https:\/\/bihavadis.com\/index.php\/wp-json\/wp\/v2\/tags?post=10721"}],"curies":[{"name":"wp","href":"https:\/\/api.w.org\/{rel}","templated":true}]}}