{"id":11298,"date":"2026-02-02T06:45:05","date_gmt":"2026-02-02T06:45:05","guid":{"rendered":"https:\/\/bihavadis.com\/?p=11298"},"modified":"2026-02-02T06:45:05","modified_gmt":"2026-02-02T06:45:05","slug":"gianmarco-pozzeccodan-a-milli-basketbol-takimina-ovguler","status":"publish","type":"post","link":"https:\/\/bihavadis.com\/index.php\/2026\/02\/02\/gianmarco-pozzeccodan-a-milli-basketbol-takimina-ovguler\/","title":{"rendered":"Gianmarco Pozzecco&#8217;dan A Milli Basketbol Tak\u0131m\u0131&#8217;na \u00f6vg\u00fcler"},"content":{"rendered":"<p>Galatasaray Erkek Basketbol Tak\u0131m\u0131 Ba\u015fantren\u00f6r\u00fc Gianmarco Pozzecco, A Milli Basketbol Tak\u0131m\u0131&#8217;n\u0131n 2025 Avrupa \u015eampiyonas\u0131&#8217;nda (EuroBasket 2025) b\u00fcy\u00fck bir ba\u015far\u0131 elde etti\u011fini s\u00f6yledi.<\/p>\n<p>Galatasaray&#8217;a gelmeden \u00f6nce Dinamo Sassari, ASVEL ve \u0130talya Milli Tak\u0131m\u0131&#8217;n\u0131n ba\u015fantren\u00f6rl\u00fc\u011f\u00fcn\u00fc yapan Pozzecco, AA muhabirine a\u00e7\u0131klamalarda bulundu.<\/p>\n<p><img decoding=\"async\" src=\"https:\/\/bihavadis.com\/wp-content\/uploads\/2026\/02\/gianmarco-pozzeccodan-a-milli-basketbol-takimina-ovguler-0-KR5cmsIG.jpg\"\/><\/p>\n<p><strong>&#8220;T\u00dcRK\u0130YE, \u0130NANILMAZ B\u0130R BA\u015eARI G\u00d6STERD\u0130&#8221;<\/strong><\/p>\n<p>EuroBasket 2025&#8217;te \u0130talya Milli Tak\u0131m\u0131&#8217;n\u0131 \u00e7al\u0131\u015ft\u0131ran Pozzecco, T\u00fcrkiye&#8217;nin bu organizasyondaki ba\u015far\u0131s\u0131na \u015fa\u015f\u0131rmad\u0131\u011f\u0131n\u0131 belirterek, <em><b>&#8220;T\u00fcrkiye, EuroBasket&#8217;te inan\u0131lmaz bir ba\u015far\u0131 g\u00f6sterdi. Alperen \u015eeng\u00fcn de b\u00fcy\u00fck fark olu\u015fturdu. Bu ba\u015far\u0131ya \u015fa\u015f\u0131rmad\u0131m. Ergin Ataman, \u015fu anda Avrupa&#8217;n\u0131n en iyi ko\u00e7lar\u0131ndan biri. \u00c7ok iyi oyunculara sahipsiniz. \u00c7ok iyi bir i\u015f \u00e7\u0131kard\u0131n\u0131z. Ayn\u0131 zamanda arkada\u015f\u0131m olan T\u00fcrkiye Basketbol Federasyonu Ba\u015fkan\u0131 Hidayet T\u00fcrko\u011flu&#8217;nu tebrik ediyorum. B\u00fct\u00fcn basketbolcular, y\u00f6netim taraf\u0131na ge\u00e7ince ba\u015far\u0131l\u0131 olamayabiliyor. Hidayet ise harika i\u015f \u00e7\u0131kard\u0131. Basketbol S\u00fcper Ligi, A Milli Basketbol Tak\u0131m\u0131 ve Basketbol Geli\u015fim Merkezi, \u015fu anda harika durumda. Bu y\u00fczden onun harika bir i\u015f \u00e7\u0131kard\u0131\u011f\u0131n\u0131 d\u00fc\u015f\u00fcn\u00fcyorum.&#8221;<\/b><\/em> ifadelerini kulland\u0131.<\/p>\n<p><strong>&#8220;ALPEREN&#8217;\u0130 KADROMDA G\u00d6RMEK \u0130STERD\u0130M&#8221;<\/strong><\/p>\n<p>Milli basketbolcu Alperen \u015eeng\u00fcn&#8217;den \u00f6vg\u00fcyle s\u00f6z eden Pozzecco, <em><b>&#8220;\u0130talya Milli Tak\u0131m\u0131&#8217;n\u0131 \u00e7al\u0131\u015ft\u0131rd\u0131\u011f\u0131m d\u00f6nemde Alperen \u015eeng\u00fcn&#8217;\u00fc kadromda g\u00f6rmek isterdim. Ba\u015fka iyi oyuncular\u0131n\u0131z da var. Serta\u00e7 \u015eanl\u0131, Ercan Osmani ve Cedi Osman gibi iyi oyunculara sahipsiniz. Yine de bir oyuncu se\u00e7ecek olsam Alperen \u015eeng\u00fcn&#8217;\u00fc se\u00e7erdim. Shane Larkin&#8217;i de unutmamak gerekiyor.&#8221;<\/b><\/em> diye konu\u015ftu.<\/p>\n<p><strong>&#8220;BASKETBOLCU OLARAK B\u00dcY\u00dcD\u00dcM&#8221;<\/strong><\/p>\n<p>Galatasaray&#8217;da geldi\u011finden beri fazla de\u011fi\u015fiklik yapmad\u0131\u011f\u0131n\u0131 aktaran Pozzecco, \u015funlar\u0131 kaydetti:<\/p>\n<p>Benden \u00f6nceki ba\u015fantren\u00f6r Yakup Sekizk\u00f6k iyi bir i\u015f \u00e7\u0131karm\u0131\u015f. Yine de her ko\u00e7un basketbolla ilgili farkl\u0131 fikri vard\u0131r. Farkl\u0131 felsefelere sahip olabilirsiniz. Benim de bir felsefem var. Tak\u0131m olarak savunma yapmal\u0131y\u0131z. Birbirimize yard\u0131mc\u0131 olmal\u0131y\u0131z ve topu payla\u015fmal\u0131y\u0131z. Sahada pas vermeyen bir oyuncu sevilmez. Basketbolcu olarak b\u00fcy\u00fcd\u00fcm. Bu y\u00fczden h\u00fccumda topun payla\u015f\u0131lmas\u0131 gerekti\u011fini bilirim. \u0130yi defans yapmak da \u00f6nemli. Bunlar\u0131n \u00fczerine \u00e7al\u0131\u015f\u0131yorum. Her zaman oyuncular\u0131mla ilgilenmeye \u00e7al\u0131\u015f\u0131r\u0131m. Basketbol, bir tak\u0131m sporu. Oyuncular\u0131n da ki\u015fisel hedefleri ve hayalleri var. Bunlara ula\u015fmalar\u0131 i\u00e7in oyunculara yard\u0131mc\u0131 olmal\u0131y\u0131m.<\/p>\n<p><strong>&#8220;MA\u00c7LARI KAZANMAYI HEDEFL\u0130YORUM&#8221;<\/strong><\/p>\n<p>Sar\u0131-k\u0131rm\u0131z\u0131l\u0131 tak\u0131m ile bu sezonki hedeflerine de\u011finen \u0130talyan \u00e7al\u0131\u015ft\u0131r\u0131c\u0131, <em><b>&#8220;Ma\u00e7lar\u0131 kazanmay\u0131 hedefliyorum. B\u00f6ylece taraftarlar\u0131 da salona \u00e7ekmek istiyorum. Ma\u00e7larda daha fazla taraftara ihtiyac\u0131m\u0131z var. Sahada duygular\u0131n\u0131zla oynarsan\u0131z, taraftarlar da bunu hisseder. B\u00f6ylece ma\u00e7lar\u0131 izlemeye gelebilirler. \u015eu anki hedefimiz bu. Taraftarlar\u0131n ma\u00e7lara daha fazla gelmesini istiyoruz.&#8221; <\/b><\/em>dedi.<\/p>\n<p><strong>&#8220;L\u0130G, \u0130NANILMAZ B\u0130R SEV\u0130YEDE&#8221;<\/strong><\/p>\n<p>\u0130talyan \u00e7al\u0131\u015ft\u0131r\u0131c\u0131, T\u00fcrkiye Basketbol S\u00fcper Ligi&#8217;nde \u00e7ok g\u00fc\u00e7l\u00fc tak\u0131mlar\u0131n m\u00fccadele etti\u011fini dile getirerek, <em><b>&#8220;Lig, inan\u0131lmaz bir seviyede. Bence T\u00fcrkiye Basketbol S\u00fcper Ligi, Avrupa basketbolunda \u00e7ok iyi bir konumda. \u0130spanya Ligi ile k\u0131yaslayabiliriz. Fenerbah\u00e7e, Basketbol Avrupa Ligi&#8217;ni (EuroLeague) kazand\u0131. Be\u015fikta\u015f ve Bah\u00e7e\u015fehir Koleji de iyi bir performans g\u00f6steriyor. Ligde \u00e7ok m\u00fccadeleci ve iyi b\u00fct\u00e7eye sahip tak\u0131mlar var. \u0130nan\u0131lmaz salonlar da var.&#8221;<\/b><\/em> \u015feklinde g\u00f6r\u00fc\u015f belirtti.<\/p>\n<p><strong>&#8220;ZOR MA\u00c7LAR OYNUYORUZ&#8221;<\/strong><\/p>\n<p>Avrupa basketbolundaki uluslararas\u0131 organizasyonlar\u0131 de\u011ferlendiren \u0130talyan ba\u015fantren\u00f6r, s\u00f6zlerini \u015f\u00f6yle s\u00fcrd\u00fcrd\u00fc:<\/p>\n<p>Basketbol Avrupa Ligi, \u015fu anda Avrupa&#8217;daki en iyi organizasyon. Eskiden BKT Avrupa Kupas\u0131 ikinci s\u0131rada, Basketbol \u015eampiyonlar Ligi de \u00fc\u00e7\u00fcnc\u00fc s\u0131radayd\u0131. \u015eimdi bu durum de\u011fi\u015fti. Basketbol \u015eampiyonlar Ligi, BKT Avrupa Kupas\u0131&#8217;n\u0131 ge\u00e7ti. Art\u0131k Basketbol \u015eampiyonlar Ligi ikinci s\u0131rada. Basketbol \u015eampiyonlar Ligi, her ge\u00e7en g\u00fcn zorla\u015f\u0131yor. Bu tak\u0131mlar\u0131n hepsiyle m\u00fccadele etmek de kolay de\u011fil. Le Mans ile oynad\u0131k. Ger\u00e7ekten \u00e7ok iyi bir tak\u0131m. Basketbol \u015eampiyonlar Ligi&#8217;nde de zor ma\u00e7lar oynuyoruz. Bu y\u00fczden o ma\u00e7lardan sonra dinlenemiyoruz.<\/p>\n<p><strong>&#8220;GALATASARAY&#8217;IN NBA AVRUPA&#8217;DA YER ALMASINI \u0130STER\u0130M&#8221;<\/strong><\/p>\n<p>NBA Avrupa projesiyle ilgili g\u00f6r\u00fc\u015flerini belirten 53 ya\u015f\u0131ndaki \u00e7al\u0131\u015ft\u0131r\u0131c\u0131,<em><b> &#8220;NBA&#8217;in d\u00fcnyas\u0131, bu i\u015fte her \u015feyin \u00fcst\u00fcnde. Bu i\u015fin en iyisi onlar. \u0130talya Basketbol Federasyonu Ba\u015fkan\u0131 Gianni Petrucci ile konu\u015ftum. O da bana \u0130talya ekiplerinden NBA Avrupa projesine kat\u0131l\u0131m olabilece\u011fini s\u00f6yledi. Galatasaray da NBA Avrupa&#8217;n\u0131n bir par\u00e7as\u0131 olabilir. Y\u00f6neticiler, bu projeye kat\u0131lmam\u0131z i\u00e7in u\u011fra\u015f\u0131yor. Galatasaray&#8217;\u0131n NBA Avrupa&#8217;da yer almas\u0131n\u0131 isterim.&#8221; <\/b><\/em>ifadelerini kulland\u0131.<\/p>\n<p><strong>&#8220;E\u015e\u0130M, ONA BU \u0130SM\u0130 3 SENE \u00d6NDE VERD\u0130&#8221;<\/strong><\/p>\n<p>Gianmarco Pozzecco, k\u0131z\u0131n\u0131n isminin<em><b> &#8220;Gala&#8221;<\/b><\/em> oldu\u011funu dile getirerek, <em><b>&#8220;E\u015fim, ona bu ismi 3 sene \u00f6nce verdi. 16 \u015eubat&#8217;ta do\u011fmu\u015ftu. Sportif direkt\u00f6r Vladimir Micov beni arad\u0131. Tak\u0131m\u0131n isminden dolay\u0131 bu garip oldu ama arkas\u0131nda &#8216;Gala&#8217; yaz\u0131l\u0131 ti\u015f\u00f6rtler almak da anlaml\u0131 oldu.&#8221;<\/b><\/em> de\u011ferlendirmesinde bulundu.<\/p>\n","protected":false},"excerpt":{"rendered":"<p>Galatasaray MCT Technic Ba\u015fantren\u00f6r\u00fc Pozzecco, &#8220;T\u00fcrkiye, EuroBasket&#8217;te inan\u0131lmaz bir ba\u015far\u0131 g\u00f6sterdi. Alperen \u015eeng\u00fcn de b\u00fcy\u00fck fark olu\u015fturdu. Bu ba\u015far\u0131ya \u015fa\u015f\u0131rmad\u0131m. Ergin Ataman, \u015fu anda Avrupa&#8217;n\u0131n en iyi ko\u00e7lar\u0131ndan biri&#8221; dedi.<\/p>\n","protected":false},"author":1,"featured_media":11299,"comment_status":"open","ping_status":"open","sticky":false,"template":"","format":"standard","meta":{"footnotes":""},"categories":[14],"tags":[1090,39,2485,2486,1728],"class_list":["post-11298","post","type-post","status-publish","format-standard","has-post-thumbnail","hentry","category-spor","tag-avrupa","tag-basketbol","tag-italya","tag-maclar","tag-oyuncu"],"_links":{"self":[{"href":"https:\/\/bihavadis.com\/index.php\/wp-json\/wp\/v2\/posts\/11298","targetHints":{"allow":["GET"]}}],"collection":[{"href":"https:\/\/bihavadis.com\/index.php\/wp-json\/wp\/v2\/posts"}],"about":[{"href":"https:\/\/bihavadis.com\/index.php\/wp-json\/wp\/v2\/types\/post"}],"author":[{"embeddable":true,"href":"https:\/\/bihavadis.com\/index.php\/wp-json\/wp\/v2\/users\/1"}],"replies":[{"embeddable":true,"href":"https:\/\/bihavadis.com\/index.php\/wp-json\/wp\/v2\/comments?post=11298"}],"version-history":[{"count":1,"href":"https:\/\/bihavadis.com\/index.php\/wp-json\/wp\/v2\/posts\/11298\/revisions"}],"predecessor-version":[{"id":11301,"href":"https:\/\/bihavadis.com\/index.php\/wp-json\/wp\/v2\/posts\/11298\/revisions\/11301"}],"wp:featuredmedia":[{"embeddable":true,"href":"https:\/\/bihavadis.com\/index.php\/wp-json\/wp\/v2\/media\/11299"}],"wp:attachment":[{"href":"https:\/\/bihavadis.com\/index.php\/wp-json\/wp\/v2\/media?parent=11298"}],"wp:term":[{"taxonomy":"category","embeddable":true,"href":"https:\/\/bihavadis.com\/index.php\/wp-json\/wp\/v2\/categories?post=11298"},{"taxonomy":"post_tag","embeddable":true,"href":"https:\/\/bihavadis.com\/index.php\/wp-json\/wp\/v2\/tags?post=11298"}],"curies":[{"name":"wp","href":"https:\/\/api.w.org\/{rel}","templated":true}]}}