{"id":12459,"date":"2026-02-03T00:15:06","date_gmt":"2026-02-03T00:15:06","guid":{"rendered":"https:\/\/bihavadis.com\/?p=12459"},"modified":"2026-02-03T00:15:06","modified_gmt":"2026-02-03T00:15:06","slug":"avrupa-ulkesini-sarsan-skandal-cumhurbaskaninin-evli-danismani-ile-yasak-askinin-18-goruntuleri-sizdi","status":"publish","type":"post","link":"https:\/\/bihavadis.com\/index.php\/2026\/02\/03\/avrupa-ulkesini-sarsan-skandal-cumhurbaskaninin-evli-danismani-ile-yasak-askinin-18-goruntuleri-sizdi\/","title":{"rendered":"Avrupa \u00fclkesini sarsan skandal! Cumhurba\u015fkan\u0131n\u0131n evli dan\u0131\u015fman\u0131 ile yasak a\u015fk\u0131n\u0131n +18 g\u00f6r\u00fcnt\u00fcleri s\u0131zd\u0131"},"content":{"rendered":"<p>Karada\u011f&#8217;da \u0130nsan Haklar\u0131n\u0131n Geli\u015ftirilmesi ve Korunmas\u0131&#8217;ndan sorumlu Genel M\u00fcd\u00fcr Mirjana Pajkovi\u00e7 ile Cumhurba\u015fkan\u0131 dan\u0131\u015fman\u0131 Dejan Vuksic&#8217;e ait oldu\u011fu \u00f6ne s\u00fcr\u00fclen g\u00f6r\u00fcnt\u00fclerin yay\u0131nlanmas\u0131 \u00fclkede geni\u015f yank\u0131 uyand\u0131rd\u0131. Skandal\u0131n ard\u0131ndan daha \u00f6nce istifa eden Vuksic&#8217;ten sonra, Pajkovi\u00e7 de g\u00f6revinden ayr\u0131ld\u0131\u011f\u0131n\u0131 a\u00e7\u0131klad\u0131.<\/p>\n<p><b>G\u00d6R\u00dcNT\u00dcLER SONRASI \u0130ST\u0130FA Z\u0130NC\u0130R\u0130<\/b><\/p>\n<p>Bir d\u00f6nem duygusal ili\u015fki ya\u015fad\u0131klar\u0131 belirtilen Pajkovi\u00e7 ve Vuksic&#8217;e ait oldu\u011fu iddia edilen g\u00f6r\u00fcnt\u00fclerin kamuoyuna yans\u0131mas\u0131n\u0131n ard\u0131ndan, Cumhurba\u015fkan\u0131 dan\u0131\u015fman\u0131 Dejan Vuksic aral\u0131k ay\u0131nda istifa etmi\u015fti. Bug\u00fcn ise Mirjana Pajkovi\u00e7, ya\u015fanan geli\u015fmeler nedeniyle g\u00f6revinden ayr\u0131ld\u0131\u011f\u0131n\u0131 duyurdu.<\/p>\n<div>\n<figure><img decoding=\"async\" src=\"https:\/\/bihavadis.com\/wp-content\/uploads\/2026\/02\/avrupa-ulkesini-sarsan-skandal-cumhurbaskaninin-evli-danismani-ile-yasak-askinin-18-goruntuleri-sizdi-0-Iq5286uG.jpg\"\/>Dejan Vuksic<\/figure>\n<\/div>\n<p>\u0130kilinin ne zaman birlikte olduklar\u0131na dair resmi bir bilgi payla\u015f\u0131lmazken, Vuksic&#8217;in evli oldu\u011fu bilgisi kamuoyuna yans\u0131m\u0131\u015ft\u0131. Pajkovi\u00e7 ise sosyal medyada payla\u015ft\u0131\u011f\u0131 iddial\u0131 foto\u011fraflarla tan\u0131nan bir isim olarak biliniyordu.<\/p>\n<div>\n<figure><img decoding=\"async\" src=\"https:\/\/bihavadis.com\/wp-content\/uploads\/2026\/02\/avrupa-ulkesini-sarsan-skandal-cumhurbaskaninin-evli-danismani-ile-yasak-askinin-18-goruntuleri-sizdi-1-dGExsuPU.jpg\"\/>Mirjana Pajkovi\u00e7<\/figure>\n<\/div>\n<p><b>\u015eANTAJ \u0130DD\u0130ASI: CUMHURBA\u015eKANI M\u00dcDAHALE ETMED\u0130<\/b><\/p>\n<p>G\u00f6r\u00fcnt\u00fclerin nas\u0131l s\u0131zd\u0131r\u0131ld\u0131\u011f\u0131na ili\u015fkin netlik bulunmazken, Pajkovi\u00e7 kamuoyuna yapt\u0131\u011f\u0131 a\u00e7\u0131klamalarda Dejan Vuksic&#8217;i kendisine \u015fantaj yapmakla su\u00e7lad\u0131. Pajkovi\u00e7, Vuksic&#8217;in ili\u015fkiye dair sessiz kalmas\u0131 i\u00e7in s\u00f6z konusu g\u00f6r\u00fcnt\u00fcleri bask\u0131 unsuru olarak kulland\u0131\u011f\u0131n\u0131 \u00f6ne s\u00fcrd\u00fc.<\/p>\n<p>Karada\u011f gazetesi Pobjeda&#8217;ya konu\u015fan Pajkovi\u00e7, g\u00f6r\u00fcnt\u00fclerin varl\u0131\u011f\u0131ndan haberdar olmad\u0131\u011f\u0131n\u0131 belirterek, &#8220;Bana zarar verebilece\u011finden korkuyordum&#8221; ifadelerini kulland\u0131. Pajkovi\u00e7 ayr\u0131ca Cumhurba\u015fkan\u0131 Jakov Milatovi\u00e7&#8217;in durumdan haberdar oldu\u011funu ancak s\u00fcrece m\u00fcdahale etmedi\u011fini iddia etti.<\/p>\n<div>\n<figure><img decoding=\"async\" src=\"https:\/\/bihavadis.com\/wp-content\/uploads\/2026\/02\/avrupa-ulkesini-sarsan-skandal-cumhurbaskaninin-evli-danismani-ile-yasak-askinin-18-goruntuleri-sizdi-2-g2xOdX7d.jpg\"\/><\/figure>\n<\/div>\n<p><b>&#8220;HER KADIN SES\u0130N\u0130 Y\u00dcKSELTMEL\u0130&#8221;<\/b><\/p>\n<p>Ya\u015fad\u0131klar\u0131n\u0131 kamuoyuyla payla\u015fan Pajkovi\u00e7, kad\u0131nlara da \u00e7a\u011fr\u0131da bulunarak, tehdit ve bask\u0131 kar\u015f\u0131s\u0131nda sessiz kal\u0131nmamas\u0131 gerekti\u011fini vurgulad\u0131. Pajkovi\u00e7, n\u00fcfuz sahibi ki\u015filer taraf\u0131ndan bask\u0131 kurulmas\u0131 halinde bunun dile getirilmesinin \u00f6nemine dikkat \u00e7ekti.<\/p>\n<p><b>KAR\u015eILIKLI SU\u00c7 DUYURUSU<\/b><\/p>\n<p>Pajkovi\u00e7, g\u00f6r\u00fcnt\u00fclerin yay\u0131mlanmas\u0131 gerek\u00e7esiyle Dejan Vuksic hakk\u0131nda su\u00e7 duyurusunda bulundu. Vuksic ise iddialar\u0131 reddederek, s\u00f6z konusu g\u00f6r\u00fcnt\u00fclerin Pajkovi\u00e7 taraf\u0131ndan \u00e7ekildi\u011fini savundu ve kendisinin tehdit edildi\u011fini ileri s\u00fcrd\u00fc. Vuksic de Pajkovi\u00e7 hakk\u0131nda su\u00e7 duyurusunda bulundu\u011funu a\u00e7\u0131klad\u0131. Vuksic, &#8220;G\u00f6r\u00fcnt\u00fcleri ilk kez yasa d\u0131\u015f\u0131 \u015fekilde sosyal medyada yay\u0131ld\u0131\u011f\u0131nda g\u00f6rd\u00fcm. Hakk\u0131mdaki su\u00e7lamalar ger\u00e7e\u011fi yans\u0131tm\u0131yor&#8221; dedi.<\/p>\n","protected":false},"excerpt":{"rendered":"<p>Balkan \u00fclkesi Karada\u011f, cinsel ili\u015fki g\u00f6r\u00fcnt\u00fcleri ile sars\u0131l\u0131yor. Cumhurba\u015fkan\u0131 dan\u0131\u015fman\u0131 Dejan Vuksic ile Mirjana Pajkovi\u00e7&#8217;e ait oldu\u011fu ifade edilen cinsel ili\u015fki g\u00f6r\u00fcnt\u00fcleri s\u0131zd\u0131, ikili istifa etti. Pajkovi\u00e7, Vuksic&#8217;i kendisine \u015fantaj yapmakla su\u00e7lad\u0131 ve g\u00f6r\u00fcnt\u00fclerin varl\u0131\u011f\u0131ndan haberdar olmad\u0131\u011f\u0131n\u0131 belirtti. Her iki taraf da birbirlerine kar\u015f\u0131 su\u00e7 duyurusunda bulundu.<\/p>\n","protected":false},"author":1,"featured_media":12460,"comment_status":"open","ping_status":"open","sticky":false,"template":"","format":"standard","meta":{"footnotes":""},"categories":[12],"tags":[2637,1406,286],"class_list":["post-12459","post","type-post","status-publish","format-standard","has-post-thumbnail","hentry","category-siyaset","tag-goruntulerin","tag-iddia","tag-suc"],"_links":{"self":[{"href":"https:\/\/bihavadis.com\/index.php\/wp-json\/wp\/v2\/posts\/12459","targetHints":{"allow":["GET"]}}],"collection":[{"href":"https:\/\/bihavadis.com\/index.php\/wp-json\/wp\/v2\/posts"}],"about":[{"href":"https:\/\/bihavadis.com\/index.php\/wp-json\/wp\/v2\/types\/post"}],"author":[{"embeddable":true,"href":"https:\/\/bihavadis.com\/index.php\/wp-json\/wp\/v2\/users\/1"}],"replies":[{"embeddable":true,"href":"https:\/\/bihavadis.com\/index.php\/wp-json\/wp\/v2\/comments?post=12459"}],"version-history":[{"count":1,"href":"https:\/\/bihavadis.com\/index.php\/wp-json\/wp\/v2\/posts\/12459\/revisions"}],"predecessor-version":[{"id":12464,"href":"https:\/\/bihavadis.com\/index.php\/wp-json\/wp\/v2\/posts\/12459\/revisions\/12464"}],"wp:featuredmedia":[{"embeddable":true,"href":"https:\/\/bihavadis.com\/index.php\/wp-json\/wp\/v2\/media\/12460"}],"wp:attachment":[{"href":"https:\/\/bihavadis.com\/index.php\/wp-json\/wp\/v2\/media?parent=12459"}],"wp:term":[{"taxonomy":"category","embeddable":true,"href":"https:\/\/bihavadis.com\/index.php\/wp-json\/wp\/v2\/categories?post=12459"},{"taxonomy":"post_tag","embeddable":true,"href":"https:\/\/bihavadis.com\/index.php\/wp-json\/wp\/v2\/tags?post=12459"}],"curies":[{"name":"wp","href":"https:\/\/api.w.org\/{rel}","templated":true}]}}