{"id":12488,"date":"2026-02-03T00:36:07","date_gmt":"2026-02-03T00:36:07","guid":{"rendered":"https:\/\/bihavadis.com\/?p=12488"},"modified":"2026-02-03T00:36:07","modified_gmt":"2026-02-03T00:36:07","slug":"malatyada-derslik-sayisi-deprem-oncesinin-uzerine-cikti","status":"publish","type":"post","link":"https:\/\/bihavadis.com\/index.php\/2026\/02\/03\/malatyada-derslik-sayisi-deprem-oncesinin-uzerine-cikti\/","title":{"rendered":"Malatya\u2019da derslik say\u0131s\u0131 deprem \u00f6ncesinin \u00fczerine \u00e7\u0131kt\u0131"},"content":{"rendered":"<p>Kahramanmara\u015f merkezli depremler sonras\u0131 a\u011f\u0131r hasar alan ve y\u0131k\u0131lan okullar\u0131n yerine in\u015fa edilen yeni binalarla Malatya\u2019daki derslik kapasitesi \u00f6nemli \u00f6l\u00e7\u00fcde art\u0131r\u0131ld\u0131. Deprem \u00f6ncesinde 6 bin 177 olan derslik say\u0131s\u0131, yap\u0131lan \u00e7al\u0131\u015fmalarla 6 bin 613\u2019e ula\u015ft\u0131.<\/p>\n<p><strong>895 DERSL\u0130K G\u0130TT\u0130, 1331 DERSL\u0130K YAPILDI<\/strong><\/p>\n<p>Depremler sonras\u0131nda kent genelinde 895 dersli\u011fin kullan\u0131lamaz hale geldi\u011fi belirtilirken, bu kayb\u0131n yerine 1331 yeni dersli\u011fin hizmete al\u0131nd\u0131\u011f\u0131 bildirildi. Milli E\u011fitim Bakanl\u0131\u011f\u0131 ile hay\u0131rseverlerin katk\u0131s\u0131yla planlanan projelerin tamamlanmas\u0131yla derslik say\u0131s\u0131n\u0131n 7 bin 758\u2019e \u00e7\u0131kar\u0131lmas\u0131 hedefleniyor.<\/p>\n<p><strong>VAL\u0130 YAVUZ: &#8220;E\u011e\u0130T\u0130M ALTYAPISINI DAHA G\u00dc\u00c7L\u00dc HALE GET\u0130RD\u0130K&#8221;<\/strong><\/p>\n<p>Malatya Valisi Seddar Yavuz, deprem sonras\u0131 bar\u0131nma ihtiyac\u0131n\u0131n yan\u0131 s\u0131ra e\u011fitim-\u00f6\u011fretim s\u00fcrecinin kesintisiz s\u00fcrmesi i\u00e7in yo\u011fun bir yat\u0131r\u0131m program\u0131 y\u00fcr\u00fct\u00fcld\u00fc\u011f\u00fcn\u00fc s\u00f6yledi.<\/p>\n<p>Depremde kaybedilen dersliklerin \u00e7ok daha fazlas\u0131n\u0131n yeniden kazand\u0131r\u0131ld\u0131\u011f\u0131n\u0131 vurgulayan Yavuz,<b><em> \u201c895 dersli\u011fi depremlerde kaybettik ancak bunun yerine 1331 derslik in\u015fa ettik.\u201d <\/em><\/b>dedi.<\/p>\n<p><img decoding=\"async\" src=\"https:\/\/bihavadis.com\/wp-content\/uploads\/2026\/02\/malatyada-derslik-sayisi-deprem-oncesinin-uzerine-cikti-0-9fDZhGRn.jpg\"\/><\/p>\n<p><strong>KAPAS\u0130TEDE Y\u00dcZDE 26 ARTI\u015e HEDEF\u0130<\/strong><\/p>\n<p>Yap\u0131m\u0131 s\u00fcren e\u011fitim binalar\u0131n\u0131n da tamamlanmas\u0131yla derslik kapasitesinin deprem \u00f6ncesine g\u00f6re yakla\u015f\u0131k y\u00fczde 26 artaca\u011f\u0131n\u0131 belirten Yavuz, fiziki altyap\u0131 \u00e7al\u0131\u015fmalar\u0131n\u0131n b\u00fcy\u00fck \u00f6l\u00e7\u00fcde tamamland\u0131\u011f\u0131n\u0131 ifade etti.<\/p>\n<p>Vali Yavuz, <b><em>\u201cE\u011fitimde fiziki altyap\u0131y\u0131 g\u00fc\u00e7lendirdik. Bundan sonraki a\u015famada e\u011fitim kalitesini daha yukar\u0131 ta\u015f\u0131maya odaklanaca\u011f\u0131z.\u201d<\/em><\/b> diye konu\u015ftu.<\/p>\n<p><strong>KAMU YATIRIMLARI KENT GENEL\u0130NDE DEVAM ED\u0130YOR<\/strong><\/p>\n<p>Kentte yaln\u0131zca okullar\u0131n de\u011fil, di\u011fer kamu binalar\u0131 ve hizmet alanlar\u0131nda da \u00e7al\u0131\u015fmalar\u0131n s\u00fcrd\u00fc\u011f\u00fcn\u00fc dile getiren Yavuz, <b><em>\u201cBu s\u00fcre\u00e7, devletimizin ve milletimizin ortak ba\u015far\u0131s\u0131d\u0131r. T\u00fcm kurumlar\u0131m\u0131zla ve Malatya halk\u0131yla birlik ve beraberlik i\u00e7inde \u00e7al\u0131\u015farak depremin izlerini her ge\u00e7en g\u00fcn siliyoruz.\u201d<\/em><\/b> ifadelerini kulland\u0131.<\/p>\n<p><img decoding=\"async\" src=\"https:\/\/bihavadis.com\/wp-content\/uploads\/2026\/02\/malatyada-derslik-sayisi-deprem-oncesinin-uzerine-cikti-1-tJsuNQbb.jpg\"\/><\/p>\n","protected":false},"excerpt":{"rendered":"<p>6 \u015eubat 2023 depremlerinden etkilenen Malatya\u2019da y\u00fcr\u00fct\u00fclen e\u011fitim yat\u0131r\u0131mlar\u0131yla derslik say\u0131s\u0131 deprem \u00f6ncesini a\u015farak 6 bin 613\u2019e y\u00fckseldi.<\/p>\n","protected":false},"author":1,"featured_media":12489,"comment_status":"open","ping_status":"open","sticky":false,"template":"","format":"standard","meta":{"footnotes":""},"categories":[7],"tags":[60,2642,233,742],"class_list":["post-12488","post","type-post","status-publish","format-standard","has-post-thumbnail","hentry","category-egitim","tag-deprem","tag-derslik","tag-egitim","tag-yavuz"],"_links":{"self":[{"href":"https:\/\/bihavadis.com\/index.php\/wp-json\/wp\/v2\/posts\/12488","targetHints":{"allow":["GET"]}}],"collection":[{"href":"https:\/\/bihavadis.com\/index.php\/wp-json\/wp\/v2\/posts"}],"about":[{"href":"https:\/\/bihavadis.com\/index.php\/wp-json\/wp\/v2\/types\/post"}],"author":[{"embeddable":true,"href":"https:\/\/bihavadis.com\/index.php\/wp-json\/wp\/v2\/users\/1"}],"replies":[{"embeddable":true,"href":"https:\/\/bihavadis.com\/index.php\/wp-json\/wp\/v2\/comments?post=12488"}],"version-history":[{"count":1,"href":"https:\/\/bihavadis.com\/index.php\/wp-json\/wp\/v2\/posts\/12488\/revisions"}],"predecessor-version":[{"id":12492,"href":"https:\/\/bihavadis.com\/index.php\/wp-json\/wp\/v2\/posts\/12488\/revisions\/12492"}],"wp:featuredmedia":[{"embeddable":true,"href":"https:\/\/bihavadis.com\/index.php\/wp-json\/wp\/v2\/media\/12489"}],"wp:attachment":[{"href":"https:\/\/bihavadis.com\/index.php\/wp-json\/wp\/v2\/media?parent=12488"}],"wp:term":[{"taxonomy":"category","embeddable":true,"href":"https:\/\/bihavadis.com\/index.php\/wp-json\/wp\/v2\/categories?post=12488"},{"taxonomy":"post_tag","embeddable":true,"href":"https:\/\/bihavadis.com\/index.php\/wp-json\/wp\/v2\/tags?post=12488"}],"curies":[{"name":"wp","href":"https:\/\/api.w.org\/{rel}","templated":true}]}}