{"id":12628,"date":"2026-02-03T02:39:06","date_gmt":"2026-02-03T02:39:06","guid":{"rendered":"https:\/\/bihavadis.com\/?p=12628"},"modified":"2026-02-03T02:39:06","modified_gmt":"2026-02-03T02:39:06","slug":"pep-guardiolanin-filistin-icin-soylediklerine-begeni-yagiyor","status":"publish","type":"post","link":"https:\/\/bihavadis.com\/index.php\/2026\/02\/03\/pep-guardiolanin-filistin-icin-soylediklerine-begeni-yagiyor\/","title":{"rendered":"Pep Guardiola&#8217;n\u0131n Filistin i\u00e7in s\u00f6ylediklerine be\u011feni ya\u011f\u0131yor"},"content":{"rendered":"<p>Manchester City Teknik Direkt\u00f6r\u00fc Pep Guardiola, Galatasaray&#8217;\u0131 UEFA \u015eampiyonlar Ligi&#8217;nde 2-0 ma\u011flup ederek ilk 8&#8217;e kal\u0131nan ma\u00e7\u0131n ard\u0131ndan Barcelona&#8217;ya gitti. \u0130spanyol teknik adam, Filistin i\u00e7in d\u00fczenlenen yard\u0131m etkinli\u011fine kat\u0131larak duygusal bir konu\u015fma yapt\u0131.<\/p>\n<p><b>&#8220;ONLARI YALNIZ VE TERK ED\u0130LM\u0130\u015e BIRAKTIK&#8221;<\/b><\/p>\n<p>Bir\u00e7ok \u00fcnl\u00fc ismin yer ald\u0131\u011f\u0131 etkinlikte konu\u015fan Guardiola, Filistinli \u00e7ocuklar\u0131n ya\u015fad\u0131\u011f\u0131 ac\u0131lara dikkat \u00e7ekti. Deneyimli teknik adam konu\u015fmas\u0131na &#8220;\u0130yi geceler, Selam\u00fcn aleyk\u00fcm&#8221; diyerek ba\u015flad\u0131 ve televizyonlarda izledi\u011fi bir g\u00f6r\u00fcnt\u00fcn\u00fcn kendisini derinden etkiledi\u011fini anlatt\u0131.<\/p>\n<p>Guardiola, enkaz alt\u0131nda kalan annesini arayan bir \u00e7ocu\u011fun g\u00f6r\u00fcnt\u00fcs\u00fcn\u00fc hat\u0131rlatarak, &#8220;Annesinin enkaz\u0131n alt\u0131nda kald\u0131\u011f\u0131n\u0131 bilmiyordu. Hep \u015funu d\u00fc\u015f\u00fcn\u00fcyorum: Acaba onlar ne hissediyor, ne d\u00fc\u015f\u00fcn\u00fcyor? Onlar\u0131 yaln\u0131z ve terk edilmi\u015f b\u0131rakt\u0131\u011f\u0131m\u0131z\u0131 d\u00fc\u015f\u00fcn\u00fcyorum&#8221; ifadelerini kulland\u0131.<\/p>\n<p><b>&#8220;NEREDES\u0130N\u0130Z, GEL\u0130N B\u0130ZE YARDIM ED\u0130N&#8221;<\/b><\/p>\n<p>\u0130spanyol teknik adam, Filistinli \u00e7ocuklar\u0131n d\u00fcnyaya seslendi\u011fini d\u00fc\u015f\u00fcnd\u00fc\u011f\u00fcn\u00fc belirterek, &#8220;Sanki hep &#8216;Neredesiniz? Gelin bize yard\u0131m edin&#8217; dediklerini hissediyorum. Ve \u015fimdiye kadar bunu yapmad\u0131k&#8221; s\u00f6zleriyle uluslararas\u0131 topluma \u00e7a\u011fr\u0131da bulundu.<\/p>\n<p><b>FARKINDALIK MESAJI<\/b><\/p>\n<p>Pep Guardiola, daha \u00f6nce de farkl\u0131 platformlarda Filistin&#8217;de ya\u015fanan insani drama dikkat \u00e7ekmi\u015fti. Yo\u011fun ma\u00e7 temposuna ra\u011fmen yard\u0131m etkinli\u011fine kat\u0131lan Guardiola&#8217;n\u0131n bu s\u00f6zleri salondaki kat\u0131l\u0131mc\u0131lar\u0131 duyguland\u0131rd\u0131.<\/p>\n","protected":false},"excerpt":{"rendered":"<p>Manchester City Teknik Direkt\u00f6r\u00fc Pep Guardiola, Barcelona&#8217;da d\u00fczenlenen Filistin yard\u0131m etkinli\u011finde duygusal bir konu\u015fma yapt\u0131. Filistin&#8217;deki insani dram\u0131 g\u00fcndeme getiren Guardiola, d\u00fcnya liderlerini harekete ge\u00e7meye \u00e7a\u011f\u0131rd\u0131. &#8216;Onlar\u0131 yaln\u0131z ve terk edilmi\u015f b\u0131rakt\u0131k&#8217; ifadelerini kullanan Guardiola, Filistinli \u00e7ocuklar\u0131n ya\u015fad\u0131\u011f\u0131 ac\u0131lara dikkat \u00e7ekti. Daha \u00f6nce de farkl\u0131 platformlarda Filistin&#8217;de ya\u015fanan insani drama dikkat \u00e7eken Guardiola&#8217;n\u0131n bu s\u00f6zleri, duygusal anlar ya\u015fanmas\u0131na neden oldu.<\/p>\n","protected":false},"author":1,"featured_media":12629,"comment_status":"open","ping_status":"open","sticky":false,"template":"","format":"standard","meta":{"footnotes":""},"categories":[14],"tags":[],"class_list":["post-12628","post","type-post","status-publish","format-standard","has-post-thumbnail","hentry","category-spor"],"_links":{"self":[{"href":"https:\/\/bihavadis.com\/index.php\/wp-json\/wp\/v2\/posts\/12628","targetHints":{"allow":["GET"]}}],"collection":[{"href":"https:\/\/bihavadis.com\/index.php\/wp-json\/wp\/v2\/posts"}],"about":[{"href":"https:\/\/bihavadis.com\/index.php\/wp-json\/wp\/v2\/types\/post"}],"author":[{"embeddable":true,"href":"https:\/\/bihavadis.com\/index.php\/wp-json\/wp\/v2\/users\/1"}],"replies":[{"embeddable":true,"href":"https:\/\/bihavadis.com\/index.php\/wp-json\/wp\/v2\/comments?post=12628"}],"version-history":[{"count":1,"href":"https:\/\/bihavadis.com\/index.php\/wp-json\/wp\/v2\/posts\/12628\/revisions"}],"predecessor-version":[{"id":12630,"href":"https:\/\/bihavadis.com\/index.php\/wp-json\/wp\/v2\/posts\/12628\/revisions\/12630"}],"wp:featuredmedia":[{"embeddable":true,"href":"https:\/\/bihavadis.com\/index.php\/wp-json\/wp\/v2\/media\/12629"}],"wp:attachment":[{"href":"https:\/\/bihavadis.com\/index.php\/wp-json\/wp\/v2\/media?parent=12628"}],"wp:term":[{"taxonomy":"category","embeddable":true,"href":"https:\/\/bihavadis.com\/index.php\/wp-json\/wp\/v2\/categories?post=12628"},{"taxonomy":"post_tag","embeddable":true,"href":"https:\/\/bihavadis.com\/index.php\/wp-json\/wp\/v2\/tags?post=12628"}],"curies":[{"name":"wp","href":"https:\/\/api.w.org\/{rel}","templated":true}]}}