{"id":12649,"date":"2026-02-03T02:51:04","date_gmt":"2026-02-03T02:51:04","guid":{"rendered":"https:\/\/bihavadis.com\/?p=12649"},"modified":"2026-02-03T02:51:04","modified_gmt":"2026-02-03T02:51:04","slug":"karabaglardan-adiyamana-ilmek-ilmek-dayanisma","status":"publish","type":"post","link":"https:\/\/bihavadis.com\/index.php\/2026\/02\/03\/karabaglardan-adiyamana-ilmek-ilmek-dayanisma\/","title":{"rendered":"Karaba\u011flar&#8217;dan Ad\u0131yaman&#8217;a \u0130lmek \u0130lmek Dayan\u0131\u015fma"},"content":{"rendered":"<p>6 \u015eubat depremlerinin y\u0131l d\u00f6n\u00fcm\u00fcnde Karaba\u011flar Belediyesi ile Ad\u0131yaman Belediyesi, depremzede aileler i\u00e7in anlaml\u0131 bir dayan\u0131\u015fma \u00e7al\u0131\u015fmas\u0131na imza att\u0131. Karde\u015f belediyeler taraf\u0131ndan y\u00fcr\u00fct\u00fclen \u201c\u0130lmek \u0130lmek Dayan\u0131\u015fma\u201d projesi kapsam\u0131nda haz\u0131rlanan yard\u0131mlar konteyner kentlerde ya\u015fayan vatanda\u015flara ula\u015ft\u0131r\u0131ld\u0131.<\/p>\n<p>Karaba\u011flar Belediyesi Kad\u0131n ve Aile Hizmetleri M\u00fcd\u00fcrl\u00fc\u011f\u00fc \u00f6nc\u00fcl\u00fc\u011f\u00fcnde \u0130zmirli kad\u0131nlar\u0131n el eme\u011fiyle \u00f6rd\u00fc\u011f\u00fc battaniyeler; mahalle muhtarlar\u0131 ve il\u00e7e sakinlerinin katk\u0131lar\u0131yla haz\u0131rlanarak, Ad\u0131yaman Belediyesi Kad\u0131n ve Aile Hizmetleri M\u00fcd\u00fcrl\u00fc\u011f\u00fc\u2019n\u00fcn olu\u015fturdu\u011fu yard\u0131m setleriyle birle\u015ftirildi. B\u00f6ylece dayan\u0131\u015fman\u0131n en somut \u00f6rneklerinden biri hayata ge\u00e7irildi<\/p>\n<p><b>KAR-KUT Ekibi Sahada<\/b><\/p>\n<p>Karaba\u011flar Belediyesi Arama Kurtarma (KAR-KUT) ekibi, depremzede aileleri ziyaret ederek \u0130zmir\u2019den g\u00f6nderilen kolileri da\u011f\u0131tt\u0131. Heyet ayr\u0131ca Deprem \u015eehitli\u011fi\u2019ni ziyaret ederek ya\u015fam\u0131n\u0131 yitiren yurtta\u015flar\u0131 and\u0131. Proje kapsam\u0131nda LGS ve \u00fcniversiteye haz\u0131rl\u0131k kitaplar\u0131ndan olu\u015fan e\u011fitim materyalleri de b\u00f6lgeye ula\u015ft\u0131r\u0131ld\u0131.<\/p>\n<p><b>Ba\u015fkan Abdurrahman Tutdere\u2019den Te\u015fekk\u00fcr<\/b><\/p>\n<p>Ad\u0131yaman Belediye Ba\u015fkan\u0131 Abdurrahman Tutdere, proje kapsam\u0131nda kente gelen KAR-KUT ekibini makam\u0131nda kabul etti. Ba\u015fkan Tutdere, bu projeyi hayata ge\u00e7iren Karaba\u011flar Belediye Ba\u015fkan\u0131 Helil K\u0131nay ve eme\u011fi ge\u00e7en t\u00fcm ekibe te\u015fekk\u00fcr etti.<\/p>\n<p><b>Ba\u015fkan K\u0131nay \u201cDayan\u0131\u015fmay\u0131 B\u00fcy\u00fcterek S\u00fcrd\u00fcrece\u011fiz\u201d<\/b><\/p>\n<p>Karaba\u011flar Belediye Ba\u015fkan\u0131 Helil K\u0131nay, 6 \u015eubat\u2019\u0131n ac\u0131s\u0131n\u0131n h\u00e2l\u00e2 y\u00fcreklerde oldu\u011funu belirterek, \u201cDeprem b\u00f6lgesindeki vatanda\u015flar\u0131m\u0131zla dayan\u0131\u015fmam\u0131z\u0131 ilmek ilmek \u00f6rmeye devam ediyoruz. Bu s\u00fcrece katk\u0131 sunan herkese te\u015fekk\u00fcr ediyorum. Zor zamanlarda kimseyi yaln\u0131z b\u0131rakmadan yaralar\u0131m\u0131z\u0131 birlikte sararak yolumuza devam edece\u011fiz\u201d dedi.<\/p>\n<p>\u00a0<\/p>\n<p>\u00a0<\/p>\n<p>Kaynak: (BYZHA) Beyaz Haber Ajans\u0131<\/p>\n","protected":false},"excerpt":{"rendered":"<p>6 \u015eubat depremlerinin y\u0131l d\u00f6n\u00fcm\u00fcnde Karaba\u011flar Belediyesi ile Ad\u0131yaman Belediyesi, depremzede aileler i\u00e7in anlaml\u0131 bir dayan\u0131\u015fma \u00e7al\u0131\u015fmas\u0131na imza att\u0131.<\/p>\n","protected":false},"author":1,"featured_media":12650,"comment_status":"open","ping_status":"open","sticky":false,"template":"","format":"standard","meta":{"footnotes":""},"categories":[4],"tags":[1139,2671,60],"class_list":["post-12649","post","type-post","status-publish","format-standard","has-post-thumbnail","hentry","category-gundem","tag-belediyesi","tag-dayanisma","tag-deprem"],"_links":{"self":[{"href":"https:\/\/bihavadis.com\/index.php\/wp-json\/wp\/v2\/posts\/12649","targetHints":{"allow":["GET"]}}],"collection":[{"href":"https:\/\/bihavadis.com\/index.php\/wp-json\/wp\/v2\/posts"}],"about":[{"href":"https:\/\/bihavadis.com\/index.php\/wp-json\/wp\/v2\/types\/post"}],"author":[{"embeddable":true,"href":"https:\/\/bihavadis.com\/index.php\/wp-json\/wp\/v2\/users\/1"}],"replies":[{"embeddable":true,"href":"https:\/\/bihavadis.com\/index.php\/wp-json\/wp\/v2\/comments?post=12649"}],"version-history":[{"count":1,"href":"https:\/\/bihavadis.com\/index.php\/wp-json\/wp\/v2\/posts\/12649\/revisions"}],"predecessor-version":[{"id":12651,"href":"https:\/\/bihavadis.com\/index.php\/wp-json\/wp\/v2\/posts\/12649\/revisions\/12651"}],"wp:featuredmedia":[{"embeddable":true,"href":"https:\/\/bihavadis.com\/index.php\/wp-json\/wp\/v2\/media\/12650"}],"wp:attachment":[{"href":"https:\/\/bihavadis.com\/index.php\/wp-json\/wp\/v2\/media?parent=12649"}],"wp:term":[{"taxonomy":"category","embeddable":true,"href":"https:\/\/bihavadis.com\/index.php\/wp-json\/wp\/v2\/categories?post=12649"},{"taxonomy":"post_tag","embeddable":true,"href":"https:\/\/bihavadis.com\/index.php\/wp-json\/wp\/v2\/tags?post=12649"}],"curies":[{"name":"wp","href":"https:\/\/api.w.org\/{rel}","templated":true}]}}