{"id":12659,"date":"2026-02-03T03:00:05","date_gmt":"2026-02-03T03:00:05","guid":{"rendered":"https:\/\/bihavadis.com\/?p=12659"},"modified":"2026-02-03T03:00:05","modified_gmt":"2026-02-03T03:00:05","slug":"melek-icin-dayanisma-gecesinde-umutlar-birlesti","status":"publish","type":"post","link":"https:\/\/bihavadis.com\/index.php\/2026\/02\/03\/melek-icin-dayanisma-gecesinde-umutlar-birlesti\/","title":{"rendered":"Melek \u0130\u00e7in Dayan\u0131\u015fma Gecesinde Umutlar Birle\u015fti"},"content":{"rendered":"<p><span><span><span><span><span>SMA hastas\u0131 Melek \u00c7oruh yavrumuz i\u00e7in Malkara Belediyesi \u00f6nc\u00fcl\u00fc\u011f\u00fcnde 31 Ocak 2026 Cumartesi ak\u015fam\u0131 Belediye Kapal\u0131 D\u00fc\u011f\u00fcn Salonu\u2019nda d\u00fczenlenen dayan\u0131\u015fma gecesinde, vatanda\u015flar\u0131m\u0131z\u0131n yo\u011fun kat\u0131l\u0131m\u0131yla anlaml\u0131 bir birliktelik \u00f6rne\u011fi sergilendi. <\/span><\/span><\/span><\/span><\/span><\/p>\n<p><span><span><span><span><span>Duygu dolu anlar\u0131n ya\u015fand\u0131\u011f\u0131 gecede, Melek\u2019in sa\u011fl\u0131\u011f\u0131na kavu\u015fmas\u0131 i\u00e7in umutlar birle\u015fti, iyilik b\u00fcy\u00fcd\u00fc.<\/span><\/span><\/span><\/span><\/span><\/p>\n<p><span><span><span><span><span>Birlik oldu\u011fumuzda a\u015famayaca\u011f\u0131m\u0131z hi\u00e7bir engel, uzanamayaca\u011f\u0131m\u0131z hi\u00e7bir umut yok\u201d anlay\u0131\u015f\u0131yla ger\u00e7ekle\u015ftirilen organizasyonda; g\u00f6n\u00fcll\u00fcler, hay\u0131rsever vatanda\u015flar ve destek veren t\u00fcm hem\u015fehrilerimiz Melek i\u00e7in el ele verdi. Gecenin d\u00fczenlenmesinde eme\u011fi ge\u00e7en herkese, katk\u0131 sunan kurum ve kurulu\u015flara, ayr\u0131ca geceye anlam katan Malkaral\u0131 sanat\u00e7\u0131m\u0131z Ahmet Merih \u00c7elik\u2019e y\u00fcrekten te\u015fekk\u00fcr edildi.<\/span><\/span><\/span><\/span><\/span><\/p>\n<p><span><span><span><span><span>Dayan\u0131\u015fma gecesine ili\u015fkin a\u00e7\u0131klamalarda bulunan Belediye Ba\u015fkan\u0131m\u0131z Nergiz Karaa\u011fa\u00e7l\u0131 \u00d6zt\u00fcrk, birlik ve beraberli\u011fin \u00f6nemine vurgu yaparak, \u201cBirlik oldu\u011fumuzda a\u015famayaca\u011f\u0131m\u0131z hi\u00e7bir engel, uzanamayaca\u011f\u0131m\u0131z hi\u00e7bir umut yok. Melek evlad\u0131m\u0131z\u0131n sa\u011fl\u0131\u011f\u0131na kavu\u015faca\u011f\u0131 g\u00fczel g\u00fcnlere olan inanc\u0131m\u0131z tamd\u0131r. Bu iyilik yolculu\u011funda eme\u011fi ge\u00e7en t\u00fcm g\u00f6n\u00fcll\u00fclerimize, destek veren k\u0131ymetli hem\u015fehrilerimize, organizasyonda katk\u0131 sunan herkese ve gecemize anlam katan Malkaral\u0131 sanat\u00e7\u0131m\u0131z Ahmet Merih \u00c7elik\u2019e y\u00fcrekten te\u015fekk\u00fcr ediyorum. Melek\u2019in tedavi s\u00fcrecinin devam devam ediyor ve ba\u015flat\u0131lan yard\u0131m kampanyas\u0131 hen\u00fcz tamamlanmad\u0131. <\/span><\/span><\/span><\/span><\/span><\/p>\n<p><span><span><span><span><span>T\u00fcm vatanda\u015flar\u0131m\u0131z\u0131 bu kampanyaya destek olmaya, bir evlad\u0131m\u0131z\u0131n hayata tutunmas\u0131na katk\u0131 sunmaya davet ediyorum.\u201d<\/span><\/span><\/span><\/span><\/span><\/p>\n<p><span><span><span><span><span>Malkara Belediyesi, Melek \u00c7oruh\u2019un sa\u011fl\u0131\u011f\u0131na kavu\u015fmas\u0131 i\u00e7in y\u00fcr\u00fct\u00fclen bu anlaml\u0131 kampanyaya destek olmaya ve dayan\u0131\u015fmay\u0131 b\u00fcy\u00fctmeye devam edecektir.<\/span><\/span><\/span><\/span><\/span><\/p>\n<p>\u00a0<\/p>\n<p>Kaynak: (BYZHA) Beyaz Haber Ajans\u0131<\/p>\n","protected":false},"excerpt":{"rendered":"<p>SMA hastas\u0131 Melek \u00c7oruh yavrumuz i\u00e7in Malkara Belediyesi \u00f6nc\u00fcl\u00fc\u011f\u00fcnde 31 Ocak 2026 Cumartesi ak\u015fam\u0131 Belediye Kapal\u0131 D\u00fc\u011f\u00fcn Salonu\u2019nda d\u00fczenlenen dayan\u0131\u015fma gecesinde, vatanda\u015flar\u0131m\u0131z\u0131n yo\u011fun kat\u0131l\u0131m\u0131yla anlaml\u0131 bir birliktelik \u00f6rne\u011fi sergilendi.<\/p>\n","protected":false},"author":1,"featured_media":12660,"comment_status":"open","ping_status":"open","sticky":false,"template":"","format":"standard","meta":{"footnotes":""},"categories":[11],"tags":[2549],"class_list":["post-12659","post","type-post","status-publish","format-standard","has-post-thumbnail","hentry","category-saglik","tag-melek"],"_links":{"self":[{"href":"https:\/\/bihavadis.com\/index.php\/wp-json\/wp\/v2\/posts\/12659","targetHints":{"allow":["GET"]}}],"collection":[{"href":"https:\/\/bihavadis.com\/index.php\/wp-json\/wp\/v2\/posts"}],"about":[{"href":"https:\/\/bihavadis.com\/index.php\/wp-json\/wp\/v2\/types\/post"}],"author":[{"embeddable":true,"href":"https:\/\/bihavadis.com\/index.php\/wp-json\/wp\/v2\/users\/1"}],"replies":[{"embeddable":true,"href":"https:\/\/bihavadis.com\/index.php\/wp-json\/wp\/v2\/comments?post=12659"}],"version-history":[{"count":1,"href":"https:\/\/bihavadis.com\/index.php\/wp-json\/wp\/v2\/posts\/12659\/revisions"}],"predecessor-version":[{"id":12661,"href":"https:\/\/bihavadis.com\/index.php\/wp-json\/wp\/v2\/posts\/12659\/revisions\/12661"}],"wp:featuredmedia":[{"embeddable":true,"href":"https:\/\/bihavadis.com\/index.php\/wp-json\/wp\/v2\/media\/12660"}],"wp:attachment":[{"href":"https:\/\/bihavadis.com\/index.php\/wp-json\/wp\/v2\/media?parent=12659"}],"wp:term":[{"taxonomy":"category","embeddable":true,"href":"https:\/\/bihavadis.com\/index.php\/wp-json\/wp\/v2\/categories?post=12659"},{"taxonomy":"post_tag","embeddable":true,"href":"https:\/\/bihavadis.com\/index.php\/wp-json\/wp\/v2\/tags?post=12659"}],"curies":[{"name":"wp","href":"https:\/\/api.w.org\/{rel}","templated":true}]}}