{"id":12662,"date":"2026-02-03T03:03:07","date_gmt":"2026-02-03T03:03:07","guid":{"rendered":"https:\/\/bihavadis.com\/?p=12662"},"modified":"2026-02-03T03:03:07","modified_gmt":"2026-02-03T03:03:07","slug":"ramazanin-mujdecisi-berat-kandili-yarin-idrak-edilecek","status":"publish","type":"post","link":"https:\/\/bihavadis.com\/index.php\/2026\/02\/03\/ramazanin-mujdecisi-berat-kandili-yarin-idrak-edilecek\/","title":{"rendered":"Ramazan\u0131n m\u00fcjdecisi Berat Kandili yar\u0131n idrak edilecek"},"content":{"rendered":"<p>2026 Berat Kandili&#8217;nin ne zaman idrak edilece\u011fi t\u00fcm \u0130slam camias\u0131n\u0131n merak edip ara\u015ft\u0131rd\u0131\u011f\u0131 konular aras\u0131nda yer al\u0131yor.<\/p>\n<p>\u0130slam inanc\u0131na g\u00f6re Berat Kandili, kullar\u0131n bir y\u0131ll\u0131k r\u0131z\u0131klar\u0131n\u0131n, kaderlerinin ve \u00f6m\u00fcrlerinin yeniden yaz\u0131ld\u0131\u011f\u0131, dualar\u0131n geri \u00e7evrilmedi\u011fi bir gece olarak kabul ediliyor.<\/p>\n<p><strong>BERAT KAND\u0130L\u0130 YARIN \u0130DRAK ED\u0130LECEK<\/strong><\/p>\n<p>Ramazan ay\u0131n\u0131n m\u00fcjdecisi olan Berat Kandili, yar\u0131n idrak edilecek.<\/p>\n<p>Berat Kandili, &#8216;\u00fc\u00e7 aylar&#8217;\u0131n ikincisi olan \u015faban ay\u0131n\u0131n 15&#8217;inci gecesine denk geliyor.<\/p>\n<p><strong>&#8220;\u015eABAN AYININ 15&#8217;\u0130NC\u0130 GECES\u0130N\u0130 \u0130BADETLE GE\u00c7\u0130R\u0130N&#8221;<\/strong><\/p>\n<p>Peygamberimiz Hazreti Muhammed&#8217;in (s.a.v.), Berat Kandili&#8217;ne ili\u015fkin \u015f\u00f6yle buyurdu\u011fu ifade ediliyor:<\/p>\n<p><em><b>&#8220;\u015eaban ay\u0131n\u0131n 15&#8217;inci gecesini ibadetle ge\u00e7irin, g\u00fcnd\u00fcz\u00fcnde de oru\u00e7 tutun. \u00c7\u00fcnk\u00fc Y\u00fcce Allah, bu gece d\u00fcnya semas\u0131na rahmetiyle tecelli eder ve &#8216;Yok mu t\u00f6vbe eden, t\u00f6vbesini kabul edeyim. Yok mu r\u0131z\u0131k isteyen, r\u0131z\u0131k vereyim. Yok mu \u015fifa isteyen, \u015fifa vereyim. Yok mu ba\u015fka iste\u011fi olan ona da istedi\u011fini vereyim.&#8217; buyurur.&#8221; <\/b><\/em><\/p>\n<p><img decoding=\"async\" src=\"https:\/\/bihavadis.com\/wp-content\/uploads\/2026\/02\/ramazanin-mujdecisi-berat-kandili-yarin-idrak-edilecek-0-IYSdpqZx.jpg\"\/><\/p>\n<p><strong>2026 D\u0130N\u0130 G\u00dcNLER TAKV\u0130M\u0130<\/strong><\/p>\n<p>15 Ocak 2026 Mira\u00e7 Kandili (Hicri 1447 Recep &#8211; 26)<\/p>\n<p>2 \u015eubat 2026 Berat Kandili (Hicri 1447 &#8211; \u015eaban 14)<\/p>\n<p>19 \u015eubat 2026 Ramazan Ba\u015flang\u0131c\u0131 (Hicri 1447 &#8211; 1 Ramazan)<\/p>\n<p>16 Mart 2026 Kadir Gecesi (Hicri 1447 &#8211; Ramazan 26)<\/p>\n<p>19 Mart 2026 Ramazan Bayram\u0131 Arefe (Hicri 1447- 29 Ramazan)<\/p>\n<p>20 Mart 2026 Ramazan Bayram\u0131 1. G\u00fcn (Hicri 1447 &#8211; 1 \u015eevval)<\/p>\n<p>21 Mart 2026 Ramazan Bayram\u0131 2. G\u00fcn (Hicri 1447 &#8211; 2 \u015eevval)<\/p>\n<p>22 Mart 2026 Ramazan Bayram\u0131 3. G\u00fcn (Hicri 1447 &#8211; 3 \u015eevval)<\/p>\n<p>26 May\u0131s 2026 Kurban Bayram\u0131 Arefe (Hicri 1447 &#8211; 9 Zilhicce)<\/p>\n<p>27 May\u0131s 2026 Kurban Bayram\u0131 1.G\u00fcn (Hicri 1447 &#8211; 10 Zilhicce)<\/p>\n<p>28 May\u0131s 2026 Kurban Bayram\u0131 2.G\u00fcn (Hicri 1447 &#8211; 11 Zilhicce)<\/p>\n<p>29 May\u0131s 2026 Kurban Bayram\u0131 3.G\u00fcn (Hicri 1447 &#8211; 12 Zilhicce)<\/p>\n<p>30 May\u0131s 2026 Kurban Bayram\u0131 4.G\u00fcn (Hicri 1447 &#8211; 13 Zilhicce)<\/p>\n<p>16 Haziran 2026 Hicri Y\u0131lba\u015f\u0131 (Hicri 1448 &#8211; 1 Muharrem)<\/p>\n<p>24 A\u011fustos 2026 Mevlid Kandili (Hicri 1448 &#8211; 11 Rebi\u00fclevvel)<\/p>\n<p>10 Aral\u0131k 2026 \u00dc\u00e7 aylar Ba\u015flang\u0131\u00e7 (Hicri 1448 &#8211; 1 Recep)<\/p>\n<p>10 Aral\u0131k 2026 Regaip Kandili (Hicri 1448 &#8211; 1 Recep)<\/p>\n<p><img decoding=\"async\" src=\"https:\/\/bihavadis.com\/wp-content\/uploads\/2026\/02\/ramazanin-mujdecisi-berat-kandili-yarin-idrak-edilecek-1-syCRdGq6.jpg\"\/><\/p>\n","protected":false},"excerpt":{"rendered":"<p>Dualar\u0131n kabul edildi\u011fi, g\u00fcnahlar\u0131n affedildi\u011fi m\u00fcbarek bir gece olarak kabul edilen Berat Kandili, yar\u0131n idrak edilecek. \u015eaban ay\u0131n\u0131n 15. gecesine denk gelen gece, Ramazan&#8217;\u0131n m\u00fcjdecisi say\u0131l\u0131yor.<\/p>\n","protected":false},"author":1,"featured_media":12663,"comment_status":"open","ping_status":"open","sticky":false,"template":"","format":"standard","meta":{"footnotes":""},"categories":[9,13],"tags":[238,2390,2426,2673,2674],"class_list":["post-12662","post","type-post","status-publish","format-standard","has-post-thumbnail","hentry","category-genel","category-son-dakika","tag-238","tag-berat-kandili","tag-gece","tag-hicri","tag-zilhicce"],"_links":{"self":[{"href":"https:\/\/bihavadis.com\/index.php\/wp-json\/wp\/v2\/posts\/12662","targetHints":{"allow":["GET"]}}],"collection":[{"href":"https:\/\/bihavadis.com\/index.php\/wp-json\/wp\/v2\/posts"}],"about":[{"href":"https:\/\/bihavadis.com\/index.php\/wp-json\/wp\/v2\/types\/post"}],"author":[{"embeddable":true,"href":"https:\/\/bihavadis.com\/index.php\/wp-json\/wp\/v2\/users\/1"}],"replies":[{"embeddable":true,"href":"https:\/\/bihavadis.com\/index.php\/wp-json\/wp\/v2\/comments?post=12662"}],"version-history":[{"count":1,"href":"https:\/\/bihavadis.com\/index.php\/wp-json\/wp\/v2\/posts\/12662\/revisions"}],"predecessor-version":[{"id":12666,"href":"https:\/\/bihavadis.com\/index.php\/wp-json\/wp\/v2\/posts\/12662\/revisions\/12666"}],"wp:featuredmedia":[{"embeddable":true,"href":"https:\/\/bihavadis.com\/index.php\/wp-json\/wp\/v2\/media\/12663"}],"wp:attachment":[{"href":"https:\/\/bihavadis.com\/index.php\/wp-json\/wp\/v2\/media?parent=12662"}],"wp:term":[{"taxonomy":"category","embeddable":true,"href":"https:\/\/bihavadis.com\/index.php\/wp-json\/wp\/v2\/categories?post=12662"},{"taxonomy":"post_tag","embeddable":true,"href":"https:\/\/bihavadis.com\/index.php\/wp-json\/wp\/v2\/tags?post=12662"}],"curies":[{"name":"wp","href":"https:\/\/api.w.org\/{rel}","templated":true}]}}