{"id":12792,"date":"2026-02-03T04:39:06","date_gmt":"2026-02-03T04:39:06","guid":{"rendered":"https:\/\/bihavadis.com\/?p=12792"},"modified":"2026-02-03T04:39:06","modified_gmt":"2026-02-03T04:39:06","slug":"refah-sinir-kapisi-deneme-amacli-acildi","status":"publish","type":"post","link":"https:\/\/bihavadis.com\/index.php\/2026\/02\/03\/refah-sinir-kapisi-deneme-amacli-acildi\/","title":{"rendered":"Refah S\u0131n\u0131r Kap\u0131s\u0131 deneme ama\u00e7l\u0131 a\u00e7\u0131ld\u0131"},"content":{"rendered":"<p>Gazze&#8217;de anla\u015fman\u0131n ikinci a\u015famas\u0131na ge\u00e7ilirken g\u00f6zler, a\u00e7\u0131lmas\u0131 beklenen Refah S\u0131n\u0131r Kap\u0131s\u0131&#8217;nda..<\/p>\n<p>\u0130srail bas\u0131n\u0131, Refah S\u0131n\u0131r Kap\u0131s\u0131&#8217;n\u0131n bug\u00fcn sadece deneme ama\u00e7l\u0131 a\u00e7\u0131ld\u0131\u011f\u0131n\u0131, yayalar\u0131n ge\u00e7i\u015fine ise yar\u0131n ba\u015flanaca\u011f\u0131n\u0131 yazd\u0131.<\/p>\n<p><strong>\u0130NSAN\u0130 YARDIM TIRLARINA \u0130Z\u0130N YOK <\/strong><\/p>\n<p>Haberde, yar\u0131ndan itibaren s\u0131n\u0131r kap\u0131s\u0131ndan s\u0131n\u0131rl\u0131 ki\u015finin ge\u00e7i\u015fine m\u00fcsade edilece\u011fi, g\u00fcnde 150 ki\u015finin Gazze&#8217;den ayr\u0131lmas\u0131na, 50 ki\u015finin ise d\u00f6nmesine izin verilece\u011fi belirtildi.<\/p>\n<p>M\u0131s\u0131r&#8217;daki insani yard\u0131m t\u0131rlar\u0131n\u0131n Refah S\u0131n\u0131r Kap\u0131s\u0131 \u00fczerinden Gazze&#8217;ye giri\u015fine ise izin verilmeyecek.<\/p>\n<p><strong>\u0130SRA\u0130L KONTROL\u00dcNDE YAPILACAK <\/strong><\/p>\n<p>\u0130srail&#8217;in Kanal 12 televizyonu, Gazze&#8217;ye giri\u015f ve \u00e7\u0131k\u0131\u015flar\u0131n M\u0131s\u0131r&#8217;\u0131n koordinasyonuyla m\u00fcmk\u00fcn olaca\u011f\u0131n\u0131, M\u0131s\u0131r&#8217;\u0131n s\u0131n\u0131rdan ge\u00e7ecek ki\u015filer listesini 24 saat \u00f6nceden \u0130srail&#8217;e sunaca\u011f\u0131n\u0131 ve \u0130srail&#8217;in bunu onaylayaca\u011f\u0131n\u0131, Avrupa Birli\u011fi Refah S\u0131n\u0131r Yard\u0131m Misyonu&#8217;nun (EUBAM Refah) bulundu\u011fu ge\u00e7i\u015f b\u00f6lgesinin \u00f6ncesinde \u0130srail&#8217;in g\u00fcvenlik kontrol\u00fc yapaca\u011f\u0131n\u0131 aktard\u0131.<\/p>\n<p>Refah S\u0131n\u0131r Kap\u0131s\u0131&#8217;n\u0131n &#8220;deneme ama\u00e7l\u0131&#8221; a\u00e7\u0131ld\u0131\u011f\u0131na dair \u0130srail ordusundan hen\u00fcz a\u00e7\u0131klama yap\u0131lmad\u0131.<\/p>\n<p><strong>GAZZE&#8217;DE ATE\u015eKES ANLA\u015eMASI <\/strong><\/p>\n<p>Hamas ve \u0130srail aras\u0131nda 10 Ekim&#8217;de ba\u015flayan ate\u015fkes anla\u015fmas\u0131na g\u00f6re, \u0130srail ordusu Gazze i\u00e7inde &#8220;Sar\u0131 Hat&#8221; ismi verilen ve s\u0131n\u0131r kap\u0131s\u0131n\u0131n da i\u00e7inde yer ald\u0131\u011f\u0131 Refah b\u00f6lgesini i\u015fgal ediyor.<\/p>\n<p>\u0130srail&#8217;in, May\u0131s 2024&#8217;ten bu yana kapal\u0131 tuttu\u011fu ve kendi kontrol\u00fcnde bulundurdu\u011fu M\u0131s\u0131r-Gazze s\u0131n\u0131r\u0131ndaki Refah S\u0131n\u0131r Kap\u0131s\u0131&#8217;n\u0131 a\u00e7mas\u0131 ve insani yard\u0131mlar\u0131n kararla\u015ft\u0131r\u0131lan miktarlarda b\u00f6lgeye giri\u015fine izin vermesi de anla\u015fman\u0131n ilk a\u015famas\u0131ndaki taahh\u00fctler aras\u0131nda yer al\u0131yordu.<\/p>\n<p>Anla\u015fman\u0131n birinci a\u015famas\u0131nda y\u00fck\u00fcml\u00fcl\u00fc\u011f\u00fcn\u00fc yerine getirmeyi reddeden \u0130srail, Refah S\u0131n\u0131r Kap\u0131s\u0131&#8217;n\u0131n sadece yaya ge\u00e7i\u015fine s\u0131n\u0131rl\u0131 olarak a\u00e7\u0131laca\u011f\u0131n\u0131 duyurmu\u015ftu.<\/p>\n<p><img decoding=\"async\" src=\"https:\/\/bihavadis.com\/wp-content\/uploads\/2026\/02\/refah-sinir-kapisi-deneme-amacli-acildi-0-ML5mHky5.jpg\"\/><\/p>\n","protected":false},"excerpt":{"rendered":"<p>Gazze \u015eeridi&#8217;nin d\u00fcnyaya a\u00e7\u0131lan ve M\u0131s\u0131r s\u0131n\u0131r\u0131nda yer alan Refah S\u0131n\u0131r Kap\u0131s\u0131&#8217;n\u0131n deneme ama\u00e7l\u0131 a\u00e7\u0131ld\u0131\u011f\u0131 belirtildi.<\/p>\n","protected":false},"author":1,"featured_media":12793,"comment_status":"open","ping_status":"open","sticky":false,"template":"","format":"standard","meta":{"footnotes":""},"categories":[6],"tags":[557,792,2703,1286],"class_list":["post-12792","post","type-post","status-publish","format-standard","has-post-thumbnail","hentry","category-dunya","tag-gazze","tag-israil","tag-refah-sinir-kapisi","tag-sinir"],"_links":{"self":[{"href":"https:\/\/bihavadis.com\/index.php\/wp-json\/wp\/v2\/posts\/12792","targetHints":{"allow":["GET"]}}],"collection":[{"href":"https:\/\/bihavadis.com\/index.php\/wp-json\/wp\/v2\/posts"}],"about":[{"href":"https:\/\/bihavadis.com\/index.php\/wp-json\/wp\/v2\/types\/post"}],"author":[{"embeddable":true,"href":"https:\/\/bihavadis.com\/index.php\/wp-json\/wp\/v2\/users\/1"}],"replies":[{"embeddable":true,"href":"https:\/\/bihavadis.com\/index.php\/wp-json\/wp\/v2\/comments?post=12792"}],"version-history":[{"count":1,"href":"https:\/\/bihavadis.com\/index.php\/wp-json\/wp\/v2\/posts\/12792\/revisions"}],"predecessor-version":[{"id":12795,"href":"https:\/\/bihavadis.com\/index.php\/wp-json\/wp\/v2\/posts\/12792\/revisions\/12795"}],"wp:featuredmedia":[{"embeddable":true,"href":"https:\/\/bihavadis.com\/index.php\/wp-json\/wp\/v2\/media\/12793"}],"wp:attachment":[{"href":"https:\/\/bihavadis.com\/index.php\/wp-json\/wp\/v2\/media?parent=12792"}],"wp:term":[{"taxonomy":"category","embeddable":true,"href":"https:\/\/bihavadis.com\/index.php\/wp-json\/wp\/v2\/categories?post=12792"},{"taxonomy":"post_tag","embeddable":true,"href":"https:\/\/bihavadis.com\/index.php\/wp-json\/wp\/v2\/tags?post=12792"}],"curies":[{"name":"wp","href":"https:\/\/api.w.org\/{rel}","templated":true}]}}