{"id":12838,"date":"2026-02-03T05:12:10","date_gmt":"2026-02-03T05:12:10","guid":{"rendered":"https:\/\/bihavadis.com\/?p=12838"},"modified":"2026-02-03T05:12:10","modified_gmt":"2026-02-03T05:12:10","slug":"palandoken-kayak-merkezinde-somestir-yogunlugu","status":"publish","type":"post","link":"https:\/\/bihavadis.com\/index.php\/2026\/02\/03\/palandoken-kayak-merkezinde-somestir-yogunlugu\/","title":{"rendered":"Paland\u00f6ken Kayak Merkezinde S\u00f6mestir Yo\u011funlu\u011fu"},"content":{"rendered":"<p>\n<p>T\u00dcRK\u0130YE&#8217;nin \u00f6nemli kayak merkezlerinden Paland\u00f6ken&#8217;de, s\u00f6mestir yo\u011funlu\u011fu ya\u015fan\u0131yor. Tatil i\u00e7in 3 bin 176 metre y\u00fckseklikteki Paland\u00f6ken&#8217;e gelen \u00e7ocuklar\u0131n baz\u0131lar\u0131 kayak \u00f6\u011frenirken, baz\u0131lar\u0131 da k\u0131zaklarla pistte kay\u0131yor.<\/p>\n<p> T\u00fcrkiye&#8217;nin en fazla kar kal\u0131nl\u0131\u011f\u0131na sahip kayak merkezi Paland\u00f6ken, s\u00f6mestir tatilinde yo\u011fun ilgi g\u00f6rd\u00fc. Ayn\u0131 anda yakla\u015f\u0131k 15 bin ki\u015finin kayak yapabildi\u011fi Paland\u00f6ken, T\u00fcrkiye&#8217;nin d\u00f6rt bir yan\u0131ndan gelen \u00f6\u011frencileri a\u011f\u0131rl\u0131yor. Karnelerini ald\u0131ktan sonra aileleriyle birlikte tatil i\u00e7in denizden 3 bin 176 metre y\u00fckseklikteki Paland\u00f6ken Kayak Merkezi&#8217;ne gelen \u00e7ocuklar\u0131n baz\u0131lar\u0131 kayak \u00f6\u011frenirken, baz\u0131lar\u0131 da k\u0131zaklarla pistte kayman\u0131n keyfini ya\u015f\u0131yor. \u00c7ocuklara aileleri de e\u015flik ederken; kayak yapmak isteyenler, lift tesislerinin \u00f6n\u00fcnde uzun kuyruk olu\u015fturdu.<\/p>\n<p>&#8216;\u00c7OK KALABALIK AMA \u00c7OK KEY\u0130FL\u0130&#8217;<\/p>\n<p>Paland\u00f6ken&#8217;de kayak yapman\u0131n g\u00fczel oldu\u011funu belirten Eslim Dere (12), &#8220;Paland\u00f6ken \u00e7ok kalabal\u0131k ama k\u0131zak kaymak \u00e7ok keyifli&#8221; dedi. <\/p>\n<p>Van&#8217;dan geldi\u011fini s\u00f6yleyen Kader Kaya (17) da &#8220;S\u00f6mestrinin son g\u00fcnlerinin tad\u0131n\u0131 \u00e7\u0131kar\u0131yoruz. Ailecek e\u011flenmeye geldik. Olduk\u00e7a kalabal\u0131k ama Paland\u00f6ken ger\u00e7ekten \u00e7ok g\u00fczel, her konuda \u00e7ok e\u011flenceli&#8221; diye konu\u015ftu.<\/p>\n<p>&#8216;ATMOSFER\u0130 \u00c7OK G\u00dcZEL&#8217;<\/p>\n<p>Paland\u00f6ken&#8217;i \u00e7ok sevdi\u011fini ve tatilini k\u0131zak yaparak ge\u00e7irdi\u011fini belirten Alptu\u011f Polat, &#8220;Hafta sonlar\u0131 kalabal\u0131k oldu\u011fu i\u00e7in hafta i\u00e7i gelmek istedik. Hafta i\u00e7i de \u00e7ok kalabal\u0131k ama tatilim g\u00fczel ge\u00e7iyor&#8221; ifadelerini kulland\u0131.<\/p>\n<p>Trabzon&#8217;dan geldi\u011fini belirten Zehra K\u00fc\u00e7\u00fck ise \u015funlar\u0131 s\u00f6yledi: <\/p>\n<p>&#8220;Paland\u00f6ken atmosferine bay\u0131l\u0131yorum, her sene geliyorum. Kayak yapmay\u0131 burada \u00f6\u011frendim, 2 y\u0131ld\u0131r orta seviyede kay\u0131yorum. Buran\u0131n insanlar\u0131, atmosferi \u00e7ok g\u00fczel. Yo\u011funluk var ve hava \u00e7ok g\u00fczel. \u00c7ok mutluyum burada olmaktan. Herkes muhakkak gelmeli Paland\u00f6ken&#8217;e.&#8221;<\/p>\n<p>EN FAZLA KAR PALAND\u00d6KEN&#8217;DE<\/p>\n<p>Bu arada Meteoroloji Genel M\u00fcd\u00fcrl\u00fc\u011f\u00fc, kayak merkezlerinin g\u00fcncel kar kal\u0131nl\u0131klar\u0131n\u0131 a\u00e7\u0131klad\u0131. Paland\u00f6ken Kayak Merkezi 232 santimetre kar kal\u0131nl\u0131\u011f\u0131 ile ilk s\u0131ray\u0131 ald\u0131. Paland\u00f6ken&#8217;i Erzincan Ergan Kayak Merkezi 192 santimetre, Hakkari Kayak Merkezi ise 184 santimetre ile izledi.<\/p>\n<p>Meteoroloji verilerine g\u00f6re; \u00fclke genelindeki kayak merkezlerinin kar kal\u0131nl\u0131klar\u0131 \u015f\u00f6yle: <\/p>\n<p>&#8220;Bolu Kartalkaya Kayak Merkezi 180 santimetre. Bitlis Tatvan Nemrut Kayak Merkezi 163 santimetre. Hakkari Y\u00fcksekova 140 santimetre. Rize \u00c7aml\u0131hem\u015fin Palovit Yaylas\u0131 139 santimetre. Giresun Dereli K\u00fcmbet Kayak Merkezi 139 santimetre. Van Karabet Tepesi Bah\u00e7esaray 137 santimetre. Sivas Y\u0131ld\u0131zda\u011f\u0131 Kayak Merkezi 136 santimetre. Erzurum Konakl\u0131 Kayak Merkezi 132 santimetre. Kars Sar\u0131kam\u0131\u015f Kayak Merkezi 130 santimetre. Sivas \u00c7akmakd\u00fcz\u00fc K\u00f6y\u00fc Divri\u011fi 12 santimetre. Karab\u00fck Karab\u00fck Keltepe Kayak Merkezi 120 santimetre.&#8221; <\/p>\n","protected":false},"excerpt":{"rendered":"<p>Paland\u00f6ken, s\u00f6mestir tatilinde kalabal\u0131k ziyaret\u00e7ilerine kayak ve k\u0131zak keyfi sunuyor.<\/p>\n","protected":false},"author":1,"featured_media":12839,"comment_status":"open","ping_status":"open","sticky":false,"template":"","format":"standard","meta":{"footnotes":""},"categories":[9,4,13],"tags":[297,1487,2713,2712,2711],"class_list":["post-12838","post","type-post","status-publish","format-standard","has-post-thumbnail","hentry","category-genel","category-gundem","category-son-dakika","tag-kar","tag-kayak","tag-kayak-merkezi","tag-palandoken","tag-santimetre"],"_links":{"self":[{"href":"https:\/\/bihavadis.com\/index.php\/wp-json\/wp\/v2\/posts\/12838","targetHints":{"allow":["GET"]}}],"collection":[{"href":"https:\/\/bihavadis.com\/index.php\/wp-json\/wp\/v2\/posts"}],"about":[{"href":"https:\/\/bihavadis.com\/index.php\/wp-json\/wp\/v2\/types\/post"}],"author":[{"embeddable":true,"href":"https:\/\/bihavadis.com\/index.php\/wp-json\/wp\/v2\/users\/1"}],"replies":[{"embeddable":true,"href":"https:\/\/bihavadis.com\/index.php\/wp-json\/wp\/v2\/comments?post=12838"}],"version-history":[{"count":1,"href":"https:\/\/bihavadis.com\/index.php\/wp-json\/wp\/v2\/posts\/12838\/revisions"}],"predecessor-version":[{"id":12840,"href":"https:\/\/bihavadis.com\/index.php\/wp-json\/wp\/v2\/posts\/12838\/revisions\/12840"}],"wp:featuredmedia":[{"embeddable":true,"href":"https:\/\/bihavadis.com\/index.php\/wp-json\/wp\/v2\/media\/12839"}],"wp:attachment":[{"href":"https:\/\/bihavadis.com\/index.php\/wp-json\/wp\/v2\/media?parent=12838"}],"wp:term":[{"taxonomy":"category","embeddable":true,"href":"https:\/\/bihavadis.com\/index.php\/wp-json\/wp\/v2\/categories?post=12838"},{"taxonomy":"post_tag","embeddable":true,"href":"https:\/\/bihavadis.com\/index.php\/wp-json\/wp\/v2\/tags?post=12838"}],"curies":[{"name":"wp","href":"https:\/\/api.w.org\/{rel}","templated":true}]}}