{"id":13002,"date":"2026-02-03T07:24:06","date_gmt":"2026-02-03T07:24:06","guid":{"rendered":"https:\/\/bihavadis.com\/?p=13002"},"modified":"2026-02-03T07:24:06","modified_gmt":"2026-02-03T07:24:06","slug":"hataylilardan-maltepe-belediyesine-tesekkur-mektubu","status":"publish","type":"post","link":"https:\/\/bihavadis.com\/index.php\/2026\/02\/03\/hataylilardan-maltepe-belediyesine-tesekkur-mektubu\/","title":{"rendered":"Hatayl\u0131lardan Maltepe Belediyesi&#8217;ne te\u015fekk\u00fcr mektubu"},"content":{"rendered":"<p>Maltepe Belediyesi\u2019nin hayata ge\u00e7irdi\u011fi Halk Market projesi, yerel \u00fcreticiler ve kooperatifler nezdinde takdir toplamaya devam ediyor. Uygun fiyatl\u0131, sa\u011fl\u0131kl\u0131 ve yerel \u00fcr\u00fcnleri do\u011frudan t\u00fcketiciyle bulu\u015fturmay\u0131 ama\u00e7layan proje kapsam\u0131nda, Hatay Dayan\u0131\u015fma Kooperatifi ad\u0131na Serbay Mansuro\u011flu, Maltepe Belediyesi\u2019ne verdikleri destekten dolay\u0131 te\u015fekk\u00fcr etti. Meclis k\u00fcrs\u00fcs\u00fcnden okunan mektupta \u00f6zellikle deprem sonras\u0131 d\u00f6nemde yerel \u00fcreticilerin ayakta kalabilmesi i\u00e7in bu t\u00fcr dayan\u0131\u015fma modellerinin b\u00fcy\u00fck \u00f6nem ta\u015f\u0131d\u0131\u011f\u0131 vurguland\u0131.<\/p>\n<p>\u00a0Maltepe Belediye Meclisi\u2019nin \u015fubat ay\u0131ndaki meclis toplant\u0131lar\u0131n\u0131n birincisi, Maltepe Belediye Meclisi Birinci Grup Ba\u015fkanvekili Nimet Karabulut\u2019un Ba\u015fkanl\u0131\u011f\u0131\u2019nda Belediye Meclis Toplant\u0131 Salonu\u2019nda yap\u0131ld\u0131. Toplant\u0131n\u0131n a\u00e7\u0131l\u0131\u015f konu\u015fmas\u0131n\u0131 yapan Karabulut,\u00a02025-2026\u00a0e\u011fitim-\u00f6\u011fretim d\u00f6neminin ikinci yar\u0131y\u0131l\u0131n\u0131n ba\u015flad\u0131\u011f\u0131n\u0131 hat\u0131rlatarak \u201cBu d\u00f6nemin t\u00fcm \u00f6\u011frencilerimize ve b\u00fcy\u00fck bir \u00f6zveriyle emek veren e\u011fitim emek\u00e7ilerimize ba\u015far\u0131lar getirmesini diliyorum\u201d diye konu\u015ftu. Berat Kandili\u2019ni kutlayan Karabulut, \u201cKom\u015fular\u0131m\u0131z\u0131n Ramazan ay\u0131n\u0131 bereket ve huzur i\u00e7inde ge\u00e7irebilmesi i\u00e7in \u00e7al\u0131\u015fmalar\u0131m\u0131z\u0131 da tamamlad\u0131k. Cumhuriyet Meydan\u0131\u2019m\u0131zda Ramazan \u00e7ad\u0131r\u0131m\u0131z kurulacak. Ayr\u0131ca ihtiya\u00e7 sahibi yurtta\u015flar\u0131m\u0131z\u0131 incitmeden ve onurunu koruyacak gerekli destekleri sa\u011flayaca\u011f\u0131z. Ramazan ay\u0131n\u0131n huzura, karde\u015fli\u011fe ve dayan\u0131\u015fmaya vesile olmas\u0131n\u0131 diliyorum\u201d \u015feklinde konu\u015ftu.<\/p>\n<p><b>\u2018D\u0130REN\u00c7L\u0130 KENTLER OLU\u015eTURMAK ORTAK SORUMLULUKTUR\u2019<\/b><\/p>\n<p>6 \u015eubat\u2019\u0131n Kahramanmara\u015f merkezli depremin y\u0131l d\u00f6n\u00fcm\u00fc oldu\u011funu hat\u0131rlatan Karabulut\u00a0 \u201c11 ilimizi etkileyen bu b\u00fcy\u00fck felakette ya\u015fam\u0131n\u0131 yitiren 50 bini a\u015fk\u0131n yurtta\u015f\u0131m\u0131z\u0131 sayg\u0131yla an\u0131yorum. Depreme kar\u015f\u0131 diren\u00e7li kentler olu\u015fturmak hepimizin ortak sorumlulu\u011fudur. 6 \u015eubat depremlerinin anma program\u0131 6 \u015eubat Cuma g\u00fcn\u00fc 10.00-16.00 saatleri aras\u0131nda Maltepe Cumhuriyet Meydan\u0131\u2019nda yap\u0131lacak. Bu programa t\u00fcm halk\u0131m\u0131z\u0131 davet ediyorum\u201d diye konu\u015ftu.<\/p>\n<p><b>HATAYLILARDAN TE\u015eEKK\u00dcR MEKTUBU<\/b><\/p>\n<p>Uygun fiyatl\u0131, sa\u011fl\u0131kl\u0131 ve yerel \u00fcr\u00fcnleri do\u011frudan t\u00fcketiciyle bulu\u015fturmay\u0131 ama\u00e7layan Halk Market projesi kapsam\u0131nda, Hatay Dayan\u0131\u015fma Kooperatifi ad\u0131na Serbay Mansuro\u011flu, Maltepe Belediyesi\u2019ne verdikleri destekten dolay\u0131 te\u015fekk\u00fcr etti. Hatay Dayan\u0131\u015fma Kooperatifi taraf\u0131ndan Maltepe Belediyesi Meclisi\u2019ne g\u00f6nderilen te\u015fekk\u00fcr mektubu, meclis k\u00fcrs\u00fcs\u00fcnden okundu. Mektupta, \u00f6zellikle deprem sonras\u0131 d\u00f6nemde yerel \u00fcreticilerin ayakta kalabilmesi i\u00e7in bu t\u00fcr dayan\u0131\u015fma modellerinin b\u00fcy\u00fck \u00f6nem ta\u015f\u0131d\u0131\u011f\u0131 vurguland\u0131. Maltepe Belediyesi\u2019nin Halk Market arac\u0131l\u0131\u011f\u0131yla kooperatif \u00fcr\u00fcnlerine raflar\u0131nda yer a\u00e7mas\u0131n\u0131n, \u00fcreticiler i\u00e7in hem ekonomik hem de moral a\u00e7\u0131dan g\u00fc\u00e7l\u00fc bir destek sundu\u011fu ifade edildi. Maltepe Belediyesi\u2019nin Halk Market projesi, arac\u0131s\u0131z sat\u0131\u015f modeliyle hem \u00fcreticiyi hem de t\u00fcketiciyi korumay\u0131 hedefliyor. Kad\u0131n kooperatifleri ve yerel \u00fcreticilerin \u00fcr\u00fcnlerinin do\u011frudan vatanda\u015fla bulu\u015fturuldu\u011fu marketlerde, temel g\u0131da \u00fcr\u00fcnleri uygun fiyatlarla sat\u0131\u015fa sunuluyor.<\/p>\n<p>Toplant\u0131, g\u00fcndemde yer alan maddelerin g\u00f6r\u00fc\u015f\u00fclmek \u00fczere ilgili komisyonlara havale edilmesinin ard\u0131ndan sona erdi. Bir sonraki Belediye Meclis toplant\u0131s\u0131 6 \u015eubat Cuma g\u00fcn\u00fc saat 11.00\u2019da yap\u0131lacak. Toplant\u0131, Maltepe Belediyesi\u2019nin X ve Youtube hesaplar\u0131ndan canl\u0131 olarak takip edilebilecek.<\/p>\n<p>\u00a0<\/p>\n<p>Kaynak: (BYZHA) Beyaz Haber Ajans\u0131<\/p>\n","protected":false},"excerpt":{"rendered":"<p>Maltepe Belediyesi\u2019nin hayata ge\u00e7irdi\u011fi Halk Market projesi, yerel \u00fcreticiler ve kooperatifler nezdinde takdir toplamaya devam ediyor.<\/p>\n","protected":false},"author":1,"featured_media":13003,"comment_status":"open","ping_status":"open","sticky":false,"template":"","format":"standard","meta":{"footnotes":""},"categories":[4],"tags":[2671,771,2730,397,1574],"class_list":["post-13002","post","type-post","status-publish","format-standard","has-post-thumbnail","hentry","category-gundem","tag-dayanisma","tag-kooperatif","tag-maltepe-belediyesi","tag-meclis","tag-yerel"],"_links":{"self":[{"href":"https:\/\/bihavadis.com\/index.php\/wp-json\/wp\/v2\/posts\/13002","targetHints":{"allow":["GET"]}}],"collection":[{"href":"https:\/\/bihavadis.com\/index.php\/wp-json\/wp\/v2\/posts"}],"about":[{"href":"https:\/\/bihavadis.com\/index.php\/wp-json\/wp\/v2\/types\/post"}],"author":[{"embeddable":true,"href":"https:\/\/bihavadis.com\/index.php\/wp-json\/wp\/v2\/users\/1"}],"replies":[{"embeddable":true,"href":"https:\/\/bihavadis.com\/index.php\/wp-json\/wp\/v2\/comments?post=13002"}],"version-history":[{"count":1,"href":"https:\/\/bihavadis.com\/index.php\/wp-json\/wp\/v2\/posts\/13002\/revisions"}],"predecessor-version":[{"id":13004,"href":"https:\/\/bihavadis.com\/index.php\/wp-json\/wp\/v2\/posts\/13002\/revisions\/13004"}],"wp:featuredmedia":[{"embeddable":true,"href":"https:\/\/bihavadis.com\/index.php\/wp-json\/wp\/v2\/media\/13003"}],"wp:attachment":[{"href":"https:\/\/bihavadis.com\/index.php\/wp-json\/wp\/v2\/media?parent=13002"}],"wp:term":[{"taxonomy":"category","embeddable":true,"href":"https:\/\/bihavadis.com\/index.php\/wp-json\/wp\/v2\/categories?post=13002"},{"taxonomy":"post_tag","embeddable":true,"href":"https:\/\/bihavadis.com\/index.php\/wp-json\/wp\/v2\/tags?post=13002"}],"curies":[{"name":"wp","href":"https:\/\/api.w.org\/{rel}","templated":true}]}}