{"id":13019,"date":"2026-02-03T07:36:09","date_gmt":"2026-02-03T07:36:09","guid":{"rendered":"https:\/\/bihavadis.com\/?p=13019"},"modified":"2026-02-03T07:36:09","modified_gmt":"2026-02-03T07:36:09","slug":"izmirde-tramvay-kazasinda-yaralanan-birgul-canin-avukatindan-belediyeye-sert-tepki","status":"publish","type":"post","link":"https:\/\/bihavadis.com\/index.php\/2026\/02\/03\/izmirde-tramvay-kazasinda-yaralanan-birgul-canin-avukatindan-belediyeye-sert-tepki\/","title":{"rendered":"\u0130zmir&#8217;de tramvay kazas\u0131nda yaralanan Birg\u00fcl Can&#8217;\u0131n avukat\u0131ndan belediyeye sert tepki"},"content":{"rendered":"<p>\u0130zmir\u2019de tramvay kazas\u0131nda a\u011f\u0131r yaralanan Birg\u00fcl Can\u2019\u0131n ailesinin avukat\u0131 Ali Onar, \u0130zmir B\u00fcy\u00fck\u015fehir Belediyesinin resmi internet sitesinde yay\u0131mlanan a\u00e7\u0131klamaya yaz\u0131l\u0131 bir yan\u0131t verdi.<\/p>\n<p>Onar, kazan\u0131n \u00fczerinden yakla\u015f\u0131k 50 g\u00fcn ge\u00e7tikten sonra olay\u0131n ulusal bas\u0131nda yer almas\u0131n\u0131n ard\u0131ndan belediye taraf\u0131ndan yap\u0131lan a\u00e7\u0131klaman\u0131n, hem ger\u00e7e\u011fe ayk\u0131r\u0131 ifadeler i\u00e7erdi\u011fini hem de ailesi hastane koridorlar\u0131nda umutla bekleyen gen\u00e7 k\u0131z\u0131n yak\u0131nlar\u0131n\u0131 derinden yaralad\u0131\u011f\u0131n\u0131 savundu.<\/p>\n<p><img decoding=\"async\" src=\"https:\/\/bihavadis.com\/wp-content\/uploads\/2026\/02\/izmirde-tramvay-kazasinda-yaralanan-birgul-canin-avukatindan-belediyeye-sert-tepki-0-3l1cwHCE.jpg\"\/><\/p>\n<p><strong>&#8220;BELED\u0130YE KEND\u0130N\u0130 MAHKEME YER\u0130NE KOYDU&#8221;<\/strong><\/p>\n<p>Ailenin ya\u015fad\u0131\u011f\u0131 s\u00fcrecin son derece a\u011f\u0131r ve hassas oldu\u011funa dikkat \u00e7eken Onar, belediyenin a\u00e7\u0131klamas\u0131n\u0131n hukuki ve insani temelden yoksun oldu\u011funu ileri s\u00fcrd\u00fc. Hen\u00fcz yarg\u0131 s\u00fcreci devam ederken yap\u0131lan de\u011ferlendirmelerin kabul edilemez oldu\u011funu belirten Onar, \u015fu ifadelere yer verdi:<\/p>\n<p>Hen\u00fcz yarg\u0131 s\u00fcreci devam ederken kendini mahkeme yerine koyup h\u00fck\u00fcm veren, sat\u0131r aralar\u0131nda evlad\u0131n\u0131n alaca\u011f\u0131 bir nefese odaklanan bir aileyi sanki maddi beklenti i\u00e7indeymi\u015f gibi g\u00f6stermeye \u00e7al\u0131\u015fan bir belediye anlay\u0131\u015f\u0131 asla kabul edilemez.<\/p>\n<p><img decoding=\"async\" src=\"https:\/\/bihavadis.com\/wp-content\/uploads\/2026\/02\/izmirde-tramvay-kazasinda-yaralanan-birgul-canin-avukatindan-belediyeye-sert-tepki-1-Muga6thA.jpg\"\/><\/p>\n<p><strong>&#8220;H\u0130\u00c7B\u0130R MADD\u0130 TALEB\u0130M\u0130Z OLMADI&#8221;<\/strong><\/p>\n<p>Avukat Ali Onar, ailenin k\u0131zlar\u0131n\u0131n tedavisi s\u00fcresince herhangi bir kurumdan maddi destek talebinde bulunmad\u0131\u011f\u0131n\u0131 vurgulad\u0131. Belediye taraf\u0131ndan dile getirilen \u201cuzaktan takip\u201d ifadesinin ise ger\u00e7e\u011fi yans\u0131tmad\u0131\u011f\u0131n\u0131 \u00f6ne s\u00fcren Onar, bu durumun ihmalin a\u00e7\u0131k g\u00f6stergesi oldu\u011funu savundu.<\/p>\n<p>Onar, <b><em>\u201cE\u011fer b\u00f6yle bir takip yap\u0131lm\u0131\u015f olsayd\u0131, Birg\u00fcl\u2019\u00fcn ge\u00e7irdi\u011fi ameliyatlardan, anne ve babas\u0131n\u0131n g\u00fcnlerdir hastane koridorlar\u0131nda verdi\u011fi m\u00fccadeleden haberdar olunurdu\u201d <\/em><\/b>de\u011ferlendirmesinde bulundu.<\/p>\n<p><img decoding=\"async\" src=\"https:\/\/bihavadis.com\/wp-content\/uploads\/2026\/02\/izmirde-tramvay-kazasinda-yaralanan-birgul-canin-avukatindan-belediyeye-sert-tepki-2-3KmFhxdg.jpg\"\/><\/p>\n<p><strong>&#8220;BEKLENEN B\u0130R &#8216;GE\u00c7M\u0130\u015e OLSUN&#8217;DU&#8221;<\/strong><\/p>\n<p>Yap\u0131lan a\u00e7\u0131klaman\u0131n ailenin psikolojisini daha da olumsuz etkiledi\u011fini belirten Onar, kamuoyunu vicdani bir de\u011ferlendirme yapmaya davet etti.<\/p>\n<p><strong>OLAYIN GE\u00c7M\u0130\u015e\u0130<\/strong><\/p>\n<p>Kar\u015f\u0131yaka il\u00e7esi Caher Dudayev Bulvar\u0131\u2019nda 13 Aral\u0131k 2025\u2019te yolun kar\u015f\u0131s\u0131na ge\u00e7meye \u00e7al\u0131\u015fan lise \u00f6\u011frencisi Birg\u00fcl Can\u2019a tramvay \u00e7arpm\u0131\u015ft\u0131. Kazada a\u011f\u0131r yaralanan gen\u00e7 k\u0131z\u0131n tedavisi, \u0130zmir Bak\u0131r\u00e7ay \u00dcniversitesi \u00c7i\u011fli E\u011fitim ve Ara\u015ft\u0131rma Hastanesi\u2019nde devam ediyor.<\/p>\n<p><img decoding=\"async\" src=\"https:\/\/bihavadis.com\/wp-content\/uploads\/2026\/02\/izmirde-tramvay-kazasinda-yaralanan-birgul-canin-avukatindan-belediyeye-sert-tepki-3-QwttU4bP.jpg\"\/><\/p>\n","protected":false},"excerpt":{"rendered":"<p>Tramvay\u0131n \u00e7arpmas\u0131 sonucu 51 g\u00fcnd\u00fcr ya\u015fam m\u00fccadelesi veren 18 ya\u015f\u0131ndaki Birg\u00fcl Can\u2019\u0131n ailesinin avukat\u0131 Ali Onar, belediyenin olayla ilgili yapt\u0131\u011f\u0131 a\u00e7\u0131klaman\u0131n ger\u00e7e\u011fi yans\u0131tmad\u0131\u011f\u0131n\u0131 s\u00f6yledi.<\/p>\n","protected":false},"author":1,"featured_media":13020,"comment_status":"open","ping_status":"open","sticky":false,"template":"","format":"standard","meta":{"footnotes":""},"categories":[4,13],"tags":[372,2736],"class_list":["post-13019","post","type-post","status-publish","format-standard","has-post-thumbnail","hentry","category-gundem","category-son-dakika","tag-belediye","tag-onar"],"_links":{"self":[{"href":"https:\/\/bihavadis.com\/index.php\/wp-json\/wp\/v2\/posts\/13019","targetHints":{"allow":["GET"]}}],"collection":[{"href":"https:\/\/bihavadis.com\/index.php\/wp-json\/wp\/v2\/posts"}],"about":[{"href":"https:\/\/bihavadis.com\/index.php\/wp-json\/wp\/v2\/types\/post"}],"author":[{"embeddable":true,"href":"https:\/\/bihavadis.com\/index.php\/wp-json\/wp\/v2\/users\/1"}],"replies":[{"embeddable":true,"href":"https:\/\/bihavadis.com\/index.php\/wp-json\/wp\/v2\/comments?post=13019"}],"version-history":[{"count":1,"href":"https:\/\/bihavadis.com\/index.php\/wp-json\/wp\/v2\/posts\/13019\/revisions"}],"predecessor-version":[{"id":13025,"href":"https:\/\/bihavadis.com\/index.php\/wp-json\/wp\/v2\/posts\/13019\/revisions\/13025"}],"wp:featuredmedia":[{"embeddable":true,"href":"https:\/\/bihavadis.com\/index.php\/wp-json\/wp\/v2\/media\/13020"}],"wp:attachment":[{"href":"https:\/\/bihavadis.com\/index.php\/wp-json\/wp\/v2\/media?parent=13019"}],"wp:term":[{"taxonomy":"category","embeddable":true,"href":"https:\/\/bihavadis.com\/index.php\/wp-json\/wp\/v2\/categories?post=13019"},{"taxonomy":"post_tag","embeddable":true,"href":"https:\/\/bihavadis.com\/index.php\/wp-json\/wp\/v2\/tags?post=13019"}],"curies":[{"name":"wp","href":"https:\/\/api.w.org\/{rel}","templated":true}]}}