{"id":13159,"date":"2026-02-03T09:36:10","date_gmt":"2026-02-03T09:36:10","guid":{"rendered":"https:\/\/bihavadis.com\/?p=13159"},"modified":"2026-02-03T09:36:10","modified_gmt":"2026-02-03T09:36:10","slug":"antalyada-8-kisinin-oldugu-kazada-otobusun-son-goruntuleri-ortaya-cikti","status":"publish","type":"post","link":"https:\/\/bihavadis.com\/index.php\/2026\/02\/03\/antalyada-8-kisinin-oldugu-kazada-otobusun-son-goruntuleri-ortaya-cikti\/","title":{"rendered":"Antalya&#8217;da 8 ki\u015finin \u00f6ld\u00fc\u011f\u00fc kazada otob\u00fcs\u00fcn son g\u00f6r\u00fcnt\u00fcleri ortaya \u00e7\u0131kt\u0131"},"content":{"rendered":"<p>Antalya&#8217;n\u0131n\u00a0D\u00f6\u015femealt\u0131 il\u00e7esinde T\u00fcrkiye&#8217;yi y\u00fcrekten yaralayan bir kaza ya\u015fand\u0131.\u00a0<\/p>\n<p>D\u00fcn ak\u015fam saatlerinde Tekirda\u011f&#8217;dan Antalya&#8217;ya do\u011fru yola \u00e7\u0131kan, i\u00e7erisinde 34 yolcu ve m\u00fcrettebat\u0131n bulundu\u011fu yolcu otob\u00fcs\u00fcn\u00fcn s\u00fcr\u00fcc\u00fcs\u00fc, D\u00f6\u015femealt\u0131 il\u00e7esi K\u00f6m\u00fcrc\u00fcler Mahallesi&#8217;nde bulunan Kuzey \u00c7evreyolu \u00e7ok katl\u0131 kav\u015fa\u011f\u0131na geldi\u011fi s\u0131rada direksiyon hakimiyetini kaybetti.<\/p>\n<p>Otob\u00fcs yo\u011fun sis ve kayganla\u015fan yolun da etkisiyle kaza yapt\u0131.<\/p>\n<p>Yan yatarak yolda bir s\u00fcre s\u00fcr\u00fcklenen otob\u00fcs bariyerleri a\u015farak yakla\u015f\u0131k 15 metrelik \u015farampole devrildi.<\/p>\n<p><strong>9 K\u0130\u015e\u0130 HAYATINI KAYBETT\u0130, 25 K\u0130\u015e\u0130 YARALANDI<\/strong><\/p>\n<p>\u0130lk belirlemelere g\u00f6re 9 ki\u015finin hayat\u0131n\u0131 kaybetti\u011fi, 25 ki\u015finin ise yaraland\u0131\u011f\u0131 belirtildi.<\/p>\n<p>Yaral\u0131lar olay yerine gelen sa\u011fl\u0131k ekipleri taraf\u0131ndan ilk m\u00fcdahalelerinin ard\u0131ndan \u00e7evredeki hastanelere sevk edildi.<\/p>\n<p><img decoding=\"async\" src=\"https:\/\/bihavadis.com\/wp-content\/uploads\/2026\/02\/antalyada-8-kisinin-oldugu-kazada-otobusun-son-goruntuleri-ortaya-cikti-0-D4WrOB4F.jpg\"\/><\/p>\n<p><strong>OTOB\u00dcS\u00dcN SON G\u00d6R\u00dcNT\u00dcLER\u0130 ORTAYA \u00c7IKTI<\/strong><\/p>\n<p>\u00d6te yandan kaza yapan otob\u00fcs\u00fcn son g\u00f6r\u00fcnt\u00fcleri ortaya \u00e7\u0131kt\u0131.\u00a0<\/p>\n<p>G\u00f6r\u00fcnt\u00fclerden yolcular\u0131n valizlerini otob\u00fcse y\u00fckledi\u011fi ve otob\u00fcs\u00fcn otogardan ayr\u0131ld\u0131\u011f\u0131 anlar yer ald\u0131.\u00a0<\/p>\n<p><img decoding=\"async\" src=\"https:\/\/bihavadis.com\/wp-content\/uploads\/2026\/02\/antalyada-8-kisinin-oldugu-kazada-otobusun-son-goruntuleri-ortaya-cikti-1-uAJy4XKu.jpg\"\/><\/p>\n<p><strong>SORU\u015eTURMA BA\u015eLATILDI<\/strong><\/p>\n<p>Adalet Bakan\u0131 Y\u0131lmaz Tun\u00e7, olaya ili\u015fkin soru\u015fturma ba\u015flat\u0131ld\u0131\u011f\u0131n\u0131 duyurdu.\u00a0<\/p>\n<p>Kazayla ilgili\u00a01 Ba\u015fsavc\u0131vekili ve 2 Cumhuriyet Savc\u0131s\u0131 g\u00f6revlendirildi\u011fi ve soru\u015fturman\u0131n titizlikle s\u00fcrd\u00fcr\u00fcld\u00fc\u011f\u00fc<span>\u00a0belirtildi.\u00a0<\/span><\/p>\n<p>Kaza yerine gelen Antalya Valisi Hulusi \u015eahin, burada incelemelerde bulundu.<\/p>\n<p><img decoding=\"async\" src=\"https:\/\/bihavadis.com\/wp-content\/uploads\/2026\/02\/antalyada-8-kisinin-oldugu-kazada-otobusun-son-goruntuleri-ortaya-cikti-2-fUZpJ3eJ.jpg\"\/><\/p>\n<p><strong>&#8220;OTOB\u00dcS\u00dcN S\u00dcRETL\u0130 OLDU\u011eU ANLA\u015eILIYOR&#8221;<\/strong><\/p>\n<p>\u015eahin, kaza yerinde yetkililerden bilgi ald\u0131ktan sonra gazetecilere yapt\u0131\u011f\u0131 a\u00e7\u0131klamada, d\u00fcn ak\u015fam Tekirda\u011f&#8217;dan yola \u00e7\u0131kan yolcu otob\u00fcs\u00fcn\u00fcn saat 10.20 s\u0131ralar\u0131nda D\u00f6\u015femealt\u0131 il\u00e7esindeki K\u00f6m\u00fcrler Kav\u015fa\u011f\u0131&#8217;nda viraj\u0131 alamayarak \u015farampole yuvarland\u0131\u011f\u0131n\u0131 s\u00f6yledi.<\/p>\n<p>Kazan\u0131n nedeninin yap\u0131lacak teknik inceleme sonucu tespit edilece\u011fini dile getiren \u015eahin,\u00a0<em><b>&#8220;Zemin \u0131slak, b\u00f6lgede sis de varm\u0131\u015f. S\u00fcrat yap\u0131lacak bir yer de\u011fil, ancak otob\u00fcs\u00fcn s\u00fcratli oldu\u011fu anla\u015f\u0131l\u0131yor.&#8221;<\/b><\/em> ifadelerini kulland\u0131.<\/p>\n<p><img decoding=\"async\" src=\"https:\/\/bihavadis.com\/wp-content\/uploads\/2026\/02\/antalyada-8-kisinin-oldugu-kazada-otobusun-son-goruntuleri-ortaya-cikti-3-T5YBTBgS.jpg\"\/><\/p>\n<p><strong>7 YARALININ DURUMU KR\u0130T\u0130K<\/strong><\/p>\n<p>Daha sonra ikinci bir a\u00e7\u0131klama yapan Vali \u015eahin, son durum hakk\u0131nda bilgi verdi.\u00a0<\/p>\n<p>Yaral\u0131lar\u0131n tedavilerinin devam etti\u011fini belirten \u015eahin, 7 ki\u015finin durumunun a\u011f\u0131r oldu\u011funu s\u00f6yledi.\u00a0<\/p>\n<p><img decoding=\"async\" src=\"https:\/\/bihavadis.com\/wp-content\/uploads\/2026\/02\/antalyada-8-kisinin-oldugu-kazada-otobusun-son-goruntuleri-ortaya-cikti-4-rxk2WkXY.jpg\"\/><\/p>\n<p><img decoding=\"async\" src=\"https:\/\/bihavadis.com\/wp-content\/uploads\/2026\/02\/antalyada-8-kisinin-oldugu-kazada-otobusun-son-goruntuleri-ortaya-cikti-5-sX8tMTrn.jpg\"\/><\/p>\n<p><img decoding=\"async\" src=\"https:\/\/bihavadis.com\/wp-content\/uploads\/2026\/02\/antalyada-8-kisinin-oldugu-kazada-otobusun-son-goruntuleri-ortaya-cikti-6-dSKEzqX8.jpg\"\/><\/p>\n","protected":false},"excerpt":{"rendered":"<p>D\u00f6\u015femealt\u0131 il\u00e7esinde saat 10.39 s\u0131ralar\u0131nda seyir halindeyken kontrolden \u00e7\u0131karak devrilmesi sonucu ya\u015fanan trafik kazas\u0131nda 9 ki\u015fi hayat\u0131n\u0131 kaybederken yeni ortaya \u00e7\u0131kan g\u00f6r\u00fcnt\u00fclerden yolcular\u0131n valizlerini y\u00fckleyip otob\u00fcs\u00fcn otogardan ayr\u0131ld\u0131\u011f\u0131 anlar yer ald\u0131.<\/p>\n","protected":false},"author":1,"featured_media":13160,"comment_status":"open","ping_status":"open","sticky":false,"template":"","format":"standard","meta":{"footnotes":""},"categories":[9,13],"tags":[283,1781,2144],"class_list":["post-13159","post","type-post","status-publish","format-standard","has-post-thumbnail","hentry","category-genel","category-son-dakika","tag-kaza","tag-otobus","tag-sahin"],"_links":{"self":[{"href":"https:\/\/bihavadis.com\/index.php\/wp-json\/wp\/v2\/posts\/13159","targetHints":{"allow":["GET"]}}],"collection":[{"href":"https:\/\/bihavadis.com\/index.php\/wp-json\/wp\/v2\/posts"}],"about":[{"href":"https:\/\/bihavadis.com\/index.php\/wp-json\/wp\/v2\/types\/post"}],"author":[{"embeddable":true,"href":"https:\/\/bihavadis.com\/index.php\/wp-json\/wp\/v2\/users\/1"}],"replies":[{"embeddable":true,"href":"https:\/\/bihavadis.com\/index.php\/wp-json\/wp\/v2\/comments?post=13159"}],"version-history":[{"count":1,"href":"https:\/\/bihavadis.com\/index.php\/wp-json\/wp\/v2\/posts\/13159\/revisions"}],"predecessor-version":[{"id":13168,"href":"https:\/\/bihavadis.com\/index.php\/wp-json\/wp\/v2\/posts\/13159\/revisions\/13168"}],"wp:featuredmedia":[{"embeddable":true,"href":"https:\/\/bihavadis.com\/index.php\/wp-json\/wp\/v2\/media\/13160"}],"wp:attachment":[{"href":"https:\/\/bihavadis.com\/index.php\/wp-json\/wp\/v2\/media?parent=13159"}],"wp:term":[{"taxonomy":"category","embeddable":true,"href":"https:\/\/bihavadis.com\/index.php\/wp-json\/wp\/v2\/categories?post=13159"},{"taxonomy":"post_tag","embeddable":true,"href":"https:\/\/bihavadis.com\/index.php\/wp-json\/wp\/v2\/tags?post=13159"}],"curies":[{"name":"wp","href":"https:\/\/api.w.org\/{rel}","templated":true}]}}