{"id":13182,"date":"2026-02-03T09:51:03","date_gmt":"2026-02-03T09:51:03","guid":{"rendered":"https:\/\/bihavadis.com\/?p=13182"},"modified":"2026-02-03T09:51:03","modified_gmt":"2026-02-03T09:51:03","slug":"maltepe-belediyesinden-vatandaslara-kandil-simidi-ikrami","status":"publish","type":"post","link":"https:\/\/bihavadis.com\/index.php\/2026\/02\/03\/maltepe-belediyesinden-vatandaslara-kandil-simidi-ikrami\/","title":{"rendered":"Maltepe Belediyesi&#8217;nden vatanda\u015flara kandil simidi ikram\u0131"},"content":{"rendered":"<p>Maltepe Belediyesi, \u2018Berat Kandili\u2019 dolay\u0131s\u0131yla, il\u00e7e genelinde belirlenen da\u011f\u0131t\u0131m noktalar\u0131nda vatanda\u015flara kandil simidi ikram\u0131nda bulundu.<\/p>\n<p>Ramazan ay\u0131n\u0131n m\u00fcjdecisi olarak kabul edilen Berat Kandili nedeniyle Maltepe\u2019de vatanda\u015flara kandil simidi ikram\u0131nda bulunuldu. Belediye ekipleri, ba\u015fta meydan ve metro duraklar\u0131 olmak \u00fczere il\u00e7enin yo\u011fun oldu\u011fu noktalarda kurdu\u011fu stantlarda Maltepelilere kandil simidi da\u011f\u0131tt\u0131. Kandil simidi ikram\u0131 s\u0131ras\u0131nda belediye yetkilileri vatanda\u015flar\u0131n kandilini de kutlad\u0131. Vatanda\u015flar bu kandilde de kendilerini unutmayan Maltepe Belediye Ba\u015fkan\u0131 Mimar Esin K\u00f6ymen ve Maltepe Belediyesi\u2019ne te\u015fekk\u00fcrlerini ileterek duyduklar\u0131 memnuniyeti dile getirdi.<\/p>\n<p><b><i>BA\u015eKAN K\u00d6YMEN\u2019DEN BERAT KAND\u0130L\u0130 MESAJI<\/i><\/b><\/p>\n<p>Maltepe Belediye Ba\u015fkan\u0131 Mimar Esin K\u00f6ymen de Berat Kandili dolay\u0131s\u0131yla sosyal medya hesaplar\u0131ndan vatanda\u015flar\u0131n kandilini kutlad\u0131. K\u00f6ymen mesaj\u0131nda \u201cT\u00fcm insanl\u0131\u011fa sevgi, bar\u0131\u015f ve huzur getirmesi dile\u011fiyle Berat Kandiliniz kutlu olsun\u201d ifadelerini kulland\u0131.<\/p>\n<p>\u00a0<\/p>\n<p>Kaynak: (BYZHA) Beyaz Haber Ajans\u0131<\/p>\n","protected":false},"excerpt":{"rendered":"<p>Maltepe Belediyesi, \u2018Berat Kandili\u2019 dolay\u0131s\u0131yla, il\u00e7e genelinde belirlenen da\u011f\u0131t\u0131m noktalar\u0131nda vatanda\u015flara kandil simidi ikram\u0131nda bulundu.<\/p>\n","protected":false},"author":1,"featured_media":13183,"comment_status":"open","ping_status":"open","sticky":false,"template":"","format":"standard","meta":{"footnotes":""},"categories":[4],"tags":[372,2390,2753,2756,1135],"class_list":["post-13182","post","type-post","status-publish","format-standard","has-post-thumbnail","hentry","category-gundem","tag-belediye","tag-berat-kandili","tag-kandil","tag-maltepe","tag-vatandaslar"],"_links":{"self":[{"href":"https:\/\/bihavadis.com\/index.php\/wp-json\/wp\/v2\/posts\/13182","targetHints":{"allow":["GET"]}}],"collection":[{"href":"https:\/\/bihavadis.com\/index.php\/wp-json\/wp\/v2\/posts"}],"about":[{"href":"https:\/\/bihavadis.com\/index.php\/wp-json\/wp\/v2\/types\/post"}],"author":[{"embeddable":true,"href":"https:\/\/bihavadis.com\/index.php\/wp-json\/wp\/v2\/users\/1"}],"replies":[{"embeddable":true,"href":"https:\/\/bihavadis.com\/index.php\/wp-json\/wp\/v2\/comments?post=13182"}],"version-history":[{"count":1,"href":"https:\/\/bihavadis.com\/index.php\/wp-json\/wp\/v2\/posts\/13182\/revisions"}],"predecessor-version":[{"id":13184,"href":"https:\/\/bihavadis.com\/index.php\/wp-json\/wp\/v2\/posts\/13182\/revisions\/13184"}],"wp:featuredmedia":[{"embeddable":true,"href":"https:\/\/bihavadis.com\/index.php\/wp-json\/wp\/v2\/media\/13183"}],"wp:attachment":[{"href":"https:\/\/bihavadis.com\/index.php\/wp-json\/wp\/v2\/media?parent=13182"}],"wp:term":[{"taxonomy":"category","embeddable":true,"href":"https:\/\/bihavadis.com\/index.php\/wp-json\/wp\/v2\/categories?post=13182"},{"taxonomy":"post_tag","embeddable":true,"href":"https:\/\/bihavadis.com\/index.php\/wp-json\/wp\/v2\/tags?post=13182"}],"curies":[{"name":"wp","href":"https:\/\/api.w.org\/{rel}","templated":true}]}}