{"id":13185,"date":"2026-02-03T09:54:08","date_gmt":"2026-02-03T09:54:08","guid":{"rendered":"https:\/\/bihavadis.com\/?p=13185"},"modified":"2026-02-03T09:54:08","modified_gmt":"2026-02-03T09:54:08","slug":"oglunu-oyuna-alan-robin-van-persieye-cifte-sok","status":"publish","type":"post","link":"https:\/\/bihavadis.com\/index.php\/2026\/02\/03\/oglunu-oyuna-alan-robin-van-persieye-cifte-sok\/","title":{"rendered":"O\u011flunu oyuna alan Robin van Persie&#8217;ye \u00e7ifte \u015fok"},"content":{"rendered":"<p> Feyenoord Teknik Direkt\u00f6r\u00fc Robin van Persie, UEFA Avrupa Ligi&#8217;nde Real Betis ile oynanan ma\u00e7ta hem sportif hem de duygusal anlamda zor anlar ya\u015fad\u0131. Kar\u015f\u0131la\u015fmada o\u011flu Shaqueel van Persie&#8217;nin sakatlanmas\u0131 gecenin en \u00e7ok konu\u015fulan an\u0131 oldu.<\/p>\n<p><b>AVRUPA DEFTER\u0130 KAPANDI<\/b><\/p>\n<p>UEFA Avrupa Ligi&#8217;nde Real Betis&#8217;e konuk olan Feyenoord, sahadan 2-1 ma\u011flup ayr\u0131ld\u0131. Bu sonu\u00e7la Hollanda temsilcisi turnuvaya veda etti. M\u00fccadeleye skor kadar ya\u015fanan sakatl\u0131k da damga vurdu.<\/p>\n<p><b>SAQUEEL VAN PERSIE D\u0130Z\u0130NDEN SAKATLANDI<\/b><\/p>\n<p>Kar\u015f\u0131la\u015fman\u0131n 74. dakikas\u0131nda Feyenoord formas\u0131 giyen 19 ya\u015f\u0131ndaki Shaqueel van Persie dizinden sakatlanarak kendini yere b\u0131rakt\u0131. Gen\u00e7 futbolcunun ac\u0131 i\u00e7inde yerde kalmas\u0131 trib\u00fcnleri ve kul\u00fcbeyi endi\u015felendirdi.<\/p>\n<p><b>ROBIN VAN PERSIE DAYANAMADI<\/b><\/p>\n<p>O\u011flunun sakatland\u0131\u011f\u0131n\u0131 g\u00f6ren Feyenoord Teknik Direkt\u00f6r\u00fc Robin van Persie, hemen saha kenar\u0131ndan \u00e7\u0131karak Shaqueel&#8217;in yan\u0131na ko\u015ftu. Sa\u011fl\u0131k ekibinden bilgi alan Van Persie&#8217;nin olduk\u00e7a duygusal oldu\u011fu g\u00f6zlendi.<\/p>\n<div>\n<figure><img decoding=\"async\" src=\"https:\/\/bihavadis.com\/wp-content\/uploads\/2026\/02\/oglunu-oyuna-alan-robin-van-persieye-cifte-sok-0-eigOBjbh.jpg\"\/><\/figure>\n<\/div>\n<p><b>&#8220;\u0130LK BEL\u0130RT\u0130LER H\u0130\u00c7 \u0130Y\u0130 G\u00d6R\u00dcNM\u00dcYOR&#8221;<\/b><\/p>\n<p>Ma\u00e7\u0131n ard\u0131ndan konu\u015fan Robin van Persie, ya\u015fad\u0131\u011f\u0131 duygusal anlar\u0131 gizleyemedi. Deneyimli teknik adam, &#8220;Bu \u00e7ok \u00fcz\u00fcc\u00fc. \u00c7ok b\u00fcy\u00fck bir ac\u0131. \u0130lk belirtiler hi\u00e7 iyi g\u00f6r\u00fcnm\u00fcyor. Hem bir teknik direkt\u00f6r hem de bir baba olarak \u00e7ok \u00fczg\u00fcn\u00fcm&#8221; ifadelerini kulland\u0131.<\/p>\n<p><b>DERB\u0130 KAHRAMANLI\u011eINDAN SAKATLIK KABUSUNA<\/b><\/p>\n<p>Shaqueel van Persie, sadece 12 g\u00fcn \u00f6nce Sparta Rotterdam derbisinde oyuna sonradan girerek iki dakika i\u00e7inde att\u0131\u011f\u0131 iki golle dikkatleri \u00fczerine \u00e7ekmi\u015fti. O ma\u00e7ta skoru 3-3&#8217;e getiren gen\u00e7 oyuncu, k\u0131sa s\u00fcrede b\u00fcy\u00fck bir \u00e7\u0131k\u0131\u015f yakalam\u0131\u015ft\u0131. Ancak Avrupa Ligi&#8217;nde ya\u015fad\u0131\u011f\u0131 sakatl\u0131k, bu y\u00fckseli\u015fi \u015fimdilik g\u00f6lgeledi.<\/p>\n","protected":false},"excerpt":{"rendered":"<p>UEFA Avrupa Ligi&#8217;nde Feyenoord&#8217;un Real Betis&#8217;e 2-1 ma\u011flup oldu\u011fu ma\u00e7ta, teknik direkt\u00f6r Robin van Persie&#8217;nin o\u011flu Shaqueel van Persie dizinden sakatland\u0131. Olay sonras\u0131 sahaya ko\u015fan Robin van Persie&#8217;nin duygusal anlar\u0131 geceye damga vurdu. 19 ya\u015f\u0131ndaki gen\u00e7 futbolcu, sadece 12 g\u00fcn \u00f6nce Sparta Rotterdam derbisinde dikkat \u00e7eken performans\u0131yla ad\u0131ndan s\u00f6z ettirmi\u015fti. Ancak Avrupa Ligi&#8217;nde ya\u015fad\u0131\u011f\u0131 sakatl\u0131k, bu y\u00fckseli\u015fi \u015fimdilik g\u00f6lgeledi.<\/p>\n","protected":false},"author":1,"featured_media":13186,"comment_status":"open","ping_status":"open","sticky":false,"template":"","format":"standard","meta":{"footnotes":""},"categories":[14],"tags":[2757],"class_list":["post-13185","post","type-post","status-publish","format-standard","has-post-thumbnail","hentry","category-spor","tag-van-persie"],"_links":{"self":[{"href":"https:\/\/bihavadis.com\/index.php\/wp-json\/wp\/v2\/posts\/13185","targetHints":{"allow":["GET"]}}],"collection":[{"href":"https:\/\/bihavadis.com\/index.php\/wp-json\/wp\/v2\/posts"}],"about":[{"href":"https:\/\/bihavadis.com\/index.php\/wp-json\/wp\/v2\/types\/post"}],"author":[{"embeddable":true,"href":"https:\/\/bihavadis.com\/index.php\/wp-json\/wp\/v2\/users\/1"}],"replies":[{"embeddable":true,"href":"https:\/\/bihavadis.com\/index.php\/wp-json\/wp\/v2\/comments?post=13185"}],"version-history":[{"count":1,"href":"https:\/\/bihavadis.com\/index.php\/wp-json\/wp\/v2\/posts\/13185\/revisions"}],"predecessor-version":[{"id":13188,"href":"https:\/\/bihavadis.com\/index.php\/wp-json\/wp\/v2\/posts\/13185\/revisions\/13188"}],"wp:featuredmedia":[{"embeddable":true,"href":"https:\/\/bihavadis.com\/index.php\/wp-json\/wp\/v2\/media\/13186"}],"wp:attachment":[{"href":"https:\/\/bihavadis.com\/index.php\/wp-json\/wp\/v2\/media?parent=13185"}],"wp:term":[{"taxonomy":"category","embeddable":true,"href":"https:\/\/bihavadis.com\/index.php\/wp-json\/wp\/v2\/categories?post=13185"},{"taxonomy":"post_tag","embeddable":true,"href":"https:\/\/bihavadis.com\/index.php\/wp-json\/wp\/v2\/tags?post=13185"}],"curies":[{"name":"wp","href":"https:\/\/api.w.org\/{rel}","templated":true}]}}