{"id":13205,"date":"2026-02-03T10:12:05","date_gmt":"2026-02-03T10:12:05","guid":{"rendered":"https:\/\/bihavadis.com\/?p=13205"},"modified":"2026-02-03T10:12:05","modified_gmt":"2026-02-03T10:12:05","slug":"baskan-vekili-ozdemir-deprem-bolgesinde","status":"publish","type":"post","link":"https:\/\/bihavadis.com\/index.php\/2026\/02\/03\/baskan-vekili-ozdemir-deprem-bolgesinde\/","title":{"rendered":"Ba\u015fkan Vekili \u00d6zdemir deprem b\u00f6lgesinde"},"content":{"rendered":"<p>\u00a0<\/p>\n<p><span><span><span>Antalya B\u00fcy\u00fck\u015fehir Belediyesi Ba\u015fkan Vekili B\u00fc\u015fra \u00d6zdemir, 6 \u015eubat depremlerinin 3\u2019\u00fcnc\u00fc y\u0131l\u0131nda Osmaniye ve Gaziantep\u2019te vatanda\u015flarla bir araya geldi. <\/span><\/span><\/span><\/p>\n<p><span><span><span>Antalya B\u00fcy\u00fck\u015fehir Belediyesi Ba\u015fkan Vekili B\u00fc\u015fra \u00d6zdemir, 6 \u015eubat depremlerinin 3\u2019\u00fcnc\u00fc y\u0131l\u0131nda deprem b\u00f6lgesine bir tak\u0131m ziyaretlerde bulundu. Cumhuriyet Halk Partisi (CHP) Genel Ba\u015fkan\u0131 \u00d6zg\u00fcr \u00d6zel, milletvekilleri, B\u00fcy\u00fck\u015fehir Belediye Ba\u015fkanlar\u0131\u2019n\u0131n da kat\u0131ld\u0131\u011f\u0131 ziyaretler ilk olarak Osmaniye\u2019ye ger\u00e7ekle\u015ftirildi. CHP Lideri \u00d6zg\u00fcr \u00d6zel, Antalya B\u00fcy\u00fck\u015fehir Belediyesi Ba\u015fkan Vekili B\u00fc\u015fra \u00d6zdemir ve belediye ba\u015fkanlar\u0131yla birlikte CHP Osmaniye \u0130l Ba\u015fkanl\u0131\u011f\u0131\u2019n\u0131 ziyaret etti. Ziyaretler kapsam\u0131nda Ba\u015fkan Vekili \u00d6zdemir, Osmaniye\u2019deki depremzede ve \u015fehit mezarl\u0131\u011f\u0131nda 6 \u015eubat depremlerinde hayat\u0131n\u0131 kaybeden vatanda\u015flar\u0131n mezarlar\u0131na karanfil b\u0131rakt\u0131. Osmaniye\u2019deki Kara\u00e7ay Ge\u00e7ici Konaklama Merkezi\u2019nde kalan depremzedeleri ziyaret eden Ba\u015fkan Vekili \u00d6zdemir, \u00e7ocuklar ve vatanda\u015flarla bir araya geldi. <\/span><\/span><\/span><\/p>\n<p><span><span><span>NURDA\u011eI VE \u0130SLAH\u0130YE B\u00d6LGES\u0130NE Z\u0130YARET <\/span><\/span><\/span><\/p>\n<p><span><span><span>Ba\u015fkan Vekili \u00d6zdemir, daha sonra Gaziantep Nurda\u011f\u0131 ve \u0130slahiye b\u00f6lgesine ge\u00e7ti. CHP Genel Ba\u015fkan\u0131 \u00d6zg\u00fcr \u00d6zel ve belediye ba\u015fkanlar\u0131 Nurda\u011f\u0131\u2019nda depremzede vatanda\u015flar\u0131 ziyaret etti. Ba\u015fkan Vekili B\u00fc\u015fra \u00d6zdemir, \u201cAc\u0131n\u0131n hala \u00e7ok taze oldu\u011fu bu topraklarda, dayan\u0131\u015fman\u0131n ve birlikte iyile\u015fmenin \u00f6nemini hi\u00e7bir zaman unutmuyor, birbirimizden g\u00fc\u00e7 al\u0131yoruz\u201d diyerek, \u201cDeprem felaketinde hayat\u0131n\u0131 kaybeden t\u00fcm yurtta\u015flar\u0131m\u0131za Allah\u2019tan rahmet, ailelerine ve yak\u0131nlar\u0131na ba\u015fsa\u011fl\u0131\u011f\u0131 diliyorum. Ruhlar\u0131 \u015fad olsun. 6 \u015eubat depremlerinden sonra Antalya B\u00fcy\u00fck\u015fehir Belediyesi olarak Nurda\u011f\u0131 b\u00f6lgesinde yakla\u015f\u0131k bir y\u0131l s\u00fcresince adeta kamp kurduk. Sosyal Hizmetler Dairesi Ba\u015fkanl\u0131\u011f\u0131 ekiplerimiz aylarca Nurda\u011f\u0131\u2019nda depremzede vatanda\u015flar\u0131m\u0131z\u0131n yan\u0131nda oldu. Nurda\u011f\u0131\u2019n\u0131n altyap\u0131 ihtiya\u00e7lar\u0131na y\u00f6nelik \u00f6nemli destekler sa\u011fland\u0131. T\u00fcm \u00fclke olarak birlik ve beraberlik i\u00e7erisinde halk\u0131m\u0131z\u0131n yan\u0131nda olduk. \u0130n\u015fallah bir daha b\u00f6yle depremler ya\u015famay\u0131z\u201d dedi. <\/span><\/span><\/span><\/p>\n<p>\u00a0<br \/>Kaynak: (BYZHA) Beyaz Haber Ajans\u0131<\/p><\/p>\n","protected":false},"excerpt":{"rendered":"<p>Antalya B\u00fcy\u00fck\u015fehir Belediyesi Ba\u015fkan Vekili B\u00fc\u015fra \u00d6zdemir, 6 \u015eubat depremlerinin 3\u2019\u00fcnc\u00fc y\u0131l\u0131nda Osmaniye ve Gaziantep\u2019te vatanda\u015flarla bir araya geldi.<\/p>\n","protected":false},"author":1,"featured_media":13206,"comment_status":"open","ping_status":"open","sticky":false,"template":"","format":"standard","meta":{"footnotes":""},"categories":[4],"tags":[516,2758,60,2680,319],"class_list":["post-13205","post","type-post","status-publish","format-standard","has-post-thumbnail","hentry","category-gundem","tag-baskan","tag-baskan-vekili","tag-deprem","tag-nurdagi","tag-ziyaret"],"_links":{"self":[{"href":"https:\/\/bihavadis.com\/index.php\/wp-json\/wp\/v2\/posts\/13205","targetHints":{"allow":["GET"]}}],"collection":[{"href":"https:\/\/bihavadis.com\/index.php\/wp-json\/wp\/v2\/posts"}],"about":[{"href":"https:\/\/bihavadis.com\/index.php\/wp-json\/wp\/v2\/types\/post"}],"author":[{"embeddable":true,"href":"https:\/\/bihavadis.com\/index.php\/wp-json\/wp\/v2\/users\/1"}],"replies":[{"embeddable":true,"href":"https:\/\/bihavadis.com\/index.php\/wp-json\/wp\/v2\/comments?post=13205"}],"version-history":[{"count":1,"href":"https:\/\/bihavadis.com\/index.php\/wp-json\/wp\/v2\/posts\/13205\/revisions"}],"predecessor-version":[{"id":13207,"href":"https:\/\/bihavadis.com\/index.php\/wp-json\/wp\/v2\/posts\/13205\/revisions\/13207"}],"wp:featuredmedia":[{"embeddable":true,"href":"https:\/\/bihavadis.com\/index.php\/wp-json\/wp\/v2\/media\/13206"}],"wp:attachment":[{"href":"https:\/\/bihavadis.com\/index.php\/wp-json\/wp\/v2\/media?parent=13205"}],"wp:term":[{"taxonomy":"category","embeddable":true,"href":"https:\/\/bihavadis.com\/index.php\/wp-json\/wp\/v2\/categories?post=13205"},{"taxonomy":"post_tag","embeddable":true,"href":"https:\/\/bihavadis.com\/index.php\/wp-json\/wp\/v2\/tags?post=13205"}],"curies":[{"name":"wp","href":"https:\/\/api.w.org\/{rel}","templated":true}]}}