{"id":13238,"date":"2026-02-03T10:39:05","date_gmt":"2026-02-03T10:39:05","guid":{"rendered":"https:\/\/bihavadis.com\/?p=13238"},"modified":"2026-02-03T10:39:05","modified_gmt":"2026-02-03T10:39:05","slug":"irandan-abye-sert-tepki","status":"publish","type":"post","link":"https:\/\/bihavadis.com\/index.php\/2026\/02\/03\/irandan-abye-sert-tepki\/","title":{"rendered":"\u0130ran&#8217;dan AB&#8217;ye Sert Tepki"},"content":{"rendered":"<p>\n<p>\u0130RAN D\u0131\u015fi\u015fleri Bakan\u0131 Abbas Arak\u00e7i, \u0130ran Devrim Muhaf\u0131zlar\u0131 Ordusu&#8217;nu ter\u00f6r listesine alan AB&#8217;nin karar\u0131n\u0131 ele\u015ftirerek, &#8220;Avrupa, Ulusal Ordumuzu s\u00f6zde &#8216;ter\u00f6r \u00f6rg\u00fct\u00fc&#8217; olarak tan\u0131mlayarak bir ba\u015fka b\u00fcy\u00fck stratejik hata yap\u0131yor&#8221; dedi.<\/p>\n<p>\u0130ran D\u0131\u015fi\u015fleri Bakan\u0131 Abbas Arak\u00e7i, Avrupa Birli\u011fi&#8217;nin (AB) ald\u0131\u011f\u0131 s\u00f6z konusu karara sanal medya hesab\u0131ndan tepki g\u00f6sterdi. B\u00f6lgede topyekun bir sava\u015f\u0131 \u00f6nlemek i\u00e7in bir\u00e7ok \u00fclkenin \u00e7aba g\u00f6sterdi\u011fini ancak bunlar\u0131n aras\u0131nda Avrupal\u0131lar\u0131n olmad\u0131\u011f\u0131n\u0131 belirten Arak\u00e7i, &#8220;Avrupa bunun yerine alevleri k\u00f6r\u00fcklemekle me\u015fgul. ABD&#8217;nin emriyle &#8216;snapback&#8217; (yapt\u0131r\u0131mlar\u0131n geri gelmesi) pe\u015finde ko\u015ftuktan sonra, \u015fimdi de Ulusal Ordumuzu s\u00f6zde &#8216;ter\u00f6r \u00f6rg\u00fct\u00fc&#8217; olarak tan\u0131mlayarak bir ba\u015fka b\u00fcy\u00fck stratejik hata yap\u0131yor&#8221; ifadelerini kulland\u0131.<\/p>\n<p>Avrupa&#8217;n\u0131n tutumunu ele\u015ftiren Arak\u00e7i, &#8220;\u0130srail&#8217;in Gazze&#8217;deki soyk\u0131r\u0131m\u0131na kar\u015f\u0131 hi\u00e7bir eylemde bulunmay\u0131p, \u0130ran&#8217;da &#8216;insan haklar\u0131n\u0131 savunmak&#8217; i\u00e7in acele etmeleri bariz bir ikiy\u00fczl\u00fcl\u00fckt\u00fcr. Avrupa&#8217;n\u0131n bu PR (halkla ili\u015fkiler) g\u00f6sterisi, esasen ciddi bir d\u00fc\u015f\u00fc\u015f i\u00e7inde oldu\u011fu ger\u00e7e\u011fini gizlemeyi ama\u00e7l\u0131yor&#8221; de\u011ferlendirmesinde bulundu.<\/p>\n<p>Olas\u0131 bir sava\u015f\u0131n Avrupa&#8217;y\u0131 da ekonomik olarak vuraca\u011f\u0131 uyar\u0131s\u0131nda bulunan Arak\u00e7i, &#8220;B\u00f6lgemizdeki topyekun bir sava\u015f\u0131n, artan enerji fiyatlar\u0131 da dahil olmak \u00fczere k\u0131ta \u00fczerinde yarataca\u011f\u0131 devasa etkiler g\u00f6z \u00f6n\u00fcne al\u0131nd\u0131\u011f\u0131nda, AB&#8217;nin mevcut tutumu kendi \u00e7\u0131karlar\u0131na derin zararlar veriyor. Avrupal\u0131lar, h\u00fck\u00fcmetlerinin sunduklar\u0131ndan daha iyisini hak ediyor&#8221; ifadelerini kulland\u0131.<\/p>\n","protected":false},"excerpt":{"rendered":"<p>\u0130ran D\u0131\u015fi\u015fleri Bakan\u0131 Arak\u00e7i, AB&#8217;nin Devrim Muhaf\u0131zlar\u0131&#8217;n\u0131 ter\u00f6r listesine almas\u0131n\u0131 ele\u015ftirdi.<\/p>\n","protected":false},"author":1,"featured_media":13239,"comment_status":"open","ping_status":"open","sticky":false,"template":"","format":"standard","meta":{"footnotes":""},"categories":[12],"tags":[1545,1090],"class_list":["post-13238","post","type-post","status-publish","format-standard","has-post-thumbnail","hentry","category-siyaset","tag-arakci","tag-avrupa"],"_links":{"self":[{"href":"https:\/\/bihavadis.com\/index.php\/wp-json\/wp\/v2\/posts\/13238","targetHints":{"allow":["GET"]}}],"collection":[{"href":"https:\/\/bihavadis.com\/index.php\/wp-json\/wp\/v2\/posts"}],"about":[{"href":"https:\/\/bihavadis.com\/index.php\/wp-json\/wp\/v2\/types\/post"}],"author":[{"embeddable":true,"href":"https:\/\/bihavadis.com\/index.php\/wp-json\/wp\/v2\/users\/1"}],"replies":[{"embeddable":true,"href":"https:\/\/bihavadis.com\/index.php\/wp-json\/wp\/v2\/comments?post=13238"}],"version-history":[{"count":1,"href":"https:\/\/bihavadis.com\/index.php\/wp-json\/wp\/v2\/posts\/13238\/revisions"}],"predecessor-version":[{"id":13240,"href":"https:\/\/bihavadis.com\/index.php\/wp-json\/wp\/v2\/posts\/13238\/revisions\/13240"}],"wp:featuredmedia":[{"embeddable":true,"href":"https:\/\/bihavadis.com\/index.php\/wp-json\/wp\/v2\/media\/13239"}],"wp:attachment":[{"href":"https:\/\/bihavadis.com\/index.php\/wp-json\/wp\/v2\/media?parent=13238"}],"wp:term":[{"taxonomy":"category","embeddable":true,"href":"https:\/\/bihavadis.com\/index.php\/wp-json\/wp\/v2\/categories?post=13238"},{"taxonomy":"post_tag","embeddable":true,"href":"https:\/\/bihavadis.com\/index.php\/wp-json\/wp\/v2\/tags?post=13238"}],"curies":[{"name":"wp","href":"https:\/\/api.w.org\/{rel}","templated":true}]}}