{"id":13247,"date":"2026-02-03T10:51:04","date_gmt":"2026-02-03T10:51:04","guid":{"rendered":"https:\/\/bihavadis.com\/?p=13247"},"modified":"2026-02-03T10:51:04","modified_gmt":"2026-02-03T10:51:04","slug":"canikte-kentsel-donusum-devam-ediyor-depreme-dayaniksiz-741-bina-yikiliyor","status":"publish","type":"post","link":"https:\/\/bihavadis.com\/index.php\/2026\/02\/03\/canikte-kentsel-donusum-devam-ediyor-depreme-dayaniksiz-741-bina-yikiliyor\/","title":{"rendered":"Canik&#8217;te kentsel d\u00f6n\u00fc\u015f\u00fcm devam ediyor: Depreme dayan\u0131ks\u0131z 741 bina y\u0131k\u0131l\u0131yor"},"content":{"rendered":"<p> Samsun&#8217;un Canik Belediye Ba\u015fkan\u0131 \u0130brahim Sand\u0131k\u00e7\u0131, depreme kar\u015f\u0131 g\u00fcvenli ya\u015fam alanlar\u0131 i\u00e7in sahada b\u00fcy\u00fck bir gayretle \u00e7al\u0131\u015ft\u0131klar\u0131n\u0131 belirterek \u00c7evre, \u015eehircilik ve \u0130klim De\u011fi\u015fikli\u011fi Bakanl\u0131\u011f\u0131 \u00f6nc\u00fcl\u00fc\u011f\u00fcnde kentsel d\u00f6n\u00fc\u015f\u00fcm \u00e7al\u0131\u015fmalar\u0131n\u0131 aral\u0131ks\u0131z bir \u015fekilde s\u00fcrd\u00fcrd\u00fcklerini s\u00f6yledi.<\/p>\n<p>Canik Belediye Ba\u015fkan\u0131 \u0130brahim Sand\u0131k\u00e7\u0131, depreme dayan\u0131kl\u0131 ve g\u00fcvenli ya\u015fam alanlar\u0131n\u0131 il\u00e7eye kazand\u0131rmak i\u00e7in yo\u011fun bir \u015fekilde \u00e7al\u0131\u015fmaya devam ettiklerini ifade etti. So\u011fuksu Mahallesi&#8217;nde 17,5 hektar alanda s\u00fcrd\u00fcrd\u00fckleri So\u011fuksu Kentsel D\u00f6n\u00fc\u015f\u00fcm Projesi ile depreme dayan\u0131ks\u0131z ve y\u00fcksek riskli yap\u0131 stokunun y\u0131k\u0131m i\u015flemlerini s\u00fcrd\u00fcrd\u00fcklerini anlatan Ba\u015fkan \u0130brahim Sand\u0131k\u00e7\u0131, proje \u00e7er\u00e7evesinde depreme kar\u015f\u0131 dayan\u0131ks\u0131z 741 binan\u0131n tamam\u0131n\u0131 bertaraf edeceklerini kaydetti. \u00c7evre, \u015eehircilik ve \u0130klim De\u011fi\u015fikli\u011fi Bakanl\u0131\u011f\u0131 \u00f6nc\u00fcl\u00fc\u011f\u00fcnde ger\u00e7ekle\u015ftirdikleri kentsel d\u00f6n\u00fc\u015f\u00fcm projesiyle depreme dayan\u0131kl\u0131 konutlar\u0131 ve sosyal ya\u015fam alanlar\u0131n\u0131 vatanda\u015flarla bulu\u015fturacaklar\u0131n\u0131 ifade eden Ba\u015fkan \u0130brahim Sand\u0131k\u00e7\u0131, &#8220;Canik&#8217;imizde depreme kar\u015f\u0131 g\u00fcvenli ya\u015fam alanlar\u0131 i\u00e7in var g\u00fcc\u00fcm\u00fczle \u00e7al\u0131\u015f\u0131yoruz&#8221; dedi.<\/p>\n<p>Depreme dayan\u0131ks\u0131z 741 bina y\u0131k\u0131l\u0131yor<\/p>\n<p>&#8220;Canik&#8217;imizde \u00c7evre, \u015eehircilik ve \u0130klim De\u011fi\u015fikli\u011fi Bakanl\u0131\u011f\u0131m\u0131z \u00f6nc\u00fcl\u00fc\u011f\u00fcnde kentsel d\u00f6n\u00fc\u015f\u00fcm \u00e7al\u0131\u015fmalar\u0131m\u0131za kararl\u0131l\u0131kla devam ediyoruz&#8221; diyen Ba\u015fkan \u0130brahim Sand\u0131k\u00e7\u0131, So\u011fuksu Kentsel D\u00f6n\u00fc\u015f\u00fcm Projesi kapsam\u0131nda 17,5 hektar alanda kentsel d\u00f6n\u00fc\u015f\u00fcm \u00e7al\u0131\u015fmalar\u0131na devam ettiklerini ifade ederek, &#8220;Canik&#8217;imizde g\u00fcvenli bir gelecek i\u00e7in kentsel d\u00f6n\u00fc\u015f\u00fcm\u00fc s\u00fcrd\u00fcr\u00fcyor, sahada gayretle \u00e7al\u0131\u015fmaya devam ediyoruz. \u00c7evre, \u015eehircilik ve \u0130klim De\u011fi\u015fikli\u011fi Bakanl\u0131\u011f\u0131m\u0131z\u0131n \u00f6nc\u00fcl\u00fc\u011f\u00fcnde So\u011fuksu Mahallemizde 17,5 hektar alanda s\u00fcrd\u00fcrd\u00fc\u011f\u00fcm\u00fcz So\u011fuksu Kentsel D\u00f6n\u00fc\u015f\u00fcm Projemiz \u00e7er\u00e7evesinde, mahallemizde yer alan depreme dayan\u0131ks\u0131z ve y\u00fcksek riskli binalar\u0131n y\u0131k\u0131m \u00e7al\u0131\u015fmalar\u0131na devam ediyoruz. Hem\u015fehrilerimizi depreme kar\u015f\u0131 dayan\u0131kl\u0131 evleriyle ve yeni sosyal donat\u0131 alanlar\u0131yla bulu\u015fturaca\u011f\u0131m\u0131z kentsel d\u00f6n\u00fc\u015f\u00fcm projemiz kapsam\u0131nda, So\u011fuksu Mahallemizde yer alan 741 y\u00fcksek riskli ve depreme dayan\u0131ks\u0131z binan\u0131n tamam\u0131n\u0131 bertaraf edece\u011fiz. \u0130l\u00e7emize g\u00fcvenli ve konforlu ya\u015fam alanlar\u0131 kazand\u0131raca\u011f\u0131z. So\u011fuksu Kentsel D\u00f6n\u00fc\u015f\u00fcm Projemizin il\u00e7emizde hayat bulmas\u0131na vesile olan ba\u015fta Cumhurba\u015fkan\u0131m\u0131z Say\u0131n Recep Tayyip Erdo\u011fan olmak \u00fczere \u00c7evre, \u015eehircilik ve \u0130klim De\u011fi\u015fikli\u011fi Bakan\u0131m\u0131z Say\u0131n Murat Kurum Bey ve ekibine, Say\u0131n Milletvekillerimize, B\u00fcy\u00fck\u015fehir Belediye Ba\u015fkan\u0131m\u0131z Say\u0131n Halit Do\u011fan&#8217;a ve eme\u011fi ge\u00e7en herkese te\u015fekk\u00fcr ediyorum&#8221; diye konu\u015ftu.<\/p>\n<p>\u0130l\u00e7e sakinlerinin ilk a\u015famadan itibaren kentsel d\u00f6n\u00fc\u015f\u00fcm s\u00fcrecine b\u00fcy\u00fck ilgi g\u00f6sterdi\u011fini aktaran Ba\u015fkan \u0130brahim Sand\u0131k\u00e7\u0131, vatanda\u015flarla birlik ve beraberlik i\u00e7erisinde \u00e7al\u0131\u015fmaya devam ettiklerini s\u00f6zlerine ekledi. &#8211; SAMSUN<\/p>\n","protected":false},"excerpt":{"rendered":"<p>Samsun&#8217;un Canik Belediye Ba\u015fkan\u0131 \u0130brahim Sand\u0131k\u00e7\u0131, depreme kar\u015f\u0131 g\u00fcvenli ya\u015fam alanlar\u0131 i\u00e7in sahada b\u00fcy\u00fck bir gayretle \u00e7al\u0131\u015ft\u0131klar\u0131n\u0131 belirterek \u00c7evre, \u015eehircilik ve \u0130klim De\u011fi\u015fikli\u011fi Bakanl\u0131\u011f\u0131 \u00f6nc\u00fcl\u00fc\u011f\u00fcnde kentsel d\u00f6n\u00fc\u015f\u00fcm \u00e7al\u0131\u015fmalar\u0131n\u0131 aral\u0131ks\u0131z bir \u015fekilde s\u00fcrd\u00fcrd\u00fcklerini s\u00f6yledi.<\/p>\n","protected":false},"author":1,"featured_media":13248,"comment_status":"open","ping_status":"open","sticky":false,"template":"","format":"standard","meta":{"footnotes":""},"categories":[12],"tags":[516,1686,1685,237,1687],"class_list":["post-13247","post","type-post","status-publish","format-standard","has-post-thumbnail","hentry","category-siyaset","tag-baskan","tag-depreme","tag-kentsel-donusum","tag-proje","tag-soguksu"],"_links":{"self":[{"href":"https:\/\/bihavadis.com\/index.php\/wp-json\/wp\/v2\/posts\/13247","targetHints":{"allow":["GET"]}}],"collection":[{"href":"https:\/\/bihavadis.com\/index.php\/wp-json\/wp\/v2\/posts"}],"about":[{"href":"https:\/\/bihavadis.com\/index.php\/wp-json\/wp\/v2\/types\/post"}],"author":[{"embeddable":true,"href":"https:\/\/bihavadis.com\/index.php\/wp-json\/wp\/v2\/users\/1"}],"replies":[{"embeddable":true,"href":"https:\/\/bihavadis.com\/index.php\/wp-json\/wp\/v2\/comments?post=13247"}],"version-history":[{"count":1,"href":"https:\/\/bihavadis.com\/index.php\/wp-json\/wp\/v2\/posts\/13247\/revisions"}],"predecessor-version":[{"id":13249,"href":"https:\/\/bihavadis.com\/index.php\/wp-json\/wp\/v2\/posts\/13247\/revisions\/13249"}],"wp:featuredmedia":[{"embeddable":true,"href":"https:\/\/bihavadis.com\/index.php\/wp-json\/wp\/v2\/media\/13248"}],"wp:attachment":[{"href":"https:\/\/bihavadis.com\/index.php\/wp-json\/wp\/v2\/media?parent=13247"}],"wp:term":[{"taxonomy":"category","embeddable":true,"href":"https:\/\/bihavadis.com\/index.php\/wp-json\/wp\/v2\/categories?post=13247"},{"taxonomy":"post_tag","embeddable":true,"href":"https:\/\/bihavadis.com\/index.php\/wp-json\/wp\/v2\/tags?post=13247"}],"curies":[{"name":"wp","href":"https:\/\/api.w.org\/{rel}","templated":true}]}}