{"id":13280,"date":"2026-02-03T11:21:05","date_gmt":"2026-02-03T11:21:05","guid":{"rendered":"https:\/\/bihavadis.com\/?p=13280"},"modified":"2026-02-03T11:21:05","modified_gmt":"2026-02-03T11:21:05","slug":"trabzonsporda-kaptan-belirsizligi","status":"publish","type":"post","link":"https:\/\/bihavadis.com\/index.php\/2026\/02\/03\/trabzonsporda-kaptan-belirsizligi\/","title":{"rendered":"Trabzonspor&#8217;da kaptan belirsizli\u011fi!"},"content":{"rendered":"<p>Trabzonspor&#8217;da S\u00fcper Lig&#8217;in 20 haftal\u0131k b\u00f6l\u00fcm\u00fcnde tak\u0131m kaptanl\u0131\u011f\u0131 konusunda s\u00fcrekli de\u011fi\u015fim ya\u015fand\u0131.<\/p>\n<p>Bordo-mavili tak\u0131mda ligin geride kalan b\u00f6l\u00fcm\u00fcnde 8 futbolcu, sahaya kaptan olarak \u00e7\u0131kt\u0131.<\/p>\n<p>Karadeniz ekibinde en fazla kaptanl\u0131\u011f\u0131 8 ma\u00e7la Savic yaparken, Galatasaray&#8217;a transfer olan U\u011furcan \u00c7ak\u0131r 4, Ozan Tufan ve Okay Yoku\u015flu iki\u015fer, Visca, Mustafa Eskihella\u00e7, Zubkov ve Onuachu da birer ma\u00e7ta kaptan olarak g\u00f6rev ald\u0131.<\/p>\n<p><strong>U\u011eURCAN \u00c7AKIR&#8217;DAN SONRA DE\u011e\u0130\u015e\u0130M<\/strong><\/p>\n<p>Trabzonspor&#8217;un uzun y\u0131llar kalesini koruyan ve kaptanl\u0131\u011f\u0131n\u0131 yapan U\u011furcan \u00c7ak\u0131r&#8217;\u0131n 4. haftadaki Samsunspor ma\u00e7\u0131ndan sonra Galatasaray&#8217;a transfer olmas\u0131yla tak\u0131mda kaptanl\u0131k band\u0131 s\u00fcrekli el de\u011fi\u015ftirdi.<\/p>\n<p>U\u011furcan \u00c7ak\u0131r&#8217;\u0131n ilk 4 haftadaki kaptanl\u0131\u011f\u0131n\u0131n ard\u0131ndan Savic, 7 hafta aral\u0131ks\u0131z kaptanl\u0131k band\u0131n\u0131 takt\u0131. Ligin 11. haftas\u0131ndaki Galatasaray ma\u00e7\u0131nda Savic&#8217;in sakatlanmas\u0131, 12. haftadaki Alanyaspor ma\u00e7\u0131nda kaptanlardan Visca&#8217;n\u0131n da yedek kul\u00fcbesinde yer almas\u0131yla Okay Yoku\u015flu&#8217;ya bu g\u00f6rev verildi.<\/p>\n<p>S\u00fcper Lig&#8217;in 13. haftas\u0131ndaki Ba\u015fak\u015fehir ma\u00e7\u0131na kaptan olarak \u00e7\u0131kan Visca, 8. dakika ya\u015fad\u0131\u011f\u0131 a\u011f\u0131r sakatl\u0131\u011f\u0131n ard\u0131ndan ameliyat edildi ve sezonu kapad\u0131. 14. haftada Konyaspor ma\u00e7\u0131nda Okay Yoku\u015flu yeniden kaptan olarak g\u00f6rev ald\u0131. Okay Yoku\u015flu&#8217;nun yedek kul\u00fcbesine \u00e7ekilmesiyle 15. haftadaki G\u00f6ztepe ve 16. haftadaki Be\u015fikta\u015f ma\u00e7lar\u0131nda Ozan Tufan kaptan oldu.<\/p>\n<p>Ligin 17. haftas\u0131ndaki Gen\u00e7lerbirli\u011fi ma\u00e7\u0131nda iyile\u015ferek tekrar kaptan olarak sahaya \u00e7\u0131kan Savic, 40. dakikada sakatlan\u0131nca yine kaptanl\u0131k de\u011fi\u015fti.<\/p>\n<p><img decoding=\"async\" src=\"https:\/\/bihavadis.com\/wp-content\/uploads\/2026\/02\/trabzonsporda-kaptan-belirsizligi-0-cJKyj8p9.jpg\"\/><\/p>\n<p><strong>SON 3 HAFTADA 3 FARKLI OYUNCU<\/strong><\/p>\n<p>Trabzonspor, ligdeki son 3 ma\u00e7\u0131na 3 farkl\u0131 kaptanla sahaya \u00e7\u0131kt\u0131.<\/p>\n<p>Ligin 18. haftas\u0131ndaki Kocaelispor ma\u00e7\u0131nda kaptanl\u0131k yapan Mustafa Eskihella\u00e7 cezal\u0131 durumuna d\u00fc\u015f\u00fcnce 19. haftas\u0131ndaki Kas\u0131mpa\u015fa m\u00fcsabakas\u0131nda Zubkov&#8217;a bu g\u00f6rev verildi.<\/p>\n<p>Teknik direkt\u00f6r Fatih Tekke, 20. haftadaki Antalyaspor ma\u00e7\u0131nda ise Afrika Uluslar Kupas\u0131&#8217;ndan d\u00f6nen Onuachu&#8217;yu kaptan olarak tercih etti.<\/p>\n<p><img decoding=\"async\" src=\"https:\/\/bihavadis.com\/wp-content\/uploads\/2026\/02\/trabzonsporda-kaptan-belirsizligi-1-vNxjkn1q.jpg\"\/><\/p>\n","protected":false},"excerpt":{"rendered":"<p>Trabzonspor&#8217;da Savic 8, Galatasaray&#8217;a transfer olan U\u011furcan \u00c7ak\u0131r 4, Ozan Tufan ve Okay Yoku\u015flu iki\u015fer, Visca, Mustafa Eskihella\u00e7, Zubkov ve Onuachu da birer ma\u00e7ta kaptan olarak g\u00f6rev yapt\u0131.<\/p>\n","protected":false},"author":1,"featured_media":13281,"comment_status":"open","ping_status":"open","sticky":false,"template":"","format":"standard","meta":{"footnotes":""},"categories":[14],"tags":[2769,1822],"class_list":["post-13280","post","type-post","status-publish","format-standard","has-post-thumbnail","hentry","category-spor","tag-kaptan","tag-macinda"],"_links":{"self":[{"href":"https:\/\/bihavadis.com\/index.php\/wp-json\/wp\/v2\/posts\/13280","targetHints":{"allow":["GET"]}}],"collection":[{"href":"https:\/\/bihavadis.com\/index.php\/wp-json\/wp\/v2\/posts"}],"about":[{"href":"https:\/\/bihavadis.com\/index.php\/wp-json\/wp\/v2\/types\/post"}],"author":[{"embeddable":true,"href":"https:\/\/bihavadis.com\/index.php\/wp-json\/wp\/v2\/users\/1"}],"replies":[{"embeddable":true,"href":"https:\/\/bihavadis.com\/index.php\/wp-json\/wp\/v2\/comments?post=13280"}],"version-history":[{"count":1,"href":"https:\/\/bihavadis.com\/index.php\/wp-json\/wp\/v2\/posts\/13280\/revisions"}],"predecessor-version":[{"id":13284,"href":"https:\/\/bihavadis.com\/index.php\/wp-json\/wp\/v2\/posts\/13280\/revisions\/13284"}],"wp:featuredmedia":[{"embeddable":true,"href":"https:\/\/bihavadis.com\/index.php\/wp-json\/wp\/v2\/media\/13281"}],"wp:attachment":[{"href":"https:\/\/bihavadis.com\/index.php\/wp-json\/wp\/v2\/media?parent=13280"}],"wp:term":[{"taxonomy":"category","embeddable":true,"href":"https:\/\/bihavadis.com\/index.php\/wp-json\/wp\/v2\/categories?post=13280"},{"taxonomy":"post_tag","embeddable":true,"href":"https:\/\/bihavadis.com\/index.php\/wp-json\/wp\/v2\/tags?post=13280"}],"curies":[{"name":"wp","href":"https:\/\/api.w.org\/{rel}","templated":true}]}}