{"id":13323,"date":"2026-02-03T12:00:07","date_gmt":"2026-02-03T12:00:07","guid":{"rendered":"https:\/\/bihavadis.com\/?p=13323"},"modified":"2026-02-03T12:00:07","modified_gmt":"2026-02-03T12:00:07","slug":"serdar-ortac-evlilige-kapiyi-kapatti-kadinlarda-korkuyorum","status":"publish","type":"post","link":"https:\/\/bihavadis.com\/index.php\/2026\/02\/03\/serdar-ortac-evlilige-kapiyi-kapatti-kadinlarda-korkuyorum\/","title":{"rendered":"Serdar Orta\u00e7, evlili\u011fe kap\u0131y\u0131 kapatt\u0131: Kad\u0131nlarda korkuyorum"},"content":{"rendered":"<p>T\u00fcrk Pop m\u00fczi\u011finin sevilen sesi Serdar Orta\u00e7, kat\u0131ld\u0131\u011f\u0131 bir televizyon program\u0131nda, \u00f6zel hayat\u0131na dair samimi a\u00e7\u0131klamalarda bulundu.\u00a0<\/p>\n<p>Daha \u00f6nce Chloe Loughnan ile yapt\u0131\u011f\u0131 evlilikle uzun s\u00fcre g\u00fcndemde kalan Orta\u00e7, <em><b>&#8220;Yeniden evlenmeyi d\u00fc\u015f\u00fcn\u00fcyor musunuz?&#8221;<\/b><\/em> sorusuna ise net bir yan\u0131t verdi.<\/p>\n<p><strong>EVL\u0130L\u0130\u011eE KAPIYI KAPATTI <\/strong><\/p>\n<p>Kad\u0131nlarla ileti\u015fim kurmakta zorland\u0131\u011f\u0131n\u0131 belirten sanat\u00e7\u0131, evlili\u011fe kap\u0131lar\u0131n\u0131 kapatt\u0131\u011f\u0131n\u0131 s\u00f6yledi.<\/p>\n<p><strong>&#8220;KADINLARDA KORKUYORUM&#8221;<\/strong><\/p>\n<p>Evlenmeyi d\u00fc\u015f\u00fcnmedi\u011fini s\u00f6yleyen Orta\u00e7,<em><b> &#8220;Kad\u0131nlar\u0131 anlamak ger\u00e7ekten zor. Bazen aynaya bak\u0131p &#8216;Ben bu k\u0131za ne yapm\u0131\u015f olabilirim?&#8217; diye kendimi sorguluyorum. Ne yapsak k\u00fcs\u00fcyorlar, bu y\u00fczden kad\u0131nlardan korkuyorum. Ama bir g\u00fcn belki bir uygulamadan biriyle tan\u0131\u015fabilirim&#8221; diyerek yaln\u0131zl\u0131\u011fa daha s\u0131cak bakt\u0131\u011f\u0131n\u0131n sinyallerini verdi.&#8221;<\/b><\/em> ifadelerini kulland\u0131.\u00a0<\/p>\n<p><img decoding=\"async\" src=\"https:\/\/bihavadis.com\/wp-content\/uploads\/2026\/02\/serdar-ortac-evlilige-kapiyi-kapatti-kadinlarda-korkuyorum-0-8mWVs9dS.jpg\"\/><\/p>\n","protected":false},"excerpt":{"rendered":"<p>\u015eark\u0131c\u0131 Serdar Orta\u00e7 kat\u0131ld\u0131\u011f\u0131 bir programda, evlenme fikrine s\u0131cak bakmad\u0131\u011f\u0131n\u0131 belirterek, &#8220;Ne yapsak k\u00fcs\u00fcyorlar, bu y\u00fczden kad\u0131nlardan korkuyorum.&#8221; dedi.<\/p>\n","protected":false},"author":1,"featured_media":13324,"comment_status":"open","ping_status":"open","sticky":false,"template":"","format":"standard","meta":{"footnotes":""},"categories":[1],"tags":[],"class_list":["post-13323","post","type-post","status-publish","format-standard","has-post-thumbnail","hentry","category-uncategorized"],"_links":{"self":[{"href":"https:\/\/bihavadis.com\/index.php\/wp-json\/wp\/v2\/posts\/13323","targetHints":{"allow":["GET"]}}],"collection":[{"href":"https:\/\/bihavadis.com\/index.php\/wp-json\/wp\/v2\/posts"}],"about":[{"href":"https:\/\/bihavadis.com\/index.php\/wp-json\/wp\/v2\/types\/post"}],"author":[{"embeddable":true,"href":"https:\/\/bihavadis.com\/index.php\/wp-json\/wp\/v2\/users\/1"}],"replies":[{"embeddable":true,"href":"https:\/\/bihavadis.com\/index.php\/wp-json\/wp\/v2\/comments?post=13323"}],"version-history":[{"count":1,"href":"https:\/\/bihavadis.com\/index.php\/wp-json\/wp\/v2\/posts\/13323\/revisions"}],"predecessor-version":[{"id":13326,"href":"https:\/\/bihavadis.com\/index.php\/wp-json\/wp\/v2\/posts\/13323\/revisions\/13326"}],"wp:featuredmedia":[{"embeddable":true,"href":"https:\/\/bihavadis.com\/index.php\/wp-json\/wp\/v2\/media\/13324"}],"wp:attachment":[{"href":"https:\/\/bihavadis.com\/index.php\/wp-json\/wp\/v2\/media?parent=13323"}],"wp:term":[{"taxonomy":"category","embeddable":true,"href":"https:\/\/bihavadis.com\/index.php\/wp-json\/wp\/v2\/categories?post=13323"},{"taxonomy":"post_tag","embeddable":true,"href":"https:\/\/bihavadis.com\/index.php\/wp-json\/wp\/v2\/tags?post=13323"}],"curies":[{"name":"wp","href":"https:\/\/api.w.org\/{rel}","templated":true}]}}