{"id":13333,"date":"2026-02-03T12:09:06","date_gmt":"2026-02-03T12:09:06","guid":{"rendered":"https:\/\/bihavadis.com\/?p=13333"},"modified":"2026-02-03T12:09:06","modified_gmt":"2026-02-03T12:09:06","slug":"italyadaki-tarihi-kilisede-restore-edilen-melek-figuru-meloniye-benzetildi-sorusturma-acildi","status":"publish","type":"post","link":"https:\/\/bihavadis.com\/index.php\/2026\/02\/03\/italyadaki-tarihi-kilisede-restore-edilen-melek-figuru-meloniye-benzetildi-sorusturma-acildi\/","title":{"rendered":"\u0130talya&#8217;daki tarihi kilisede restore edilen melek fig\u00fcr\u00fc Meloni&#8217;ye benzetildi: Soru\u015fturma a\u00e7\u0131ld\u0131"},"content":{"rendered":"<p>\u0130talya&#8217;n\u0131n ba\u015fkenti Roma&#8217;n\u0131n en eski kiliselerinden olan San Lorenzo in Lucina Bazilikas\u0131&#8217;ndaki restorasyon tamamland\u0131.<\/p>\n<p>Yerel bas\u0131nda\u00a0 <em><b>&#8220;San Lorenzo in Lucina&#8217;da Meloni&#8217;nin portresi belirdi&#8221; <\/b><\/em>ba\u015fl\u0131\u011f\u0131yla yay\u0131mlanan haber ise h\u0131zla \u00fclke g\u00fcndemine oturdu.<\/p>\n<p><strong>MELEK F\u0130G\u00dcR\u00dc, MELON\u0130&#8217;YE BENZET\u0130LD\u0130<\/strong><\/p>\n<p>Kilisede 2025&#8217;te yap\u0131lan restorasyon sonras\u0131, \u0130talya&#8217;n\u0131n eski kral\u0131 2. Umberto&#8217;nun b\u00fcst\u00fc \u00fczerinde duran iki melek fig\u00fcr\u00fcnden birinin y\u00fcz\u00fc net bi\u00e7imde \u0130talya Ba\u015fbakan\u0131 Giorgia Meloni&#8217;ye benzer hale geldi.<\/p>\n<p>\u0130talya haritas\u0131 \u00e7izili bir par\u015f\u00f6men tutan bu melek fig\u00fcr\u00fcyle ilgili olarak haberde, <em><b>&#8220;Kilisedeki yenileme \u00e7al\u0131\u015fmalar\u0131ndan \u00f6nce jenerik bir melek fig\u00fcr\u00fc vard\u0131. Bug\u00fcnse ba\u015fbakan\u0131n y\u00fcz\u00fc var&#8221;<\/b><\/em> denildi.<\/p>\n<p><img decoding=\"async\" src=\"https:\/\/bihavadis.com\/wp-content\/uploads\/2026\/02\/italyadaki-tarihi-kilisede-restore-edilen-melek-figuru-meloniye-benzetildi-sorusturma-acildi-0-DGGrAisw.jpg\"\/><\/p>\n<p><strong>K\u00dcLT\u00dcR BAKANLI\u011eI SORU\u015eTURMA BA\u015eLATTI<\/strong><\/p>\n<p>Sosyal medyada en \u00e7ok konu\u015fulan ba\u015fl\u0131klardan biri olan bu vaka muhalefetin tepkisini \u00e7ekti.<\/p>\n<p>\u00dclkede solcu Demokratik Parti, K\u00fclt\u00fcr Bakan\u0131 Alessandro Giuli&#8217;den denetleme ba\u015flatmas\u0131n\u0131 talep etti.<\/p>\n<p>Roma piskoposlu\u011fu ve K\u00fclt\u00fcr Bakanl\u0131\u011f\u0131 olayla ilgili soru\u015fturma ba\u015flat\u0131ld\u0131\u011f\u0131n\u0131 a\u00e7\u0131klad\u0131.<\/p>\n<p><img decoding=\"async\" src=\"https:\/\/bihavadis.com\/wp-content\/uploads\/2026\/02\/italyadaki-tarihi-kilisede-restore-edilen-melek-figuru-meloniye-benzetildi-sorusturma-acildi-1-SaHXZFus.jpg\"\/><\/p>\n<p><strong>FRESKLER\u0130N 1985&#8217;TEN KALMA OLDU\u011eU \u00d6\u011eREN\u0130LD\u0130<\/strong><\/p>\n<p>\u00d6te yandan bas\u0131ndaki haberlerde, kilise \u00e7ok eski ve ba\u015fyap\u0131tlarla dolu bir an\u0131t olsa da s\u00f6z konusu melek fresklerinin 1985 y\u0131l\u0131ndan kalma oldu\u011fu bilgisi de yer ald\u0131.<\/p>\n<p>Bu durumda vakan\u0131n k\u00fclt\u00fcrel miras yasalar\u0131n\u0131n uygulama alan\u0131na girmeyece\u011fi ancak yine de restorasyon bi\u00e7imiyle ilgili yasalara ayk\u0131r\u0131 unsurlar olabilece\u011fi belirtiliyor.<\/p>\n<p><img decoding=\"async\" src=\"https:\/\/bihavadis.com\/wp-content\/uploads\/2026\/02\/italyadaki-tarihi-kilisede-restore-edilen-melek-figuru-meloniye-benzetildi-sorusturma-acildi-2-q2aR7JW4.jpg\"\/><\/p>\n<p><strong>&#8220;KES\u0130NL\u0130KLE MELE\u011eE BENZEM\u0130YORUM&#8221;<\/strong><\/p>\n<p><em><b>&#8220;Melek Meloni&#8221; <\/b><\/em>tart\u0131\u015fmas\u0131 s\u00fcrerken Meloni&#8217;nin kendisi de mevzuya dahil oldu ve sosyal medyada bir mesaj payla\u015ft\u0131.<\/p>\n<p>Tart\u0131\u015fmalara yol a\u00e7an melek g\u00f6r\u00fcnt\u00fcs\u00fcn\u00fc Instagram&#8217;da payla\u015fan Meloni, <em><b>&#8220;Hay\u0131r, kesinlikle mele\u011fe benzemiyorum&#8221;<\/b><\/em> diye yazd\u0131.<\/p>\n<p><img decoding=\"async\" src=\"https:\/\/bihavadis.com\/wp-content\/uploads\/2026\/02\/italyadaki-tarihi-kilisede-restore-edilen-melek-figuru-meloniye-benzetildi-sorusturma-acildi-3-SdQgxZ5H.jpg\"\/><\/p>\n","protected":false},"excerpt":{"rendered":"<p>Ba\u015fkent Roma&#8217;da bulunan tarihi San Lorenzo in Lucina Bazilikas\u0131&#8217;nda k\u0131sa s\u00fcre \u00f6nce tamamlanan restorasyon \u00e7al\u0131\u015fmalar\u0131n\u0131n ard\u0131ndan melek fig\u00fcrlerinden birinin, \u0130talya Ba\u015fbakan\u0131 Giorgia Meloni&#8217;ye benzemesi \u00fczerine K\u00fclt\u00fcr Bakanl\u0131\u011f\u0131 inceleme ba\u015flatt\u0131.<\/p>\n","protected":false},"author":1,"featured_media":13334,"comment_status":"open","ping_status":"open","sticky":false,"template":"","format":"standard","meta":{"footnotes":""},"categories":[6],"tags":[2549],"class_list":["post-13333","post","type-post","status-publish","format-standard","has-post-thumbnail","hentry","category-dunya","tag-melek"],"_links":{"self":[{"href":"https:\/\/bihavadis.com\/index.php\/wp-json\/wp\/v2\/posts\/13333","targetHints":{"allow":["GET"]}}],"collection":[{"href":"https:\/\/bihavadis.com\/index.php\/wp-json\/wp\/v2\/posts"}],"about":[{"href":"https:\/\/bihavadis.com\/index.php\/wp-json\/wp\/v2\/types\/post"}],"author":[{"embeddable":true,"href":"https:\/\/bihavadis.com\/index.php\/wp-json\/wp\/v2\/users\/1"}],"replies":[{"embeddable":true,"href":"https:\/\/bihavadis.com\/index.php\/wp-json\/wp\/v2\/comments?post=13333"}],"version-history":[{"count":1,"href":"https:\/\/bihavadis.com\/index.php\/wp-json\/wp\/v2\/posts\/13333\/revisions"}],"predecessor-version":[{"id":13339,"href":"https:\/\/bihavadis.com\/index.php\/wp-json\/wp\/v2\/posts\/13333\/revisions\/13339"}],"wp:featuredmedia":[{"embeddable":true,"href":"https:\/\/bihavadis.com\/index.php\/wp-json\/wp\/v2\/media\/13334"}],"wp:attachment":[{"href":"https:\/\/bihavadis.com\/index.php\/wp-json\/wp\/v2\/media?parent=13333"}],"wp:term":[{"taxonomy":"category","embeddable":true,"href":"https:\/\/bihavadis.com\/index.php\/wp-json\/wp\/v2\/categories?post=13333"},{"taxonomy":"post_tag","embeddable":true,"href":"https:\/\/bihavadis.com\/index.php\/wp-json\/wp\/v2\/tags?post=13333"}],"curies":[{"name":"wp","href":"https:\/\/api.w.org\/{rel}","templated":true}]}}