{"id":13427,"date":"2026-02-03T13:33:06","date_gmt":"2026-02-03T13:33:06","guid":{"rendered":"https:\/\/bihavadis.com\/?p=13427"},"modified":"2026-02-03T13:33:06","modified_gmt":"2026-02-03T13:33:06","slug":"trumptan-irana-sert-uyari","status":"publish","type":"post","link":"https:\/\/bihavadis.com\/index.php\/2026\/02\/03\/trumptan-irana-sert-uyari\/","title":{"rendered":"Trump&#8217;tan \u0130ran&#8217;a Sert Uyar\u0131"},"content":{"rendered":"<p>\n<p>ABD Ba\u015fkan\u0131 Donald Trump, \u0130ran&#8217;a uyar\u0131da bulunarak, &#8220;\u015eu anda \u0130ran&#8217;a giden \u00e7ok b\u00fcy\u00fck ve \u00e7ok g\u00fc\u00e7l\u00fc gemilerimiz var, umar\u0131m kullanmak zorunda kalmay\u0131z&#8221; dedi.<\/p>\n<p>ABD Ba\u015fkan\u0131 Trump, e\u015fi Melania Trump&#8217;\u0131n &#8216;Melania&#8217; isimli belgesel filminin Trump-Kennedy Center&#8217;daki galas\u0131 \u00f6ncesinde gazetecilerin sorular\u0131n\u0131 cevaplad\u0131. \u0130ran ile yak\u0131n zamanda bir temas kurup kurmad\u0131\u011f\u0131na ili\u015fkin soruya yan\u0131t veren Trump, Tahran y\u00f6netimiyle hem g\u00f6r\u00fc\u015ft\u00fc\u011f\u00fcn\u00fc hem de yeni g\u00f6r\u00fc\u015fmeler planlad\u0131\u011f\u0131n\u0131 teyit etti.<\/p>\n<p>B\u00f6lgeye sevk edilen donanma g\u00fcc\u00fcne dikkat \u00e7ekerek Tahran&#8217;a g\u00f6zda\u011f\u0131 veren Trump, &#8220;\u015eu anda \u0130ran&#8217;a giden \u00e7ok b\u00fcy\u00fck ve \u00e7ok g\u00fc\u00e7l\u00fc gemilerimiz var, umar\u0131m kullanmak zorunda kalmay\u0131z&#8221; ifadelerini kulland\u0131.<\/p>\n<p>\u0130ran y\u00f6netimine iki temel \u015fart ko\u015ftu\u011funu belirten Trump, &#8220;Onlara iki \u015fey s\u00f6yledim: Birincisi asla n\u00fckleer silah olmayacak, ikincisi ise protestocular\u0131 \u00f6ld\u00fcrmeyi b\u0131rak\u0131n. Binlerce insan\u0131 \u00f6ld\u00fcr\u00fcyorlar. \u0130ki hafta \u00f6nce 837 idam\u0131n ger\u00e7ekle\u015fmesini engelledim ancak art\u0131k onlar\u0131n da somut ad\u0131mlar atmas\u0131 gerekiyor&#8221; de\u011ferlendirmesinde bulundu.<\/p>\n","protected":false},"excerpt":{"rendered":"<p>Trump, \u0130ran&#8217;a g\u00fc\u00e7l\u00fc gemiler g\u00f6nderdiklerini belirterek n\u00fckleer silah ve protestocular\u0131n \u00f6ld\u00fcr\u00fclmemesi \u015fart\u0131n\u0131 iletti.<\/p>\n","protected":false},"author":1,"featured_media":13428,"comment_status":"open","ping_status":"open","sticky":false,"template":"","format":"standard","meta":{"footnotes":""},"categories":[6],"tags":[271,1369],"class_list":["post-13427","post","type-post","status-publish","format-standard","has-post-thumbnail","hentry","category-dunya","tag-iran","tag-trump"],"_links":{"self":[{"href":"https:\/\/bihavadis.com\/index.php\/wp-json\/wp\/v2\/posts\/13427","targetHints":{"allow":["GET"]}}],"collection":[{"href":"https:\/\/bihavadis.com\/index.php\/wp-json\/wp\/v2\/posts"}],"about":[{"href":"https:\/\/bihavadis.com\/index.php\/wp-json\/wp\/v2\/types\/post"}],"author":[{"embeddable":true,"href":"https:\/\/bihavadis.com\/index.php\/wp-json\/wp\/v2\/users\/1"}],"replies":[{"embeddable":true,"href":"https:\/\/bihavadis.com\/index.php\/wp-json\/wp\/v2\/comments?post=13427"}],"version-history":[{"count":1,"href":"https:\/\/bihavadis.com\/index.php\/wp-json\/wp\/v2\/posts\/13427\/revisions"}],"predecessor-version":[{"id":13429,"href":"https:\/\/bihavadis.com\/index.php\/wp-json\/wp\/v2\/posts\/13427\/revisions\/13429"}],"wp:featuredmedia":[{"embeddable":true,"href":"https:\/\/bihavadis.com\/index.php\/wp-json\/wp\/v2\/media\/13428"}],"wp:attachment":[{"href":"https:\/\/bihavadis.com\/index.php\/wp-json\/wp\/v2\/media?parent=13427"}],"wp:term":[{"taxonomy":"category","embeddable":true,"href":"https:\/\/bihavadis.com\/index.php\/wp-json\/wp\/v2\/categories?post=13427"},{"taxonomy":"post_tag","embeddable":true,"href":"https:\/\/bihavadis.com\/index.php\/wp-json\/wp\/v2\/tags?post=13427"}],"curies":[{"name":"wp","href":"https:\/\/api.w.org\/{rel}","templated":true}]}}