{"id":13507,"date":"2026-02-03T14:39:07","date_gmt":"2026-02-03T14:39:07","guid":{"rendered":"https:\/\/bihavadis.com\/?p=13507"},"modified":"2026-02-03T14:39:07","modified_gmt":"2026-02-03T14:39:07","slug":"zelensky-uclu-muzakereler-abu-dabide-surecek","status":"publish","type":"post","link":"https:\/\/bihavadis.com\/index.php\/2026\/02\/03\/zelensky-uclu-muzakereler-abu-dabide-surecek\/","title":{"rendered":"Zelensky: \u00dc\u00e7l\u00fc m\u00fczakereler Abu Dabi\u2019de s\u00fcrecek"},"content":{"rendered":"<p>Ukrayna Devlet Ba\u015fkan\u0131 Volodimir Zelensky, sosyal medya hesab\u0131ndan yapt\u0131\u011f\u0131 a\u00e7\u0131klamada, sava\u015f\u0131n sona erdirilmesine y\u00f6nelik y\u00fcr\u00fct\u00fclen diplomatik temaslar hakk\u0131nda Ukrayna Ulusal G\u00fcvenlik ve Savunma Konseyi Sekreteri R\u00fcstem Umerov\u2019dan bilgi ald\u0131\u011f\u0131n\u0131 belirtti.<\/p>\n<p><strong>&#8220;ESASLI VE SONU\u00c7 ODAKLI G\u00d6R\u00dc\u015eMEYE HAZIRIZ&#8221;<\/strong><\/p>\n<p>Ukrayna lideri, Abu Dabi\u2019de yap\u0131lacak g\u00f6r\u00fc\u015fmelere ili\u015fkin de\u011ferlendirmesinde, Kiev y\u00f6netiminin somut ve yap\u0131c\u0131 bir m\u00fczakere s\u00fcrecine a\u00e7\u0131k oldu\u011funu vurgulayarak, hedeflerinin sava\u015f\u0131 ger\u00e7ek\u00e7i ve onurlu bir \u015fekilde sona erdirecek sonu\u00e7lara ula\u015fmak oldu\u011funu ifade etti.<\/p>\n<p><strong>TAKV\u0130M VE YER DE\u011e\u0130\u015e\u0130KL\u0130\u011e\u0130 G\u00dcNDEME GELM\u0130\u015eT\u0130<\/strong><\/p>\n<p>Zelensky, 26 Ocak\u2019ta yapt\u0131\u011f\u0131 a\u00e7\u0131klamada \u00fc\u00e7l\u00fc m\u00fczakerelerin 1 \u015eubat\u2019ta devam edece\u011fini duyurmu\u015ftu. Ancak 30 Ocak\u2019ta d\u00fczenledi\u011fi bas\u0131n toplant\u0131s\u0131nda, toplant\u0131 tarihinin ve yerinin de\u011fi\u015febilece\u011fini belirterek, ABD ile \u0130ran aras\u0131ndaki geli\u015fmelerin s\u00fcreci etkileyebilece\u011fine dikkat \u00e7ekmi\u015fti.<\/p>\n<p>Rusya, Ukrayna ve ABD temsilcileri aras\u0131ndaki \u00fc\u00e7l\u00fc m\u00fczakerelerin ilk turu, 23\u201324 Ocak tarihlerinde yine Abu Dabi\u2019de ger\u00e7ekle\u015ftirilmi\u015fti.<\/p>\n<p><img decoding=\"async\" src=\"https:\/\/bihavadis.com\/wp-content\/uploads\/2026\/02\/zelensky-uclu-muzakereler-abu-dabide-surecek-0-3yCEXpmC.jpg\"\/><\/p>\n","protected":false},"excerpt":{"rendered":"<p>Ukrayna lideri Zelensky, Rusya ve ABD ile y\u00fcr\u00fct\u00fclen g\u00f6r\u00fc\u015fmelerin Birle\u015fik Arap Emirlikleri\u2019nde devam edece\u011fini a\u00e7\u0131klad\u0131.<\/p>\n","protected":false},"author":1,"featured_media":13508,"comment_status":"open","ping_status":"open","sticky":false,"template":"","format":"standard","meta":{"footnotes":""},"categories":[6],"tags":[],"class_list":["post-13507","post","type-post","status-publish","format-standard","has-post-thumbnail","hentry","category-dunya"],"_links":{"self":[{"href":"https:\/\/bihavadis.com\/index.php\/wp-json\/wp\/v2\/posts\/13507","targetHints":{"allow":["GET"]}}],"collection":[{"href":"https:\/\/bihavadis.com\/index.php\/wp-json\/wp\/v2\/posts"}],"about":[{"href":"https:\/\/bihavadis.com\/index.php\/wp-json\/wp\/v2\/types\/post"}],"author":[{"embeddable":true,"href":"https:\/\/bihavadis.com\/index.php\/wp-json\/wp\/v2\/users\/1"}],"replies":[{"embeddable":true,"href":"https:\/\/bihavadis.com\/index.php\/wp-json\/wp\/v2\/comments?post=13507"}],"version-history":[{"count":1,"href":"https:\/\/bihavadis.com\/index.php\/wp-json\/wp\/v2\/posts\/13507\/revisions"}],"predecessor-version":[{"id":13510,"href":"https:\/\/bihavadis.com\/index.php\/wp-json\/wp\/v2\/posts\/13507\/revisions\/13510"}],"wp:featuredmedia":[{"embeddable":true,"href":"https:\/\/bihavadis.com\/index.php\/wp-json\/wp\/v2\/media\/13508"}],"wp:attachment":[{"href":"https:\/\/bihavadis.com\/index.php\/wp-json\/wp\/v2\/media?parent=13507"}],"wp:term":[{"taxonomy":"category","embeddable":true,"href":"https:\/\/bihavadis.com\/index.php\/wp-json\/wp\/v2\/categories?post=13507"},{"taxonomy":"post_tag","embeddable":true,"href":"https:\/\/bihavadis.com\/index.php\/wp-json\/wp\/v2\/tags?post=13507"}],"curies":[{"name":"wp","href":"https:\/\/api.w.org\/{rel}","templated":true}]}}