{"id":13567,"date":"2026-02-03T15:54:07","date_gmt":"2026-02-03T15:54:07","guid":{"rendered":"https:\/\/bihavadis.com\/?p=13567"},"modified":"2026-02-03T15:54:07","modified_gmt":"2026-02-03T15:54:07","slug":"suriye-sinirinda-alcak-saldiri-turk-bayragina-saldirilan-alan-sinirlar-icerisine-alindi","status":"publish","type":"post","link":"https:\/\/bihavadis.com\/index.php\/2026\/02\/03\/suriye-sinirinda-alcak-saldiri-turk-bayragina-saldirilan-alan-sinirlar-icerisine-alindi\/","title":{"rendered":"Suriye s\u0131n\u0131r\u0131nda al\u00e7ak sald\u0131r\u0131: T\u00fcrk bayra\u011f\u0131na sald\u0131r\u0131lan alan s\u0131n\u0131rlar i\u00e7erisine al\u0131nd\u0131"},"content":{"rendered":"<p>Suriye&#8217;de \u015eam h\u00fck\u00fcmetinin, ter\u00f6r \u00f6rg\u00fct\u00fc SDG&#8217;nin i\u015fgalinde olan b\u00f6lgelere operasyon ba\u015flatmas\u0131, T\u00fcrkiye&#8217;de baz\u0131 kesimlerde rahats\u0131zl\u0131k yaratm\u0131\u015ft\u0131.\u00a0<\/p>\n<p>Bu operasyonu protesto eden baz\u0131 ki\u015filer, 20 Ocak&#8217;ta Nusaybin-Kam\u0131\u015fl\u0131 s\u0131n\u0131r hatt\u0131na y\u00fcr\u00fcm\u00fc\u015ft\u00fc.\u00a0<\/p>\n<p><strong>T\u00dcRK BAYRA\u011eINA HA\u0130N SALDIRI <\/strong><\/p>\n<p>Ter\u00f6r \u00f6rg\u00fct\u00fc YPG yanda\u015flar\u0131, kullan\u0131mda olmayan eski g\u00fcmr\u00fck sahas\u0131ndaki T\u00fcrk bayra\u011f\u0131na burada sald\u0131r\u0131 ger\u00e7ekle\u015ftirmi\u015fti.\u00a0<\/p>\n<p><img decoding=\"async\" src=\"https:\/\/bihavadis.com\/wp-content\/uploads\/2026\/02\/suriye-sinirinda-alcak-saldiri-turk-bayragina-saldirilan-alan-sinirlar-icerisine-alindi-0-7SaAJNby.jpg\"\/><\/p>\n<p><strong>SINIRLAR \u0130\u00c7ER\u0130S\u0130NE ALINDI <\/strong><\/p>\n<p>Sald\u0131r\u0131n\u0131n ya\u015fand\u0131\u011f\u0131 g\u00fcmr\u00fck sahas\u0131, T\u00fcrk Silahl\u0131 Kuvvetlerinin b\u00f6lgeye en yak\u0131n hudut birli\u011fi olan, Mardin&#8217;in Nusaybin il\u00e7esinde konu\u015flu \u015eehit Piyade S\u00f6zle\u015fmeli Onba\u015f\u0131 Faruk Gezen Hudut Karakol Komutanl\u0131\u011f\u0131 s\u0131n\u0131rlar\u0131 i\u00e7erisine al\u0131nd\u0131.<\/p>\n<p><strong>KAMI\u015eLI SINIRINDA DEV T\u00dcRK BAYRA\u011eI <\/strong><\/p>\n<p>Suriye&#8217;nin Kam\u0131\u015fl\u0131 kentinin T\u00fcrkiye&#8217;ye en yak\u0131n noktas\u0131 olan alana, gerekli \u00f6nlemlerin al\u0131nmas\u0131n\u0131n ard\u0131ndan, 30 metre uzunlu\u011funda bir bayrak dire\u011fi yerle\u015ftirildi ve dev T\u00fcrk bayra\u011f\u0131 g\u00f6ndere \u00e7ekildi.<\/p>\n<p><img decoding=\"async\" src=\"https:\/\/bihavadis.com\/wp-content\/uploads\/2026\/02\/suriye-sinirinda-alcak-saldiri-turk-bayragina-saldirilan-alan-sinirlar-icerisine-alindi-1-emYZLwpy.jpg\"\/><\/p>\n<p><img decoding=\"async\" src=\"https:\/\/bihavadis.com\/wp-content\/uploads\/2026\/02\/suriye-sinirinda-alcak-saldiri-turk-bayragina-saldirilan-alan-sinirlar-icerisine-alindi-2-hwiZhDEF.jpg\"\/><\/p>\n","protected":false},"excerpt":{"rendered":"<p>Ter\u00f6r \u00f6rg\u00fct\u00fc YPG yanda\u015flar\u0131n\u0131n, Suriye&#8217;deki operasyonu protesto etmek amac\u0131yla Nusaybin-Kam\u0131\u015fl\u0131 s\u0131n\u0131r hat\u0131nda T\u00fcrk bayra\u011f\u0131na sald\u0131rd\u0131\u011f\u0131 alan, hudut karakolu s\u0131n\u0131rlar\u0131 i\u00e7erisine al\u0131nd\u0131.<\/p>\n","protected":false},"author":1,"featured_media":13568,"comment_status":"open","ping_status":"open","sticky":false,"template":"","format":"standard","meta":{"footnotes":""},"categories":[6],"tags":[517],"class_list":["post-13567","post","type-post","status-publish","format-standard","has-post-thumbnail","hentry","category-dunya","tag-turk"],"_links":{"self":[{"href":"https:\/\/bihavadis.com\/index.php\/wp-json\/wp\/v2\/posts\/13567","targetHints":{"allow":["GET"]}}],"collection":[{"href":"https:\/\/bihavadis.com\/index.php\/wp-json\/wp\/v2\/posts"}],"about":[{"href":"https:\/\/bihavadis.com\/index.php\/wp-json\/wp\/v2\/types\/post"}],"author":[{"embeddable":true,"href":"https:\/\/bihavadis.com\/index.php\/wp-json\/wp\/v2\/users\/1"}],"replies":[{"embeddable":true,"href":"https:\/\/bihavadis.com\/index.php\/wp-json\/wp\/v2\/comments?post=13567"}],"version-history":[{"count":1,"href":"https:\/\/bihavadis.com\/index.php\/wp-json\/wp\/v2\/posts\/13567\/revisions"}],"predecessor-version":[{"id":13572,"href":"https:\/\/bihavadis.com\/index.php\/wp-json\/wp\/v2\/posts\/13567\/revisions\/13572"}],"wp:featuredmedia":[{"embeddable":true,"href":"https:\/\/bihavadis.com\/index.php\/wp-json\/wp\/v2\/media\/13568"}],"wp:attachment":[{"href":"https:\/\/bihavadis.com\/index.php\/wp-json\/wp\/v2\/media?parent=13567"}],"wp:term":[{"taxonomy":"category","embeddable":true,"href":"https:\/\/bihavadis.com\/index.php\/wp-json\/wp\/v2\/categories?post=13567"},{"taxonomy":"post_tag","embeddable":true,"href":"https:\/\/bihavadis.com\/index.php\/wp-json\/wp\/v2\/tags?post=13567"}],"curies":[{"name":"wp","href":"https:\/\/api.w.org\/{rel}","templated":true}]}}