{"id":13642,"date":"2026-02-03T16:33:08","date_gmt":"2026-02-03T16:33:08","guid":{"rendered":"https:\/\/bihavadis.com\/?p=13642"},"modified":"2026-02-03T16:33:08","modified_gmt":"2026-02-03T16:33:08","slug":"galatasaray-juventus-karsisinda-daha-mi-avantajli-spor-spikeri-alp-ozgen-anlatti","status":"publish","type":"post","link":"https:\/\/bihavadis.com\/index.php\/2026\/02\/03\/galatasaray-juventus-karsisinda-daha-mi-avantajli-spor-spikeri-alp-ozgen-anlatti\/","title":{"rendered":"Galatasaray, Juventus kar\u015f\u0131s\u0131nda daha m\u0131 avantajl\u0131? Spor Spikeri Alp \u00d6zgen anlatt\u0131"},"content":{"rendered":"<p> Spor spikeri Alp \u00d6zgen, Haberler.com ekranlar\u0131nda Manchester City\u2013Galatasaray kar\u015f\u0131la\u015fmas\u0131na dair de\u011ferlendirmelerde bulundu. Galatasaray&#8217;\u0131n Avrupa arenas\u0131ndaki konumunu ve \u015eampiyonlar Ligi ger\u00e7eklerini anlatan \u00d6zgen, sar\u0131-k\u0131rm\u0131z\u0131l\u0131lar\u0131n mevcut kadro yap\u0131s\u0131yla belli bir seviyenin \u00fczerine \u00e7\u0131kmakta zorland\u0131\u011f\u0131n\u0131 ifade etti.<\/p>\n<p><b>&#8220;\u015eAMP\u0130YONLAR L\u0130G\u0130&#8217;NDE KUL\u00dcBEDEN HAMLE \u015eANSINIZ YOK&#8221;<\/b><\/p>\n<p>Galatasaray&#8217;\u0131n iyi bir ilk 11&#8217;e sahip oldu\u011funu s\u00f6yleyen Alp \u00d6zgen, &#8220;Galatasaray&#8217;\u0131n \u00e7ok iyi bir 11&#8217;i var ama bizim b\u00fct\u00e7emiz bunun \u00f6tesine ge\u00e7emiyor. \u015eampiyonlar Ligi&#8217;nde kul\u00fcbeden hamle yapabilece\u011fin oyuncu say\u0131s\u0131 s\u0131f\u0131r&#8221; ifadelerini kulland\u0131. \u00d6zgen, kadro derinli\u011finin Avrupa&#8217;da belirleyici oldu\u011funun alt\u0131n\u0131 \u00e7izdi.<\/p>\n<div>\n<figure><img decoding=\"async\" src=\"https:\/\/bihavadis.com\/wp-content\/uploads\/2026\/02\/galatasaray-juventus-karsisinda-daha-mi-avantajli-spor-spikeri-alp-ozgen-anlatti-0-axFMihr7.jpg\"\/><\/figure>\n<\/div>\n<p><b>&#8220;AVRUPA&#8217;DA EN BA\u015eARILI TAKIM GALATASARAY&#8221;<\/b><\/p>\n<p>Galatasaray&#8217;\u0131n Avrupa&#8217;daki ge\u00e7mi\u015fine dikkat \u00e7eken \u00d6zgen, &#8220;\u00dclkemizde Galatasaray Avrupa arenas\u0131nda en ba\u015far\u0131l\u0131 tak\u0131m ve bu konuda da her zaman \u00f6nc\u00fc oldu&#8221; dedi. Sar\u0131-k\u0131rm\u0131z\u0131l\u0131lar\u0131n grup a\u015famas\u0131nda en az gol yiyen tak\u0131mlar aras\u0131nda yer almas\u0131n\u0131 da \u00f6nemli bir ba\u015far\u0131 olarak de\u011ferlendirdi.<\/p>\n<p><b>&#8220;SADECE \u0130LK 11 \u0130LE B\u0130R YERE KADAR G\u0130DERS\u0130N\u0130Z&#8221;<\/b><\/p>\n<p>\u015eampiyonlar Ligi seviyesinde yaln\u0131zca g\u00fc\u00e7l\u00fc bir ilk 11&#8217;in yeterli olmad\u0131\u011f\u0131n\u0131 vurgulayan \u00d6zgen, &#8220;Galatasaray \u015funu \u00f6\u011frendi: Sadece \u00e7ok \u00fcst d\u00fczey bir ilk 11 kadrosu yapmakla \u015eampiyonlar Ligi&#8217;nde belli bir seviyeye gelirsiniz ama onun \u00fcst\u00fcne \u00e7\u0131kamazs\u0131n\u0131z&#8221; dedi. \u00d6zgen, ma\u00e7\u0131n adam\u0131n\u0131n ise kesinlikle Leroy Sane oldu\u011funu s\u00f6yledi.<\/p>\n","protected":false},"excerpt":{"rendered":"<p>Spor spikeri Alp \u00d6zgen, Haberler.com&#8217;da sunucu Dil\u015fad \u00d6zcan&#8217;a Manchester City\u2013Galatasaray kar\u015f\u0131la\u015fmas\u0131n\u0131 de\u011ferlendirdi. Galatasaray&#8217;\u0131n Avrupa&#8217;daki ba\u015far\u0131s\u0131na dikkat \u00e7eken \u00d6zgen, \u015eampiyonlar Ligi&#8217;nde as\u0131l sorunun ilk 11 de\u011fil kadro derinli\u011fi oldu\u011funu vurgulad\u0131. \u00d6zgen, ma\u00e7\u0131n y\u0131ld\u0131z\u0131n\u0131 da a\u00e7\u0131klad\u0131.<\/p>\n","protected":false},"author":1,"featured_media":13643,"comment_status":"open","ping_status":"open","sticky":false,"template":"","format":"standard","meta":{"footnotes":""},"categories":[14],"tags":[1090,496,2818,1277],"class_list":["post-13642","post","type-post","status-publish","format-standard","has-post-thumbnail","hentry","category-spor","tag-avrupa","tag-galatasaray","tag-ozgen","tag-sampiyonlar-ligi"],"_links":{"self":[{"href":"https:\/\/bihavadis.com\/index.php\/wp-json\/wp\/v2\/posts\/13642","targetHints":{"allow":["GET"]}}],"collection":[{"href":"https:\/\/bihavadis.com\/index.php\/wp-json\/wp\/v2\/posts"}],"about":[{"href":"https:\/\/bihavadis.com\/index.php\/wp-json\/wp\/v2\/types\/post"}],"author":[{"embeddable":true,"href":"https:\/\/bihavadis.com\/index.php\/wp-json\/wp\/v2\/users\/1"}],"replies":[{"embeddable":true,"href":"https:\/\/bihavadis.com\/index.php\/wp-json\/wp\/v2\/comments?post=13642"}],"version-history":[{"count":1,"href":"https:\/\/bihavadis.com\/index.php\/wp-json\/wp\/v2\/posts\/13642\/revisions"}],"predecessor-version":[{"id":13645,"href":"https:\/\/bihavadis.com\/index.php\/wp-json\/wp\/v2\/posts\/13642\/revisions\/13645"}],"wp:featuredmedia":[{"embeddable":true,"href":"https:\/\/bihavadis.com\/index.php\/wp-json\/wp\/v2\/media\/13643"}],"wp:attachment":[{"href":"https:\/\/bihavadis.com\/index.php\/wp-json\/wp\/v2\/media?parent=13642"}],"wp:term":[{"taxonomy":"category","embeddable":true,"href":"https:\/\/bihavadis.com\/index.php\/wp-json\/wp\/v2\/categories?post=13642"},{"taxonomy":"post_tag","embeddable":true,"href":"https:\/\/bihavadis.com\/index.php\/wp-json\/wp\/v2\/tags?post=13642"}],"curies":[{"name":"wp","href":"https:\/\/api.w.org\/{rel}","templated":true}]}}