{"id":13718,"date":"2026-02-03T17:30:08","date_gmt":"2026-02-03T17:30:08","guid":{"rendered":"https:\/\/bihavadis.com\/?p=13718"},"modified":"2026-02-03T17:30:08","modified_gmt":"2026-02-03T17:30:08","slug":"diyarbakirda-donerci-dukkanina-silahli-saldiri","status":"publish","type":"post","link":"https:\/\/bihavadis.com\/index.php\/2026\/02\/03\/diyarbakirda-donerci-dukkanina-silahli-saldiri\/","title":{"rendered":"Diyarbak\u0131r\u2019da d\u00f6nerci d\u00fckkan\u0131na silahl\u0131 sald\u0131r\u0131"},"content":{"rendered":"<p>D\u00fcn gece saatlerinde Diyarbak\u0131r&#8217;\u0131n Ba\u011flar il\u00e7esi 5 Nisan Mahallesi N\u00fckhet Co\u015fkun Caddesi \u00fczerinde meydana geldi. Edinilen bilgilere g\u00f6re, gece saatlerinde i\u015f yerinin \u00f6n\u00fcne gelen \u015f\u00fcpheliler, kapal\u0131 durumdaki d\u00f6nerci d\u00fckkan\u0131na tabancayla ate\u015f a\u00e7t\u0131. A\u00e7\u0131lan ate\u015f sonucu i\u015f yerine 2 mermi isabet etti.<\/p>\n<p>Silah seslerini duyan \u00e7evre sakinlerinin ihbar\u0131 \u00fczerine b\u00f6lgeye polis ekipleri sevk edildi. Olay yerinde detayl\u0131 inceleme yapan ekipler, sald\u0131r\u0131n\u0131n ard\u0131ndan ka\u00e7an \u015f\u00fcphelilerin yakalanmas\u0131 i\u00e7in \u00e7al\u0131\u015fma ba\u015flatt\u0131.<\/p>\n<p><img decoding=\"async\" src=\"https:\/\/bihavadis.com\/wp-content\/uploads\/2026\/02\/diyarbakirda-donerci-dukkanina-silahli-saldiri-0-OexAavdf.jpg\"\/><\/p>\n<p><strong>\u0130\u015eLET SAH\u0130B\u0130NDEN TEHD\u0130T \u0130DD\u0130ASI<\/strong><\/p>\n<p>Olayla ilgili \u0130hlas Haber Ajans\u0131\u2019na konu\u015fan i\u015fletme sahibi Remzi Kara, sald\u0131r\u0131dan k\u0131sa s\u00fcre \u00f6nce iki ki\u015finin i\u015f yerine gelerek kendisini tehdit etti\u011fini ileri s\u00fcrd\u00fc. Kara, <b><em>\u201cD\u00fcn ak\u015fam iki ki\u015fi d\u00fckk\u00e2na geldi. \u2018Biz sana racon kesece\u011fiz\u2019 dediler. Alkoll\u00fc olduklar\u0131n\u0131 d\u00fc\u015f\u00fcnd\u00fcm ve ay\u0131k kafayla gelmelerini s\u00f6yledim. D\u0131\u015far\u0131 \u00e7\u0131kt\u0131ktan hemen sonra silahl\u0131 sald\u0131r\u0131 oldu. Kimin ate\u015f etti\u011fini net olarak g\u00f6remedim\u201d<\/em><\/b> dedi.<\/p>\n<p><img decoding=\"async\" src=\"https:\/\/bihavadis.com\/wp-content\/uploads\/2026\/02\/diyarbakirda-donerci-dukkanina-silahli-saldiri-1-kbu25Qrg.jpg\"\/><\/p>\n<p><strong>&#8220;BO\u015e KOBANLARI ARAYAN B\u0130R\u0130 VARDI&#8221;<\/strong><\/p>\n<p>Sald\u0131r\u0131 sonras\u0131 dikkat \u00e7eken bir ayr\u0131nt\u0131y\u0131 da payla\u015fan Kara,<b><em> \u201cOlaydan sonra bir ki\u015finin gelip bo\u015f kovanlar\u0131 arad\u0131\u011f\u0131n\u0131 g\u00f6rd\u00fcm. Muhtemelen onlarla ba\u011flant\u0131l\u0131yd\u0131. Bu olay\u0131n titizlikle ara\u015ft\u0131r\u0131lmas\u0131n\u0131 istiyorum\u201d<\/em><\/b> ifadelerini kulland\u0131.<\/p>\n<p>Polis ekiplerinin olayla ilgili ba\u015flatt\u0131\u011f\u0131 soru\u015fturma devam ederken, sald\u0131r\u0131n\u0131n nedeni ve faillerinin tespiti i\u00e7in \u00e7al\u0131\u015fmalar s\u00fcrd\u00fcr\u00fcl\u00fcyor.<\/p>\n<p><img decoding=\"async\" src=\"https:\/\/bihavadis.com\/wp-content\/uploads\/2026\/02\/diyarbakirda-donerci-dukkanina-silahli-saldiri-2-rZ9ELy43.jpg\"\/><\/p>\n<p><img decoding=\"async\" src=\"https:\/\/bihavadis.com\/wp-content\/uploads\/2026\/02\/diyarbakirda-donerci-dukkanina-silahli-saldiri-3-lJdyQz2H.jpg\"\/><\/p>\n","protected":false},"excerpt":{"rendered":"<p>merkez Ba\u011flar il\u00e7esinde bir d\u00f6nerci d\u00fckkan\u0131, kimli\u011fi hen\u00fcz belirlenemeyen ki\u015fi ya da ki\u015filer taraf\u0131ndan silahl\u0131 sald\u0131r\u0131ya u\u011frad\u0131. Olayda can kayb\u0131 ya da yaralanma ya\u015fanmazken, i\u015f yerinde maddi hasar olu\u015ftu.<\/p>\n","protected":false},"author":1,"featured_media":13719,"comment_status":"open","ping_status":"open","sticky":false,"template":"","format":"standard","meta":{"footnotes":""},"categories":[4,13],"tags":[395,256,794],"class_list":["post-13718","post","type-post","status-publish","format-standard","has-post-thumbnail","hentry","category-gundem","category-son-dakika","tag-is","tag-olay","tag-saldiri"],"_links":{"self":[{"href":"https:\/\/bihavadis.com\/index.php\/wp-json\/wp\/v2\/posts\/13718","targetHints":{"allow":["GET"]}}],"collection":[{"href":"https:\/\/bihavadis.com\/index.php\/wp-json\/wp\/v2\/posts"}],"about":[{"href":"https:\/\/bihavadis.com\/index.php\/wp-json\/wp\/v2\/types\/post"}],"author":[{"embeddable":true,"href":"https:\/\/bihavadis.com\/index.php\/wp-json\/wp\/v2\/users\/1"}],"replies":[{"embeddable":true,"href":"https:\/\/bihavadis.com\/index.php\/wp-json\/wp\/v2\/comments?post=13718"}],"version-history":[{"count":1,"href":"https:\/\/bihavadis.com\/index.php\/wp-json\/wp\/v2\/posts\/13718\/revisions"}],"predecessor-version":[{"id":13724,"href":"https:\/\/bihavadis.com\/index.php\/wp-json\/wp\/v2\/posts\/13718\/revisions\/13724"}],"wp:featuredmedia":[{"embeddable":true,"href":"https:\/\/bihavadis.com\/index.php\/wp-json\/wp\/v2\/media\/13719"}],"wp:attachment":[{"href":"https:\/\/bihavadis.com\/index.php\/wp-json\/wp\/v2\/media?parent=13718"}],"wp:term":[{"taxonomy":"category","embeddable":true,"href":"https:\/\/bihavadis.com\/index.php\/wp-json\/wp\/v2\/categories?post=13718"},{"taxonomy":"post_tag","embeddable":true,"href":"https:\/\/bihavadis.com\/index.php\/wp-json\/wp\/v2\/tags?post=13718"}],"curies":[{"name":"wp","href":"https:\/\/api.w.org\/{rel}","templated":true}]}}