{"id":13737,"date":"2026-02-03T17:42:08","date_gmt":"2026-02-03T17:42:08","guid":{"rendered":"https:\/\/bihavadis.com\/?p=13737"},"modified":"2026-02-03T17:42:08","modified_gmt":"2026-02-03T17:42:08","slug":"istanbulda-5-katli-bir-binada-cikan-yangin-sonduruldu","status":"publish","type":"post","link":"https:\/\/bihavadis.com\/index.php\/2026\/02\/03\/istanbulda-5-katli-bir-binada-cikan-yangin-sonduruldu\/","title":{"rendered":"\u0130stanbul&#8217;da 5 katl\u0131 bir binada \u00e7\u0131kan yang\u0131n s\u00f6nd\u00fcr\u00fcld\u00fc"},"content":{"rendered":"<p>\u0130stanbul&#8217;un \u015ei\u015fli il\u00e7esi Halide Edip Ad\u0131var Mahallesi Melik\u015fah \u00c7\u0131kmaz\u0131 Sokak&#8217;taki 5 katl\u0131 binan\u0131n d\u00f6rd\u00fcnc\u00fc kat\u0131nda, bug\u00fcn \u00f6\u011fle saatlerinde yang\u0131n \u00e7\u0131kt\u0131.<\/p>\n<p>Hen\u00fcz bilinmeyen nedenle \u00e7\u0131kan yang\u0131nda dumanlar\u0131 g\u00f6ren ki\u015filerin ihbar\u0131 \u00fczerine olay yerine itfaiye, acil sa\u011fl\u0131k ve polis ekipleri geldi.<\/p>\n<p><strong>YANGIN S\u00d6ND\u00dcR\u00dcLD\u00dc <\/strong><\/p>\n<p>Alevler itfaiye taraf\u0131ndan di\u011fer katlara s\u0131\u00e7ramadan s\u00f6nd\u00fcr\u00fcld\u00fc.<\/p>\n<p>Sa\u011fl\u0131k ekiplerinin kontrollerinde yaralanan kimsenin olmad\u0131\u011f\u0131 belirlendi.<\/p>\n<p>Yang\u0131n\u0131n \u00e7\u0131k\u0131\u015f nedenine ili\u015fkin inceleme ba\u015flat\u0131ld\u0131.\u00a0<\/p>\n<p><img decoding=\"async\" src=\"https:\/\/bihavadis.com\/wp-content\/uploads\/2026\/02\/istanbulda-5-katli-bir-binada-cikan-yangin-sonduruldu-0-PdNRuYm7.jpg\"\/><\/p>\n<p><img decoding=\"async\" src=\"https:\/\/bihavadis.com\/wp-content\/uploads\/2026\/02\/istanbulda-5-katli-bir-binada-cikan-yangin-sonduruldu-1-GO9D1s1c.jpg\"\/><\/p>\n<p><img decoding=\"async\" src=\"https:\/\/bihavadis.com\/wp-content\/uploads\/2026\/02\/istanbulda-5-katli-bir-binada-cikan-yangin-sonduruldu-2-wBr3bkX1.jpg\"\/><\/p>\n","protected":false},"excerpt":{"rendered":"<p>\u015ei\u015fli&#8217;de 5 katl\u0131 binan\u0131n d\u00f6rd\u00fcnc\u00fc kat\u0131ndaki dairede \u00e7\u0131kan yang\u0131n itfaiye ekipleri taraf\u0131ndan s\u00f6nd\u00fcr\u00fcld\u00fc. Yang\u0131n\u0131n \u00e7\u0131k\u0131\u015f nedenine ili\u015fkin ise inceleme ba\u015flat\u0131ld\u0131.<\/p>\n","protected":false},"author":1,"featured_media":13738,"comment_status":"open","ping_status":"open","sticky":false,"template":"","format":"standard","meta":{"footnotes":""},"categories":[4,13],"tags":[],"class_list":["post-13737","post","type-post","status-publish","format-standard","has-post-thumbnail","hentry","category-gundem","category-son-dakika"],"_links":{"self":[{"href":"https:\/\/bihavadis.com\/index.php\/wp-json\/wp\/v2\/posts\/13737","targetHints":{"allow":["GET"]}}],"collection":[{"href":"https:\/\/bihavadis.com\/index.php\/wp-json\/wp\/v2\/posts"}],"about":[{"href":"https:\/\/bihavadis.com\/index.php\/wp-json\/wp\/v2\/types\/post"}],"author":[{"embeddable":true,"href":"https:\/\/bihavadis.com\/index.php\/wp-json\/wp\/v2\/users\/1"}],"replies":[{"embeddable":true,"href":"https:\/\/bihavadis.com\/index.php\/wp-json\/wp\/v2\/comments?post=13737"}],"version-history":[{"count":1,"href":"https:\/\/bihavadis.com\/index.php\/wp-json\/wp\/v2\/posts\/13737\/revisions"}],"predecessor-version":[{"id":13742,"href":"https:\/\/bihavadis.com\/index.php\/wp-json\/wp\/v2\/posts\/13737\/revisions\/13742"}],"wp:featuredmedia":[{"embeddable":true,"href":"https:\/\/bihavadis.com\/index.php\/wp-json\/wp\/v2\/media\/13738"}],"wp:attachment":[{"href":"https:\/\/bihavadis.com\/index.php\/wp-json\/wp\/v2\/media?parent=13737"}],"wp:term":[{"taxonomy":"category","embeddable":true,"href":"https:\/\/bihavadis.com\/index.php\/wp-json\/wp\/v2\/categories?post=13737"},{"taxonomy":"post_tag","embeddable":true,"href":"https:\/\/bihavadis.com\/index.php\/wp-json\/wp\/v2\/tags?post=13737"}],"curies":[{"name":"wp","href":"https:\/\/api.w.org\/{rel}","templated":true}]}}