{"id":13833,"date":"2026-02-03T18:42:15","date_gmt":"2026-02-03T18:42:15","guid":{"rendered":"https:\/\/bihavadis.com\/?p=13833"},"modified":"2026-02-03T18:42:15","modified_gmt":"2026-02-03T18:42:15","slug":"fatih-urek-son-yolculuguna-ugurlandi-cenazesi-sevenleriyle-doldu-tasti","status":"publish","type":"post","link":"https:\/\/bihavadis.com\/index.php\/2026\/02\/03\/fatih-urek-son-yolculuguna-ugurlandi-cenazesi-sevenleriyle-doldu-tasti\/","title":{"rendered":"Fatih \u00dcrek son yolculu\u011funa u\u011furland\u0131: Cenazesi sevenleriyle doldu ta\u015ft\u0131"},"content":{"rendered":"<p>Fatih \u00dcrek 15 Ekim&#8217;de evinde ge\u00e7irdi\u011fi kalp krizi sonras\u0131 hastaneye kald\u0131r\u0131lm\u0131\u015ft\u0131.<\/p>\n<p>\u00dcnl\u00fc sanat\u00e7\u0131, uzun s\u00fcredir yo\u011fun bak\u0131mda ya\u015fam m\u00fccadelesi veriyordu.<\/p>\n<p><strong>SON YOLCULU\u011eUNA U\u011eURLANDI<\/strong><\/p>\n<p>Cuma ak\u015fam\u0131 ya\u015fam\u0131n\u0131 yitiren sanat\u00e7\u0131 son yolculu\u011funa u\u011furland\u0131.<\/p>\n<p>Cenaze t\u00f6renine sanat, spor ve cemiyet hayat\u0131n\u0131n \u00fcnl\u00fc simalar\u0131 kat\u0131ld\u0131.<\/p>\n<p><img decoding=\"async\" src=\"https:\/\/bihavadis.com\/wp-content\/uploads\/2026\/02\/fatih-urek-son-yolculuguna-ugurlandi-cenazesi-sevenleriyle-doldu-tasti-0-HmLOxIrO.jpg\"\/><\/p>\n<p><strong>\u00dcNL\u00dc \u0130S\u0130MLER T\u00d6RENE AKIN ETT\u0130<\/strong><\/p>\n<p>Demet Akal\u0131n, Seda Sayan, G\u00fclben Ergen, Petek Din\u00e7\u00f6z, \u00d6zlem Y\u0131ld\u0131z, Polat Ya\u011fc\u0131 ve Deniz Seki, \u00dcrek&#8217;in ailesine ba\u015fsa\u011fl\u0131\u011f\u0131 diledi.<\/p>\n<p>Deniz Seki tabutun ba\u015f\u0131nda dua edip arkada\u015f\u0131yla vedala\u015ft\u0131.<\/p>\n<p><img decoding=\"async\" src=\"https:\/\/bihavadis.com\/wp-content\/uploads\/2026\/02\/fatih-urek-son-yolculuguna-ugurlandi-cenazesi-sevenleriyle-doldu-tasti-1-fLc93unl.jpg\"\/><\/p>\n<p><strong>DOSTLARINDAN \u00dcREK&#8217;E VEDA<\/strong><\/p>\n<p>G\u00fclben Ergen \u015funlar\u0131 s\u00f6yledi:<\/p>\n<p><em><b>&#8220;Fatih&#8217;in cenazesine mi geldik biz yani? Ak\u0131l al\u0131r gibi de\u011fil. Hastanede &#8216;g\u00fcle oynaya \u00e7\u0131kacak&#8217; dedik ama olmad\u0131. Cennetinde rahat rahat uyusun.&#8221;<\/b><\/em><\/p>\n<p>\u00d6zlem Y\u0131ld\u0131z ise \u015f\u00f6yle konu\u015ftu:<\/p>\n<p><em><b>&#8220;Hala inanam\u0131yorum, \u00e7ok g\u00fczel bir dostumu kaybettim, ac\u0131m\u0131z b\u00fcy\u00fck. En son g\u00f6rd\u00fc\u011f\u00fcmde s\u0131ms\u0131k\u0131 sar\u0131l\u0131p \u00f6pm\u00fc\u015ft\u00fcm, iyi ki \u00f6pm\u00fc\u015f\u00fcm.&#8221;<\/b><\/em><\/p>\n<p>Ku\u015fum Ayd\u0131n, <em><b>&#8220;\u00c7ok erken&#8230; Ayn\u0131 sene ba\u015flad\u0131k 90&#8217;da! Fatih t\u0131rnaklar\u0131yla kaz\u0131d\u0131\u2026 \u0130\u015fte bu kadarm\u0131\u015f\u2026&#8221; <\/b><\/em>ifadelerini kulland\u0131.<\/p>\n<p><img decoding=\"async\" src=\"https:\/\/bihavadis.com\/wp-content\/uploads\/2026\/02\/fatih-urek-son-yolculuguna-ugurlandi-cenazesi-sevenleriyle-doldu-tasti-2-Kj6vdbl2.jpg\"\/><\/p>\n<p><strong>TABUTUNA SARILIP G\u00d6ZYA\u015eLARINA BO\u011eULDULAR<\/strong><\/p>\n<p>Fatih \u00dcrek&#8217;in karde\u015fleri \u00fcnl\u00fc \u015fark\u0131c\u0131n\u0131n tabutuna yaslan\u0131p g\u00f6zya\u015f\u0131 d\u00f6kt\u00fc.<\/p>\n<p>\u00dcrek, Levent&#8217;teki Barbaros Hayrettin Pa\u015fa Camii&#8217;nde ikindi namaz\u0131na m\u00fcteakip k\u0131l\u0131nan cenaze namaz\u0131n\u0131n ard\u0131ndan Karacaahmet Mezarl\u0131\u011f\u0131&#8217;na defnedildi.<\/p>\n<p><img decoding=\"async\" src=\"https:\/\/bihavadis.com\/wp-content\/uploads\/2026\/02\/fatih-urek-son-yolculuguna-ugurlandi-cenazesi-sevenleriyle-doldu-tasti-3-ibq7Le7p.jpg\"\/><\/p>\n<p><strong>&#8220;SAHNELERE DEVAM EDEMEZSEM B\u0130TER\u0130M&#8221;<\/strong><\/p>\n<p>Fatih \u00dcrek, vefat\u0131ndan k\u0131sa bir s\u00fcre \u00f6nce YouTube&#8217;da yapay zekayla olu\u015fturulan programa konuk olmu\u015ftu.<\/p>\n<p>\u00dcnl\u00fc \u015fark\u0131c\u0131 programda \u015funlar\u0131 s\u00f6ylemi\u015fti:<\/p>\n<p>Bir \u015fey itiraf edebilir miyim? E\u011fer ben sahnelere devam edemezsem t\u00fckeni\u015fim olur, biterim gibi geliyor bana. \u00c7\u00fcnk\u00fc ba\u015fka bir ama\u00e7 kalm\u0131yor gibi geliyor bana.<\/p>\n<p>D\u0131\u015far\u0131da \u00e7ok s\u00fcsl\u00fc p\u00fcsl\u00fcy\u00fcm ama evde y\u0131rt\u0131k ti\u015f\u00f6rtle bile otururum. \u00c7ok yaln\u0131z bir adam\u0131m.<\/p>\n<p><strong>&#8220;BEN\u0130M GELECEKTEN B\u0130R KAYGIM YOK&#8221;<\/strong><\/p>\n<p>D\u00fcnyadaki sava\u015flar, insanlar\u0131n \u00e7aresizli\u011fi h\u00fcz\u00fcnlendiriyor beni hatta oturup a\u011fl\u0131yorum. Benim gelecekten bir kayg\u0131m yok.<\/p>\n<p>Kendimce bir hayat kurdum. Yine de \u00e7ocuklar\u0131 d\u00fc\u015f\u00fcn\u00fcyorum ve d\u00fcnyan\u0131n bu son halini \u00e7ok be\u011fenmiyorum.<\/p>\n<p><img decoding=\"async\" src=\"https:\/\/bihavadis.com\/wp-content\/uploads\/2026\/02\/fatih-urek-son-yolculuguna-ugurlandi-cenazesi-sevenleriyle-doldu-tasti-4-YceItsnH.jpg\"\/><\/p>\n","protected":false},"excerpt":{"rendered":"<p>107 g\u00fcnd\u00fcr yo\u011fun bak\u0131mda tedavi g\u00f6ren sanat\u00e7\u0131 Fatih \u00dcrek, 59 ya\u015f\u0131nda hayat\u0131n\u0131 kaybetti. \u00dcnl\u00fc isimden gelen ac\u0131 haber, sevenlerini ve sanat camias\u0131n\u0131 derin \u00fcz\u00fcnt\u00fcye bo\u011fdu. \u00dcrek bug\u00fcn Levent&#8217;teki Barbaros Hayrettin Pa\u015fa Camii&#8217;nde son yolculu\u011funa u\u011furland\u0131.<\/p>\n","protected":false},"author":1,"featured_media":13834,"comment_status":"open","ping_status":"open","sticky":false,"template":"","format":"standard","meta":{"footnotes":""},"categories":[1],"tags":[2838,2112,2170],"class_list":["post-13833","post","type-post","status-publish","format-standard","has-post-thumbnail","hentry","category-uncategorized","tag-fatih","tag-unlu","tag-urek"],"_links":{"self":[{"href":"https:\/\/bihavadis.com\/index.php\/wp-json\/wp\/v2\/posts\/13833","targetHints":{"allow":["GET"]}}],"collection":[{"href":"https:\/\/bihavadis.com\/index.php\/wp-json\/wp\/v2\/posts"}],"about":[{"href":"https:\/\/bihavadis.com\/index.php\/wp-json\/wp\/v2\/types\/post"}],"author":[{"embeddable":true,"href":"https:\/\/bihavadis.com\/index.php\/wp-json\/wp\/v2\/users\/1"}],"replies":[{"embeddable":true,"href":"https:\/\/bihavadis.com\/index.php\/wp-json\/wp\/v2\/comments?post=13833"}],"version-history":[{"count":1,"href":"https:\/\/bihavadis.com\/index.php\/wp-json\/wp\/v2\/posts\/13833\/revisions"}],"predecessor-version":[{"id":13840,"href":"https:\/\/bihavadis.com\/index.php\/wp-json\/wp\/v2\/posts\/13833\/revisions\/13840"}],"wp:featuredmedia":[{"embeddable":true,"href":"https:\/\/bihavadis.com\/index.php\/wp-json\/wp\/v2\/media\/13834"}],"wp:attachment":[{"href":"https:\/\/bihavadis.com\/index.php\/wp-json\/wp\/v2\/media?parent=13833"}],"wp:term":[{"taxonomy":"category","embeddable":true,"href":"https:\/\/bihavadis.com\/index.php\/wp-json\/wp\/v2\/categories?post=13833"},{"taxonomy":"post_tag","embeddable":true,"href":"https:\/\/bihavadis.com\/index.php\/wp-json\/wp\/v2\/tags?post=13833"}],"curies":[{"name":"wp","href":"https:\/\/api.w.org\/{rel}","templated":true}]}}