{"id":13879,"date":"2026-02-03T19:15:15","date_gmt":"2026-02-03T19:15:15","guid":{"rendered":"https:\/\/bihavadis.com\/?p=13879"},"modified":"2026-02-03T19:15:15","modified_gmt":"2026-02-03T19:15:15","slug":"yukumlulerden-okul-boyama-projesi","status":"publish","type":"post","link":"https:\/\/bihavadis.com\/index.php\/2026\/02\/03\/yukumlulerden-okul-boyama-projesi\/","title":{"rendered":"Y\u00fck\u00fcml\u00fclerden Okul Boyama Projesi"},"content":{"rendered":"<p> Samsun&#8217;da y\u00fck\u00fcml\u00fcler, s\u00f6mestir tatilinde Canik il\u00e7esindeki Hask\u00f6y Ortaokulunu boyay\u0131p \u00e7evre d\u00fczenlemesini yaparak e\u011fitim \u00f6\u011fretime haz\u0131r hale getirdi.<\/p>\n<p>Samsun Denetimli Serbestlik M\u00fcd\u00fcrl\u00fc\u011f\u00fc ile Canik Halk E\u011fitimi Merkezi aras\u0131nda yap\u0131lan i\u015fbirli\u011fi \u00e7er\u00e7evesinde, y\u00fck\u00fcml\u00fclerin kamu yarar\u0131na \u00fccretsiz \u00e7al\u0131\u015fma y\u00fck\u00fcml\u00fcl\u00fc\u011f\u00fcn\u00fc yerine getirmesi sa\u011flan\u0131yor.<\/p>\n<p>Bu kapsamda Denetimli Serbestlik M\u00fcd\u00fcrl\u00fc\u011f\u00fcn\u00fcn takibindeki 7 y\u00fck\u00fcml\u00fcye, Canik Halk E\u011fitimi Merkezi&#8217;nde g\u00f6revli in\u015faat teknolojisi \u00f6\u011fretmeni Tahsin Dede taraf\u0131ndan boyac\u0131l\u0131k e\u011fitimi verildi.<\/p>\n<p>Y\u00fck\u00fcml\u00fcler, daha sonra Hask\u00f6y Ortaokulunu boyay\u0131p \u00e7evresini 7 g\u00fcnde temizleyerek, s\u00f6mestir tatilinin ard\u0131ndan \u00f6\u011frenciler i\u00e7in okulu haz\u0131r hale getirdi.<\/p>\n<p>Samsun Denetimli Serbestlik M\u00fcd\u00fcr\u00fc Mehmet Ofluo\u011flu, AA muhabirine, denetimli serbestlik tedbiri alt\u0131ndaki y\u00fck\u00fcml\u00fclerin kamuya ait mekanlarda boya, temizlik ve tadilat i\u015flemi ger\u00e7ekle\u015ftirdi\u011fini s\u00f6yledi.<\/p>\n<p>Kentte denetimli serbestlik hizmetlerini etkin \u015fekilde kulland\u0131klar\u0131n\u0131 belirten Ofluo\u011flu, &#8220;Samsun \u00f6zelinde kamuya yararl\u0131 \u00fccretsiz \u00e7al\u0131\u015ft\u0131rma kapsam\u0131nda 2019 y\u0131l\u0131ndan itibaren &#8216;Eme\u011fimiz E\u011fitim \u0130\u00e7in Projesi&#8217; kapsam\u0131nda 150&#8217;ye yak\u0131n e\u011fitim kurumunun boyas\u0131n\u0131, temizli\u011fini, bak\u0131m\u0131n\u0131, tadilat\u0131n\u0131, onar\u0131m\u0131n\u0131 y\u00fck\u00fcml\u00fclerimiz eliyle \u00fccretsiz \u015fekilde ger\u00e7ekle\u015ftirmi\u015f olduk.&#8221; dedi.<\/p>\n<p>Y\u00fck\u00fcml\u00fclerin disiplin ve mesai al\u0131\u015fkanl\u0131\u011f\u0131 kazanmalar\u0131 ama\u00e7lan\u0131yor<\/p>\n<p>Okullar\u0131n yan\u0131 s\u0131ra kurum ve kurulu\u015f binalar\u0131n\u0131n da boya ve onar\u0131mlar\u0131nda denetimli serbestlik olarak faaliyet g\u00f6sterdiklerini aktaran Ofluo\u011flu, &#8220;Gen\u00e7lik ve Spor M\u00fcd\u00fcrl\u00fc\u011f\u00fcn\u00fcn kurulu\u015flar\u0131, \u0130lkad\u0131m Gen\u00e7lik Merkezi, sporcu fabrikas\u0131, ok\u00e7uluk tesisleri gibi alanlar\u0131n, K\u00fclt\u00fcr ve Turizm M\u00fcd\u00fcrl\u00fc\u011f\u00fcne ba\u011fl\u0131 k\u00fct\u00fcphanelerin, \u0130l Halk K\u00fct\u00fcphanesinin ve bir\u00e7ok kamu kurum ve kurulu\u015funun bak\u0131m\u0131n\u0131 y\u00fck\u00fcml\u00fclerimiz eliyle \u00fccretsiz \u015fekilde ger\u00e7ekle\u015ftirmi\u015f oluyoruz.&#8221; ifadelerini kulland\u0131.<\/p>\n<p>Denetimli serbestlikle y\u00fck\u00fcml\u00fclerin disiplin sahibi olmalar\u0131n\u0131 ve mesai al\u0131\u015fkanl\u0131\u011f\u0131 kazanmalar\u0131n\u0131 hedeflediklerini vurgulayan Ofluo\u011flu, topluma kazand\u0131r\u0131lmalar\u0131n\u0131 ve uyum sa\u011flamalar\u0131n\u0131, devam\u0131nda toplumun ve ma\u011fdurlar\u0131n su\u00e7tan korunmas\u0131n\u0131 ama\u00e7lad\u0131klar\u0131n\u0131 kaydetti.<\/p>\n<p>\u0130n\u015faat teknolojisi \u00f6\u011fretmeni Tahsin Dede ise yap\u0131lan protokolle y\u00fck\u00fcml\u00fclere meslek edindirdiklerini dile getirerek, &#8220;Kamu kurum ve kurulu\u015flar\u0131n\u0131n boya i\u015flerini, yeri geldi\u011finde tadilat ve tamirat i\u015flerini yap\u0131yoruz. Bu kapsamda ge\u00e7en seneden beri neredeyse 25 bin metrekare alan boyad\u0131k. Bug\u00fcn de s\u00f6mestir tatili olmas\u0131 m\u00fcnasebetiyle bu okulumuzun boya i\u015flerini bitirdik.&#8221; diye konu\u015ftu.<\/p>\n","protected":false},"excerpt":{"rendered":"<p>Samsun&#8217;da y\u00fck\u00fcml\u00fcler, Hask\u00f6y Ortaokulunu boyayarak e\u011fitime haz\u0131r hale getirdi.<\/p>\n","protected":false},"author":1,"featured_media":13880,"comment_status":"open","ping_status":"open","sticky":false,"template":"","format":"standard","meta":{"footnotes":""},"categories":[9,4,13],"tags":[2842,2843,233,2393],"class_list":["post-13879","post","type-post","status-publish","format-standard","has-post-thumbnail","hentry","category-genel","category-gundem","category-son-dakika","tag-boya","tag-denetimli-serbestlik","tag-egitim","tag-kamu"],"_links":{"self":[{"href":"https:\/\/bihavadis.com\/index.php\/wp-json\/wp\/v2\/posts\/13879","targetHints":{"allow":["GET"]}}],"collection":[{"href":"https:\/\/bihavadis.com\/index.php\/wp-json\/wp\/v2\/posts"}],"about":[{"href":"https:\/\/bihavadis.com\/index.php\/wp-json\/wp\/v2\/types\/post"}],"author":[{"embeddable":true,"href":"https:\/\/bihavadis.com\/index.php\/wp-json\/wp\/v2\/users\/1"}],"replies":[{"embeddable":true,"href":"https:\/\/bihavadis.com\/index.php\/wp-json\/wp\/v2\/comments?post=13879"}],"version-history":[{"count":1,"href":"https:\/\/bihavadis.com\/index.php\/wp-json\/wp\/v2\/posts\/13879\/revisions"}],"predecessor-version":[{"id":13881,"href":"https:\/\/bihavadis.com\/index.php\/wp-json\/wp\/v2\/posts\/13879\/revisions\/13881"}],"wp:featuredmedia":[{"embeddable":true,"href":"https:\/\/bihavadis.com\/index.php\/wp-json\/wp\/v2\/media\/13880"}],"wp:attachment":[{"href":"https:\/\/bihavadis.com\/index.php\/wp-json\/wp\/v2\/media?parent=13879"}],"wp:term":[{"taxonomy":"category","embeddable":true,"href":"https:\/\/bihavadis.com\/index.php\/wp-json\/wp\/v2\/categories?post=13879"},{"taxonomy":"post_tag","embeddable":true,"href":"https:\/\/bihavadis.com\/index.php\/wp-json\/wp\/v2\/tags?post=13879"}],"curies":[{"name":"wp","href":"https:\/\/api.w.org\/{rel}","templated":true}]}}