{"id":13946,"date":"2026-02-03T20:15:07","date_gmt":"2026-02-03T20:15:07","guid":{"rendered":"https:\/\/bihavadis.com\/?p=13946"},"modified":"2026-02-03T20:15:07","modified_gmt":"2026-02-03T20:15:07","slug":"real-madrid-son-dakika-goluyle-rayo-vallecanoyu-yikti","status":"publish","type":"post","link":"https:\/\/bihavadis.com\/index.php\/2026\/02\/03\/real-madrid-son-dakika-goluyle-rayo-vallecanoyu-yikti\/","title":{"rendered":"Real Madrid, son dakika gol\u00fcyle Rayo Vallecano&#8217;yu y\u0131kt\u0131"},"content":{"rendered":"<p>\u0130spanya LaLiga&#8217;n\u0131n 22. haftas\u0131nda Real Madrid, sahas\u0131nda Rayo Vallecano ile kar\u015f\u0131 kar\u015f\u0131ya geldi.<\/p>\n<p>Santiago Bernabeu&#8217;da oynanan ma\u00e7\u0131 Real Madrid, 2-1&#8217;lik skorla kazand\u0131.<\/p>\n<p><strong>MA\u00c7 \u00d6NCES\u0130 TEPK\u0130<\/strong><\/p>\n<p>Real Madridli taraftarlar, son d\u00f6nemden al\u0131nan sonu\u00e7larla birlikte tak\u0131ma g\u00f6sterdikleri protestoya Rayo Vallecano ma\u00e7\u0131nda da devam etti.<\/p>\n<p>Real Madridli taraftarlar, \u0131s\u0131nmaya \u00e7\u0131kan oyuncular\u0131n\u0131 \u0131sl\u0131klad\u0131.<\/p>\n<p><img decoding=\"async\" src=\"https:\/\/bihavadis.com\/wp-content\/uploads\/2026\/02\/real-madrid-son-dakika-goluyle-rayo-vallecanoyu-yikti-0-Z23iRzUu.jpg\"\/><\/p>\n<p><strong>BELLINGHAM SAKATLANDI<\/strong><\/p>\n<p>Real Madrid&#8217;de kar\u015f\u0131la\u015fmaya ilk 11&#8217;de ba\u015flayan Jude Bellingham, ya\u015fad\u0131\u011f\u0131 sakatl\u0131\u011f\u0131n ard\u0131ndan oyundan \u00e7\u0131kmak zorunda kald\u0131.<\/p>\n<p>Real Madrid&#8217;de Bellingham yerine 10. dakikada Brahim Diaz oyuna dahil oldu.<\/p>\n<p><strong>REAL \u00d6NE GE\u00c7T\u0130, VALLECANO E\u015e\u0130TL\u0130\u011e\u0130 YAKALADI<\/strong><\/p>\n<p>Real Madrid, 15. dakikada Vinicius Junior&#8217;un gol\u00fcyle 1-0 \u00f6ne ge\u00e7ti ve ilk devreyi 1-0 \u00f6nde tamamlad\u0131.<\/p>\n<p>Rayo Vallecano, kar\u015f\u0131la\u015fman\u0131n 49. dakikas\u0131nda Jorge De Frutos&#8217;un att\u0131\u011f\u0131 golle Real Madrid kar\u015f\u0131s\u0131nda 1-1&#8217;lik e\u015fitli\u011fi buldu.<\/p>\n<p><strong>ARDA, 77 DAK\u0130KA OYNADI<\/strong><\/p>\n<p>Real Madrid&#8217;de milli futbolcu Arda G\u00fcler, ilk 11&#8217;de ba\u015flad\u0131\u011f\u0131 ma\u00e7ta 77 dakika sahada kald\u0131. Arda G\u00fcler, bu dakikada yerini Rodrygo&#8217;ya b\u0131rakt\u0131.<\/p>\n<p><img decoding=\"async\" src=\"https:\/\/bihavadis.com\/wp-content\/uploads\/2026\/02\/real-madrid-son-dakika-goluyle-rayo-vallecanoyu-yikti-1-zuuym47Y.jpg\"\/><\/p>\n<p><strong>RAYO 10 K\u0130\u015e\u0130 KALDI<\/strong><\/p>\n<p>Rayo Vallecano, Pathe Ciss&#8217;in 80. dakikada k\u0131rm\u0131z\u0131 kart g\u00f6rmesinin ard\u0131ndan 10 ki\u015fi kald\u0131.<\/p>\n<p><strong>PENALTI KARARI VE GOL<\/strong><\/p>\n<p>Real Madrid, 90+8. dakikada penalt\u0131 kazand\u0131. Penalt\u0131da topun ba\u015f\u0131na ge\u00e7en Mbappe, 90+10. dakikada tak\u0131m\u0131n\u0131n ikinci gol\u00fcn\u00fc att\u0131 ve Real Madrid, ma\u00e7\u0131 2-1&#8217;lik skorla kazand\u0131.<\/p>\n<p><img decoding=\"async\" src=\"https:\/\/bihavadis.com\/wp-content\/uploads\/2026\/02\/real-madrid-son-dakika-goluyle-rayo-vallecanoyu-yikti-2-VuRTCgJl.jpg\"\/><\/p>\n<p><strong>SON ANLARDA B\u0130R KIRMIZI DAHA!<\/strong><\/p>\n<p>Rayo Vallecano&#8217;da Josep Maria Chavarria Perez de 90+13. dakikada k\u0131rm\u0131z\u0131 kart g\u00f6rd\u00fc ve tak\u0131m\u0131n\u0131 10 ki\u015fi b\u0131rakt\u0131.<\/p>\n<p>Real Madrid, ligin bir sonraki haftas\u0131nda Valencia deplasman\u0131na gidecek. Rayo Vallecano, sahas\u0131nda Real Oviedo&#8217;yu a\u011f\u0131rlayacak.<\/p>\n<p><img decoding=\"async\" src=\"https:\/\/bihavadis.com\/wp-content\/uploads\/2026\/02\/real-madrid-son-dakika-goluyle-rayo-vallecanoyu-yikti-3-epXL8Yvh.jpg\"\/><\/p>\n","protected":false},"excerpt":{"rendered":"<p>Real Madrid, LaLiga&#8217;n\u0131n 22. haftas\u0131nda evinde Rayo Vallecano&#8217;yu 2-1&#8217;lik skorla ma\u011flup etti.<\/p>\n","protected":false},"author":1,"featured_media":13947,"comment_status":"open","ping_status":"open","sticky":false,"template":"","format":"standard","meta":{"footnotes":""},"categories":[14],"tags":[364,2849,2848],"class_list":["post-13946","post","type-post","status-publish","format-standard","has-post-thumbnail","hentry","category-spor","tag-mac","tag-rayo-vallecano","tag-real-madrid"],"_links":{"self":[{"href":"https:\/\/bihavadis.com\/index.php\/wp-json\/wp\/v2\/posts\/13946","targetHints":{"allow":["GET"]}}],"collection":[{"href":"https:\/\/bihavadis.com\/index.php\/wp-json\/wp\/v2\/posts"}],"about":[{"href":"https:\/\/bihavadis.com\/index.php\/wp-json\/wp\/v2\/types\/post"}],"author":[{"embeddable":true,"href":"https:\/\/bihavadis.com\/index.php\/wp-json\/wp\/v2\/users\/1"}],"replies":[{"embeddable":true,"href":"https:\/\/bihavadis.com\/index.php\/wp-json\/wp\/v2\/comments?post=13946"}],"version-history":[{"count":1,"href":"https:\/\/bihavadis.com\/index.php\/wp-json\/wp\/v2\/posts\/13946\/revisions"}],"predecessor-version":[{"id":13952,"href":"https:\/\/bihavadis.com\/index.php\/wp-json\/wp\/v2\/posts\/13946\/revisions\/13952"}],"wp:featuredmedia":[{"embeddable":true,"href":"https:\/\/bihavadis.com\/index.php\/wp-json\/wp\/v2\/media\/13947"}],"wp:attachment":[{"href":"https:\/\/bihavadis.com\/index.php\/wp-json\/wp\/v2\/media?parent=13946"}],"wp:term":[{"taxonomy":"category","embeddable":true,"href":"https:\/\/bihavadis.com\/index.php\/wp-json\/wp\/v2\/categories?post=13946"},{"taxonomy":"post_tag","embeddable":true,"href":"https:\/\/bihavadis.com\/index.php\/wp-json\/wp\/v2\/tags?post=13946"}],"curies":[{"name":"wp","href":"https:\/\/api.w.org\/{rel}","templated":true}]}}