{"id":13959,"date":"2026-02-03T20:24:05","date_gmt":"2026-02-03T20:24:05","guid":{"rendered":"https:\/\/bihavadis.com\/?p=13959"},"modified":"2026-02-03T20:24:05","modified_gmt":"2026-02-03T20:24:05","slug":"bulent-turan-dunyanin-daha-cok-erdoganlara-ihtiyaci-var","status":"publish","type":"post","link":"https:\/\/bihavadis.com\/index.php\/2026\/02\/03\/bulent-turan-dunyanin-daha-cok-erdoganlara-ihtiyaci-var\/","title":{"rendered":"B\u00fclent Turan: D\u00fcnyan\u0131n daha \u00e7ok Erdo\u011fan&#8217;lara ihtiyac\u0131 var"},"content":{"rendered":"<p>ABD&#8217;de re\u015fit olmayan k\u0131z \u00e7ocuklar\u0131na y\u00f6nelik cinsel istismar ve fuhu\u015f a\u011f\u0131 kurma su\u00e7lar\u0131yla tutuklu yarg\u0131lan\u0131rken hapishanede \u00f6l\u00fc bulunan milyarder Jeffrey Epstein&#8217;a ili\u015fkin yeni belgeler ABD Adalet Bakanl\u0131\u011f\u0131 taraf\u0131ndan kamuoyu ile payla\u015f\u0131ld\u0131.<\/p>\n<p>Bill Gates, Bill Clinton, \u0130ngiltere Kraliyet ailesi mensubu Prens Andrew, Norve\u00e7 Kraliyet ailesi derken listede uzay\u0131p gidiyor ve elit olarak adland\u0131r\u0131lan isimlerin asl\u0131nda ne kadar kirli bir d\u00fcnya i\u00e7inde olduklar\u0131 adeta kamuoyunun y\u00fcz\u00fcne tokat gibi \u00e7arp\u0131yor.<\/p>\n<p><strong>&#8220;D\u00dcNYANIN DAHA \u00c7OK ERDO\u011eAN&#8217;LARA \u0130HT\u0130YACI VAR&#8221;<\/strong><\/p>\n<p>\u0130\u00e7i\u015fleri Bakan Yard\u0131mc\u0131s\u0131 B\u00fclent Turan, yay\u0131mlanan belgelere istinaden bir a\u00e7\u0131klama yaparak,<b><em> &#8220;Hem insan olman\u0131n en d\u00fc\u015f\u00fck modunda olup  hem de \u201celit\u201d olarak tarif edilen garip bir grup olabilir mi?&#8221;<\/em><\/b> diye sordu.<\/p>\n<p>Turan a\u00e7\u0131klamas\u0131nda \u015funlar s\u00f6yledi:<\/p>\n<p>Bug\u00fcn k\u00fcresel g\u00fcndeme oturan #Epstein Belgeleri ile ilgili olarak d\u00fcnyan\u0131n zihnini kurcalayan soruyu biz de soruyoruz:  K\u00fcresel ekonomiye, k\u00fcresel politikalara, teknolojinin gelece\u011fine, \u00e7at\u0131\u015fmalara veya anla\u015fmalara karar verenler, hem insan olman\u0131n en d\u00fc\u015f\u00fck modunda olup  hem de \u201celit\u201d olarak tarif edilen garip bir grup olabilir mi?<\/p>\n<p>Ya\u015fananlara bak\u0131nca Cumhurba\u015fkan\u0131 Recep Tayyip Erdo\u011fan\u2019\u0131n m\u00fccadelesinin, k\u00fcresel sistemde durdu\u011fu ve T\u00fcrkiye\u2019yi konumland\u0131rd\u0131\u011f\u0131 yerin, ortaya koydu\u011fu duru\u015fun ve savundu\u011fu de\u011ferlerin k\u0131ymetini daha iyi anl\u0131yoruz. D\u00fcnyan\u0131n daha \u00e7ok teknolojiye, daha \u00e7ok petrole, daha \u00e7ok bilgisayara de\u011fil de daha \u00e7ok #Erdo\u011fan\u2019lara ihtiyac\u0131 var sanki!<\/p>\n<p><img decoding=\"async\" src=\"https:\/\/bihavadis.com\/wp-content\/uploads\/2026\/02\/bulent-turan-dunyanin-daha-cok-erdoganlara-ihtiyaci-var-0-eQMxQklQ.jpg\"\/><\/p>\n","protected":false},"excerpt":{"rendered":"<p>Epstein belgelerinde d\u00fcnyada bilinen bir\u00e7ok ismin karanl\u0131k y\u00fcz\u00fcne dair yaz\u0131\u015fmalar\u0131n ortaya \u00e7\u0131kmas\u0131 sonras\u0131 \u0130\u00e7i\u015fleri Bakan Yard\u0131mc\u0131s\u0131 B\u00fclent Turan&#8217;dan &#8220;D\u00fcnyan\u0131n daha \u00e7ok Erdo\u011fan&#8217;lara ihtiyac\u0131 var&#8221; payla\u015f\u0131m\u0131 geldi.<\/p>\n","protected":false},"author":1,"featured_media":13960,"comment_status":"open","ping_status":"open","sticky":false,"template":"","format":"standard","meta":{"footnotes":""},"categories":[9,13],"tags":[],"class_list":["post-13959","post","type-post","status-publish","format-standard","has-post-thumbnail","hentry","category-genel","category-son-dakika"],"_links":{"self":[{"href":"https:\/\/bihavadis.com\/index.php\/wp-json\/wp\/v2\/posts\/13959","targetHints":{"allow":["GET"]}}],"collection":[{"href":"https:\/\/bihavadis.com\/index.php\/wp-json\/wp\/v2\/posts"}],"about":[{"href":"https:\/\/bihavadis.com\/index.php\/wp-json\/wp\/v2\/types\/post"}],"author":[{"embeddable":true,"href":"https:\/\/bihavadis.com\/index.php\/wp-json\/wp\/v2\/users\/1"}],"replies":[{"embeddable":true,"href":"https:\/\/bihavadis.com\/index.php\/wp-json\/wp\/v2\/comments?post=13959"}],"version-history":[{"count":1,"href":"https:\/\/bihavadis.com\/index.php\/wp-json\/wp\/v2\/posts\/13959\/revisions"}],"predecessor-version":[{"id":13962,"href":"https:\/\/bihavadis.com\/index.php\/wp-json\/wp\/v2\/posts\/13959\/revisions\/13962"}],"wp:featuredmedia":[{"embeddable":true,"href":"https:\/\/bihavadis.com\/index.php\/wp-json\/wp\/v2\/media\/13960"}],"wp:attachment":[{"href":"https:\/\/bihavadis.com\/index.php\/wp-json\/wp\/v2\/media?parent=13959"}],"wp:term":[{"taxonomy":"category","embeddable":true,"href":"https:\/\/bihavadis.com\/index.php\/wp-json\/wp\/v2\/categories?post=13959"},{"taxonomy":"post_tag","embeddable":true,"href":"https:\/\/bihavadis.com\/index.php\/wp-json\/wp\/v2\/tags?post=13959"}],"curies":[{"name":"wp","href":"https:\/\/api.w.org\/{rel}","templated":true}]}}