{"id":14055,"date":"2026-02-03T22:03:09","date_gmt":"2026-02-03T22:03:09","guid":{"rendered":"https:\/\/bihavadis.com\/?p=14055"},"modified":"2026-02-03T22:03:09","modified_gmt":"2026-02-03T22:03:09","slug":"izmirde-bir-vatandas-gole-donen-yolda-cukura-dustu","status":"publish","type":"post","link":"https:\/\/bihavadis.com\/index.php\/2026\/02\/03\/izmirde-bir-vatandas-gole-donen-yolda-cukura-dustu\/","title":{"rendered":"\u0130zmir&#8217;de bir vatanda\u015f g\u00f6le d\u00f6nen yolda \u00e7ukura d\u00fc\u015ft\u00fc"},"content":{"rendered":"<p>\u0130zmir&#8217;de bast\u0131ran sa\u011fanak ya\u011f\u0131\u015f \u00f6zellikle Konak, Kar\u015f\u0131yaka, Bornova, Bayrakl\u0131 ve Buca il\u00e7elerinde etkili oldu.<\/p>\n<p>Yo\u011fun ya\u011f\u0131\u015f nedeniyle bir\u00e7ok noktada altyap\u0131 yetersiz kal\u0131rken, r\u00f6garlar\u0131n ta\u015fmas\u0131 sonucu yollar suyla kapland\u0131. Ana arterlerde olu\u015fan su birikintileri trafikte aksamalara yol a\u00e7t\u0131.<\/p>\n<p>S\u00fcr\u00fcc\u00fcler ilerlemekte g\u00fc\u00e7l\u00fck \u00e7ekerken, baz\u0131 ara\u00e7lar\u0131n su dolu yollarda mahsur kald\u0131\u011f\u0131 g\u00f6r\u00fcld\u00fc.<\/p>\n<p><strong>\u0130\u015e YERLER\u0130N\u0130 SU BASTI<\/strong><\/p>\n<p>Ya\u011f\u0131\u015f, \u0130zmir\u2019in tarihi ve ticari merkezlerini de olumsuz etkiledi. Kemeralt\u0131 \u00c7ar\u015f\u0131s\u0131 ba\u015fta olmak \u00fczere \u00e7ar\u015f\u0131 merkezleri ve kapal\u0131 pazar alanlar\u0131nda su bask\u0131nlar\u0131 ya\u015fand\u0131.<\/p>\n<p>R\u00f6garlar\u0131n ta\u015fmas\u0131yla birlikte bir\u00e7ok i\u015f yerini su basarken, esnaf ve vatanda\u015flar zor anlar ya\u015fad\u0131. \u00c7ar\u015f\u0131da biriken sular nedeniyle al\u0131\u015fveri\u015f durma noktas\u0131na geldi.<\/p>\n<p><img decoding=\"async\" src=\"https:\/\/bihavadis.com\/wp-content\/uploads\/2026\/02\/izmirde-bir-vatandas-gole-donen-yolda-cukura-dustu-0-sRT7Pfs7.jpg\"\/><\/p>\n<p><strong>VATANDA\u015e A\u00c7ILAN \u00c7UKURA D\u00dc\u015eT\u00dc<\/strong><\/p>\n<p>Sa\u011fanak ya\u011f\u0131\u015f\u0131n olu\u015fturdu\u011fu riskler g\u00fcvenlik kameralar\u0131na da yans\u0131d\u0131. G\u00f6le d\u00f6nen bir sokakta kaydedilen g\u00f6r\u00fcnt\u00fclerde, y\u00fcr\u00fcmeye \u00e7al\u0131\u015fan bir vatanda\u015f\u0131n suyun bulan\u0131kl\u0131\u011f\u0131 nedeniyle fark edemedi\u011fi bir \u00e7ukura d\u00fc\u015ft\u00fc\u011f\u00fc anlar yer ald\u0131. Dengesini kaybederek suya d\u00fc\u015fen vatanda\u015f\u0131n bir s\u00fcre suyun i\u00e7inde kald\u0131\u011f\u0131 g\u00f6r\u00fcld\u00fc.<\/p>\n<p><img decoding=\"async\" src=\"https:\/\/bihavadis.com\/wp-content\/uploads\/2026\/02\/izmirde-bir-vatandas-gole-donen-yolda-cukura-dustu-1-MJ6rItWe.jpg\"\/><\/p>\n<p><strong>SON \u00c7ARE BALIK TUTTULAR<\/strong><\/p>\n<p>Konak il\u00e7esine ba\u011fl\u0131 Alsancak ve Kordon Boyu mevkilerinde ya\u011f\u0131\u015fla birlikte r\u00f6garlar\u0131n ta\u015fmas\u0131 sonucu yollar ve sahil \u015feridindeki ye\u015fil alanlar suya teslim oldu.<\/p>\n<p>Y\u00fckselen su seviyesi nedeniyle ara\u00e7lar ilerlemekte g\u00fc\u00e7l\u00fck \u00e7ekerken, b\u00f6lgedeki vatanda\u015flar da zor anlar ya\u015fad\u0131. Su bask\u0131n\u0131n\u0131n ya\u015fand\u0131\u011f\u0131 alanda bir vatanda\u015f ise duruma dikkat \u00e7ekmek i\u00e7in ilgin\u00e7 bir y\u00f6nteme ba\u015fvurdu.<\/p>\n<p>G\u00f6le d\u00f6nen caddede eline ald\u0131\u011f\u0131 oltay\u0131 su birikintisine atan vatanda\u015f, altyap\u0131 sorunlar\u0131na bal\u0131k tutmaya \u00e7al\u0131\u015farak tepki g\u00f6sterdi.<\/p>\n<p>Bu durumun Kordon&#8217;da s\u00fcrekli ya\u015fand\u0131\u011f\u0131 dile getirildi.<\/p>\n<p><img decoding=\"async\" src=\"https:\/\/bihavadis.com\/wp-content\/uploads\/2026\/02\/izmirde-bir-vatandas-gole-donen-yolda-cukura-dustu-2-APSweKty.jpg\"\/><\/p>\n<p><img decoding=\"async\" src=\"https:\/\/bihavadis.com\/wp-content\/uploads\/2026\/02\/izmirde-bir-vatandas-gole-donen-yolda-cukura-dustu-3-8YnNMQpB.jpg\"\/><\/p>\n<p><strong>ALSANCAK YOLLARI K\u00d6STEBEK YUVASI<\/strong><\/p>\n<p>B\u00fcy\u00fck\u015fehir Belediyesine ba\u011fl\u0131 \u0130zmir Su ve Kanalizasyon \u0130daresi Genel M\u00fcd\u00fcrl\u00fc\u011f\u00fc (\u0130ZSU) ile di\u011fer altyap\u0131 kurumlar\u0131 taraf\u0131ndan Konak il\u00e7esine ba\u011fl\u0131 Alsancak Mahallesi ve Cumhuriyet Bulvar\u0131 ile ba\u011flant\u0131l\u0131 sokak ve caddelerinde ge\u00e7en y\u0131l a\u011fustos ay\u0131nda altyap\u0131 yenileme \u00e7al\u0131\u015fmas\u0131 ba\u015flat\u0131ld\u0131.<\/p>\n<p>Son g\u00fcnlerde etkili olan ya\u011f\u0131\u015flar nedeniyle \u00e7al\u0131\u015fmalar\u0131n s\u00fcrd\u00fc\u011f\u00fc b\u00f6lgelerde olu\u015fan \u00e7ukur ve bo\u015fluklarda su birikintileri meydana geldi.<\/p>\n<p>Baz\u0131 esnaflar ise kendi imkanlar\u0131yla su biriken \u00e7ukurlar\u0131 doldurmaya \u00e7al\u0131\u015ft\u0131.<\/p>\n<p><img decoding=\"async\" src=\"https:\/\/bihavadis.com\/wp-content\/uploads\/2026\/02\/izmirde-bir-vatandas-gole-donen-yolda-cukura-dustu-4-nIwPLPyX.jpg\"\/><\/p>\n<p><img decoding=\"async\" src=\"https:\/\/bihavadis.com\/wp-content\/uploads\/2026\/02\/izmirde-bir-vatandas-gole-donen-yolda-cukura-dustu-5-zOUwlBzP.jpg\"\/><\/p>\n","protected":false},"excerpt":{"rendered":"<p>\u0130zmir&#8217;de s\u00fcren ya\u011f\u0131\u015flar nedeniyle su bask\u0131nlar\u0131 ve bozuk yollar \u015f\u00f6yle dursun, bu sefer bir vatanda\u015f g\u00f6le d\u00f6nen yolda suyun bulan\u0131kl\u0131\u011f\u0131 nedeniyle g\u00f6rmedi\u011fi \u00e7ukura d\u00fc\u015ft\u00fc. O anlar bir g\u00fcvenlik kameras\u0131 taraf\u0131ndan kayda ge\u00e7ti.<\/p>\n","protected":false},"author":1,"featured_media":14056,"comment_status":"open","ping_status":"open","sticky":false,"template":"","format":"standard","meta":{"footnotes":""},"categories":[9,13],"tags":[1226,1165,531],"class_list":["post-14055","post","type-post","status-publish","format-standard","has-post-thumbnail","hentry","category-genel","category-son-dakika","tag-vatandas","tag-yagis","tag-yol"],"_links":{"self":[{"href":"https:\/\/bihavadis.com\/index.php\/wp-json\/wp\/v2\/posts\/14055","targetHints":{"allow":["GET"]}}],"collection":[{"href":"https:\/\/bihavadis.com\/index.php\/wp-json\/wp\/v2\/posts"}],"about":[{"href":"https:\/\/bihavadis.com\/index.php\/wp-json\/wp\/v2\/types\/post"}],"author":[{"embeddable":true,"href":"https:\/\/bihavadis.com\/index.php\/wp-json\/wp\/v2\/users\/1"}],"replies":[{"embeddable":true,"href":"https:\/\/bihavadis.com\/index.php\/wp-json\/wp\/v2\/comments?post=14055"}],"version-history":[{"count":1,"href":"https:\/\/bihavadis.com\/index.php\/wp-json\/wp\/v2\/posts\/14055\/revisions"}],"predecessor-version":[{"id":14063,"href":"https:\/\/bihavadis.com\/index.php\/wp-json\/wp\/v2\/posts\/14055\/revisions\/14063"}],"wp:featuredmedia":[{"embeddable":true,"href":"https:\/\/bihavadis.com\/index.php\/wp-json\/wp\/v2\/media\/14056"}],"wp:attachment":[{"href":"https:\/\/bihavadis.com\/index.php\/wp-json\/wp\/v2\/media?parent=14055"}],"wp:term":[{"taxonomy":"category","embeddable":true,"href":"https:\/\/bihavadis.com\/index.php\/wp-json\/wp\/v2\/categories?post=14055"},{"taxonomy":"post_tag","embeddable":true,"href":"https:\/\/bihavadis.com\/index.php\/wp-json\/wp\/v2\/tags?post=14055"}],"curies":[{"name":"wp","href":"https:\/\/api.w.org\/{rel}","templated":true}]}}