{"id":14166,"date":"2026-02-03T23:33:06","date_gmt":"2026-02-03T23:33:06","guid":{"rendered":"https:\/\/bihavadis.com\/?p=14166"},"modified":"2026-02-03T23:33:06","modified_gmt":"2026-02-03T23:33:06","slug":"sdg-ve-sam-yonetimi-arasinda-anlasma","status":"publish","type":"post","link":"https:\/\/bihavadis.com\/index.php\/2026\/02\/03\/sdg-ve-sam-yonetimi-arasinda-anlasma\/","title":{"rendered":"SDG ve \u015eam Y\u00f6netimi Aras\u0131nda Anla\u015fma"},"content":{"rendered":"<p> Ter\u00f6r \u00f6rg\u00fct\u00fc PKK\/ YPG&#8217;nin Suriye uzant\u0131s\u0131 Suriye Demokratik G\u00fc\u00e7leri (SDG), \u015eam y\u00f6netimi ile ate\u015fkes ve entegrasyon konusunda kapsaml\u0131 bir anla\u015fmaya var\u0131ld\u0131\u011f\u0131n\u0131 a\u00e7\u0131klad\u0131.<\/p>\n<p>Suriye y\u00f6netiminin ter\u00f6r \u00f6rg\u00fct\u00fc PKK\/YPG&#8217;nin Suriye uzant\u0131s\u0131 Suriye Demokratik G\u00fc\u00e7leri (SDG) ile yapt\u0131\u011f\u0131 entegrasyon g\u00f6r\u00fc\u015fmeleri sonu\u00e7 verdi. SDG, \u015eam y\u00f6netimi ile ate\u015fkes ve entegrasyon konusunda kapsaml\u0131 bir anla\u015fmaya var\u0131ld\u0131\u011f\u0131n\u0131 a\u00e7\u0131klad\u0131. Anla\u015fmaya g\u00f6re ter\u00f6r unsurlar\u0131 \u00f6n hatlardan \u00e7ekilecek, h\u00fck\u00fcmet g\u00fc\u00e7leri Haseke ve Kam\u0131\u015fl\u0131&#8217;n\u0131n merkezlerine konu\u015fland\u0131r\u0131lacak ve yerel g\u00fcvenlik g\u00fc\u00e7leriyle birle\u015ftirilecek.<\/p>\n<p> H\u00fck\u00fcmet kaynaklar\u0131 da duyurdu<\/p>\n<p>Suriye devlet televizyonu El-\u0130hbariye&#8217;ye konu\u015fan h\u00fck\u00fcmet kaynaklar\u0131 ise, taraflar aras\u0131nda tam bir ate\u015fkes sa\u011flanmas\u0131 ve askeri-idari birimlerin kar\u015f\u0131l\u0131kl\u0131 anlay\u0131\u015f \u00e7er\u00e7evesinde birle\u015ftirilmesi konusunda mutabakata var\u0131ld\u0131\u011f\u0131n\u0131 duyurdu.<\/p>\n<p>&#8220;Kurumlar Suriye Devleti&#8217;ne dahil edilecek&#8221;<\/p>\n<p>Anla\u015fma kapsam\u0131nda askeri g\u00fc\u00e7lerin temas hatlar\u0131ndan \u00e7ekilmesi ve \u0130\u00e7i\u015fleri Bakanl\u0131\u011f\u0131&#8217;na ba\u011fl\u0131 g\u00fcvenlik g\u00fc\u00e7lerinin istikrar\u0131 g\u00fc\u00e7lendirmek amac\u0131yla Haseke ve Kam\u0131\u015fl\u0131 \u015fehir merkezlerine girmesi planlan\u0131yor. B\u00f6lgedeki g\u00fcvenlik birimlerinin entegrasyon s\u00fcrecinin ba\u015flat\u0131lmas\u0131yla birlikte SDG unsurlar\u0131ndan olu\u015facak \u00fc\u00e7 tugayl\u0131 bir askeri t\u00fcmen kurulmas\u0131 ve Halep Valili\u011fi b\u00fcnyesindeki bir t\u00fcmen i\u00e7erisinde Ayn el-Arab g\u00fc\u00e7lerini kapsayan \u00f6zel bir tugay olu\u015fturulmas\u0131 kararla\u015ft\u0131r\u0131ld\u0131. Siyasi ve sivil idari alanda da k\u00f6kl\u00fc ad\u0131mlar\u0131n at\u0131laca\u011f\u0131 belirtilen anla\u015fma uyar\u0131nca &#8220;\u00f6zerk y\u00f6netim&#8221; b\u00fcnyesindeki kurumlar\u0131n Suriye devlet kurumlar\u0131na dahil edilece\u011fi ve mevcut sivil personelin devlet kadrolar\u0131na sabitlenece\u011fi aktar\u0131ld\u0131. Mutabakat metninde ayr\u0131ca K\u00fcrt toplumunun medeni ve e\u011fitim haklar\u0131n\u0131n yasal g\u00fcvence alt\u0131na al\u0131nmas\u0131 ve yerinden edilmi\u015f ki\u015filerin kendi b\u00f6lgelerine g\u00fcvenli \u015fekilde geri d\u00f6nmelerinin sa\u011flanmas\u0131 gibi maddeler yer al\u0131yor. Suriye&#8217;nin toprak b\u00fct\u00fcnl\u00fc\u011f\u00fcn\u00fc korumay\u0131, yasalar\u0131n hakimiyetini tesis etmeyi ve b\u00f6lgenin tam entegrasyonunu sa\u011flamay\u0131 hedefleyen bu anla\u015fman\u0131n taraflar aras\u0131ndaki i\u015f birli\u011fini art\u0131rarak \u00fclkenin yeniden in\u015fas\u0131 yolunda stratejik bir ad\u0131m oldu\u011fu vurgulan\u0131yor. &#8211; \u015eAM<\/p>\n","protected":false},"excerpt":{"rendered":"<p>PKK\/YPG&#8217;nin Suriye uzant\u0131s\u0131 SDG, \u015eam y\u00f6netimiyle ate\u015fkes ve entegrasyon anla\u015fmas\u0131 imzalad\u0131.<\/p>\n","protected":false},"author":1,"featured_media":14167,"comment_status":"open","ping_status":"open","sticky":false,"template":"","format":"standard","meta":{"footnotes":""},"categories":[12],"tags":[1426,1341,2876,361],"class_list":["post-14166","post","type-post","status-publish","format-standard","has-post-thumbnail","hentry","category-siyaset","tag-anlasma","tag-entegrasyon","tag-gucleri","tag-suriye"],"_links":{"self":[{"href":"https:\/\/bihavadis.com\/index.php\/wp-json\/wp\/v2\/posts\/14166","targetHints":{"allow":["GET"]}}],"collection":[{"href":"https:\/\/bihavadis.com\/index.php\/wp-json\/wp\/v2\/posts"}],"about":[{"href":"https:\/\/bihavadis.com\/index.php\/wp-json\/wp\/v2\/types\/post"}],"author":[{"embeddable":true,"href":"https:\/\/bihavadis.com\/index.php\/wp-json\/wp\/v2\/users\/1"}],"replies":[{"embeddable":true,"href":"https:\/\/bihavadis.com\/index.php\/wp-json\/wp\/v2\/comments?post=14166"}],"version-history":[{"count":1,"href":"https:\/\/bihavadis.com\/index.php\/wp-json\/wp\/v2\/posts\/14166\/revisions"}],"predecessor-version":[{"id":14168,"href":"https:\/\/bihavadis.com\/index.php\/wp-json\/wp\/v2\/posts\/14166\/revisions\/14168"}],"wp:featuredmedia":[{"embeddable":true,"href":"https:\/\/bihavadis.com\/index.php\/wp-json\/wp\/v2\/media\/14167"}],"wp:attachment":[{"href":"https:\/\/bihavadis.com\/index.php\/wp-json\/wp\/v2\/media?parent=14166"}],"wp:term":[{"taxonomy":"category","embeddable":true,"href":"https:\/\/bihavadis.com\/index.php\/wp-json\/wp\/v2\/categories?post=14166"},{"taxonomy":"post_tag","embeddable":true,"href":"https:\/\/bihavadis.com\/index.php\/wp-json\/wp\/v2\/tags?post=14166"}],"curies":[{"name":"wp","href":"https:\/\/api.w.org\/{rel}","templated":true}]}}