{"id":14180,"date":"2026-02-03T23:45:03","date_gmt":"2026-02-03T23:45:03","guid":{"rendered":"https:\/\/bihavadis.com\/?p=14180"},"modified":"2026-02-03T23:45:03","modified_gmt":"2026-02-03T23:45:03","slug":"sunar-yatirimdan-gekapa-duzenleme-cagrisi-ab-biyoplastikleri-yasal-zemine-tasidi-turkiyede-de-mevzuat-degismeli","status":"publish","type":"post","link":"https:\/\/bihavadis.com\/index.php\/2026\/02\/03\/sunar-yatirimdan-gekapa-duzenleme-cagrisi-ab-biyoplastikleri-yasal-zemine-tasidi-turkiyede-de-mevzuat-degismeli\/","title":{"rendered":"Sunar Yat\u0131r\u0131m&#8217;dan GEKAP&#8217;a D\u00fczenleme \u00c7a\u011fr\u0131s\u0131: AB Biyoplastikleri Yasal Zemine Ta\u015f\u0131d\u0131, T\u00fcrkiye&#8217;de de Mevzuat De\u011fi\u015fmeli"},"content":{"rendered":"<p>Resmi Gazete\u2019de a\u00e7\u0131klanan Geri Kazan\u0131m Katk\u0131 Pay\u0131 (GEKAP) art\u0131\u015f\u0131yla birlikte plastik ambalaj ve ta\u015f\u0131ma \u00fcr\u00fcnlerinde birim maliyetleri y\u00fckseldi. M\u0131s\u0131r ni\u015fastas\u0131ndan biyobozunur plastik hammadde \u00fcreten Sunar NP\u2019yi \u00e7at\u0131s\u0131 alt\u0131nda bar\u0131nd\u0131ran Sunar Yat\u0131r\u0131m\u2019\u0131n Y\u00f6netim Kurulu Ba\u015fkan\u0131 ve CEO\u2019su Mustafa Nuri \u00c7omu, son geli\u015fmeleri yorumlad\u0131. GEKAP\u2019\u0131n \u00e7evreyi koruma amac\u0131yla hayata ge\u00e7irildi\u011fini ancak mevcut uygulaman\u0131n biyoplastikler a\u00e7\u0131s\u0131ndan yeniden de\u011ferlendirilmesi gerekti\u011fini belirten \u00c7omu, \u201cGEKAP art\u0131\u015f\u0131, \u00e7evreye zarar veren plastikler i\u00e7in cayd\u0131r\u0131c\u0131 bir ara\u00e7 olabilir. Ancak biyobozunur ve kompostlanabilir biyoplastikleri de petrol bazl\u0131 plastiklerle ayn\u0131 kapsamda de\u011ferlendirmek ve GEKAP\u2019\u0131 biyoplastiklere y\u00fcklemek, \u00e7evreci \u00fcr\u00fcn kullanman\u0131n maliyetlerini art\u0131r\u0131rken \u00e7evresel fayday\u0131 g\u00f6lgeleyen bir sonu\u00e7 do\u011furuyor\u201d diye konu\u015ftu.\u00a0<\/p>\n<p><strong>AB biyoplastikleri yasal zemine ta\u015f\u0131d\u0131<\/strong><\/p>\n<p>Bununla beraber Avrupa Birli\u011fi, Ambalaj ve Ambalaj At\u0131klar\u0131 T\u00fcz\u00fc\u011f\u00fc ile biyoplastikleri ilk kez ba\u011flay\u0131c\u0131 ve net bir mevzuat \u00e7er\u00e7evesine ald\u0131. Yeni d\u00fczenleme, biyobazl\u0131 ve biyobozunur ambalajlar\u0131n hangi ko\u015fullarda kullan\u0131labilece\u011fini tan\u0131mlarken geri d\u00f6n\u00fc\u015ft\u00fcr\u00fclm\u00fc\u015f i\u00e7erik kullan\u0131m\u0131n\u0131n teknik olarak m\u00fcmk\u00fcn olmad\u0131\u011f\u0131 alanlarda biyoplastikleri alternatif olarak konumland\u0131r\u0131yor.<\/p>\n<p>Bu yakla\u015f\u0131m\u0131n yaln\u0131zca \u00e7evresel de\u011fil ayn\u0131 zamanda ekonomik bir rasyonalite i\u00e7erdi\u011fine dikkat \u00e7eken Mustafa Nuri \u00c7omu, \u201cAB, biyoplastikleri do\u011fru yerde kullanan bir sistem kuruyor. Bu sayede hem geri d\u00f6n\u00fc\u015f\u00fcm\u00fcn i\u015flerli\u011fi korunuyor hem de sanayi i\u00e7in \u00f6ng\u00f6r\u00fclebilir bir yat\u0131r\u0131m ortam\u0131 olu\u015fturuluyor\u201d dedi.<\/p>\n<p><strong>\u201cBiyoplastikler GEKAP\u2019tan ayr\u0131\u015ft\u0131r\u0131lmal\u0131\u201d<\/strong><\/p>\n<p>Sunar Yat\u0131r\u0131m, biyoplastiklerin petrol bazl\u0131 plastiklerle ayn\u0131 mevzuata tabi tutulmas\u0131n\u0131n, yerli biyoplastik yat\u0131r\u0131mlar\u0131n\u0131 yava\u015flatt\u0131\u011f\u0131n\u0131 ve ithal hammaddelere ba\u011f\u0131ml\u0131l\u0131\u011f\u0131 art\u0131rd\u0131\u011f\u0131n\u0131 savunuyor.\u00a0<\/p>\n<p>Bu durumun cari a\u00e7\u0131k \u00fczerinde de dolayl\u0131 bir bask\u0131 olu\u015fturdu\u011funu vurgulayan Mustafa Nuri \u00c7omu, \u201cBiyoplastiklerin GEKAP\u2019tan muaf tutulmas\u0131, \u00e7evreyi korurken maliyetleri dengeleyen bir ad\u0131m olur. Ayn\u0131 zamanda yerli \u00fcretimi te\u015fvik eder, ithal petrokimyasallara olan ba\u011f\u0131ml\u0131l\u0131\u011f\u0131 azalt\u0131r ve cari a\u00e7\u0131\u011f\u0131n kontrol\u00fcne katk\u0131 sa\u011flar\u201d bilgisini verdi.\u00a0<\/p>\n<p><strong>COP31, \u00e7evreyle uyumlu \u00fcretimde \u00f6nemli bir e\u015fik<\/strong><\/p>\n<p>Bu y\u0131l T\u00fcrkiye\u2019nin Birle\u015fmi\u015f Milletler \u0130klim De\u011fi\u015fikli\u011fi \u00c7er\u00e7eve S\u00f6zle\u015fmesi (UNFCCC) 31. Taraflar Konferans\u0131&#8217;na (COP31) ev sahipli\u011fi yapmas\u0131n\u0131n, \u00e7evre ve iklim politikalar\u0131 a\u00e7\u0131s\u0131ndan \u00f6nemli sorumluluklar\u0131 da beraberinde getirdi\u011fini vurgulayan Mustafa Nuri \u00c7omu, biyoplastiklere y\u00f6nelik mevzuat d\u00fczenlemesinin bu s\u00fcre\u00e7te kritik bir g\u00f6sterge olaca\u011f\u0131n\u0131 ifade etti. \u00c7omu, \u201cCOP31 gibi k\u00fcresel \u00f6l\u00e7ekte bir iklim zirvesine ev sahipli\u011fi yaparken \u00e7evreyle uyumlu \u00fcretim modellerini destekleyen somut uygulamalar\u0131 art\u0131rmam\u0131z gerekiyor. Biyoplastiklerin do\u011fru bir mevzuat \u00e7er\u00e7evesiyle ayr\u0131\u015ft\u0131r\u0131lmas\u0131, T\u00fcrkiye\u2019nin bu platformda \u00f6rnek g\u00f6sterebilece\u011fi uygulamalar geli\u015ftirmesi a\u00e7\u0131s\u0131ndan da \u00f6nemli bir ad\u0131m olacakt\u0131r\u201d dedi.<\/p>\n<p><strong>Ekonomi ve \u00e7evre birlikte kazanabilir<\/strong><\/p>\n<p>Sunar Yat\u0131r\u0131m\u2019a g\u00f6re do\u011fru mevzuatla biyoplastikler hem \u00e7evresel hedeflere ula\u015fmada hem de sanayide katma de\u011fer in\u015fa etmede \u00f6nemli bir ara\u00e7 olabilir. GEKAP art\u0131\u015f\u0131n\u0131n tart\u0131\u015f\u0131ld\u0131\u011f\u0131 bu d\u00f6nemde, biyoplastiklerin ayr\u0131 bir kategori olarak ele al\u0131nmas\u0131 gerekti\u011finin alt\u0131n\u0131 \u00e7izen Sunar Yat\u0131r\u0131m Y\u00f6netim Kurulu Ba\u015fkan\u0131 ve CEO\u2019su Mustafa Nuri \u00c7omu, \u201cBug\u00fcn tart\u0131\u015fmam\u0131z gereken konu, po\u015fetin fiyat\u0131 de\u011fil do\u011fru malzemeyi do\u011fru d\u00fczenlemeyle bulu\u015fturup bulu\u015fturamad\u0131\u011f\u0131m\u0131zd\u0131r. AB bu dengeyi kurdu. T\u00fcrkiye\u2019nin de \u00e7evreyle uyumlu ama ekonomik olarak rasyonel bir yol \u00e7izmesi gerekiyor\u201d de\u011ferlendirmesinde bulundu.<\/p>\n<p>\u00a0<\/p>\n<p>\u00a0<\/p>\n<p>Kaynak: (BYZHA) Beyaz Haber Ajans\u0131<\/p>\n","protected":false},"excerpt":{"rendered":"<p>Resmi Gazete\u2019de a\u00e7\u0131klanan Geri Kazan\u0131m Katk\u0131 Pay\u0131 (GEKAP) art\u0131\u015f\u0131yla birlikte plastik ambalaj ve ta\u015f\u0131ma \u00fcr\u00fcnlerinde birim maliyetleri y\u00fckseldi.<\/p>\n","protected":false},"author":1,"featured_media":14181,"comment_status":"open","ping_status":"open","sticky":false,"template":"","format":"standard","meta":{"footnotes":""},"categories":[8],"tags":[2881,998,1807,2882,216],"class_list":["post-14180","post","type-post","status-publish","format-standard","has-post-thumbnail","hentry","category-ekonomi","tag-biyoplastikler","tag-cevre","tag-dogru","tag-gekap","tag-yatirim"],"_links":{"self":[{"href":"https:\/\/bihavadis.com\/index.php\/wp-json\/wp\/v2\/posts\/14180","targetHints":{"allow":["GET"]}}],"collection":[{"href":"https:\/\/bihavadis.com\/index.php\/wp-json\/wp\/v2\/posts"}],"about":[{"href":"https:\/\/bihavadis.com\/index.php\/wp-json\/wp\/v2\/types\/post"}],"author":[{"embeddable":true,"href":"https:\/\/bihavadis.com\/index.php\/wp-json\/wp\/v2\/users\/1"}],"replies":[{"embeddable":true,"href":"https:\/\/bihavadis.com\/index.php\/wp-json\/wp\/v2\/comments?post=14180"}],"version-history":[{"count":1,"href":"https:\/\/bihavadis.com\/index.php\/wp-json\/wp\/v2\/posts\/14180\/revisions"}],"predecessor-version":[{"id":14182,"href":"https:\/\/bihavadis.com\/index.php\/wp-json\/wp\/v2\/posts\/14180\/revisions\/14182"}],"wp:featuredmedia":[{"embeddable":true,"href":"https:\/\/bihavadis.com\/index.php\/wp-json\/wp\/v2\/media\/14181"}],"wp:attachment":[{"href":"https:\/\/bihavadis.com\/index.php\/wp-json\/wp\/v2\/media?parent=14180"}],"wp:term":[{"taxonomy":"category","embeddable":true,"href":"https:\/\/bihavadis.com\/index.php\/wp-json\/wp\/v2\/categories?post=14180"},{"taxonomy":"post_tag","embeddable":true,"href":"https:\/\/bihavadis.com\/index.php\/wp-json\/wp\/v2\/tags?post=14180"}],"curies":[{"name":"wp","href":"https:\/\/api.w.org\/{rel}","templated":true}]}}