{"id":14187,"date":"2026-02-03T23:51:37","date_gmt":"2026-02-03T23:51:37","guid":{"rendered":"https:\/\/bihavadis.com\/?p=14187"},"modified":"2026-02-03T23:51:37","modified_gmt":"2026-02-03T23:51:37","slug":"turk-somonu-ihracati-2025te-500-milyon-dolar-olacak","status":"publish","type":"post","link":"https:\/\/bihavadis.com\/index.php\/2026\/02\/03\/turk-somonu-ihracati-2025te-500-milyon-dolar-olacak\/","title":{"rendered":"T\u00fcrk Somonu \u0130hracat\u0131 2025&#8217;te 500 Milyon Dolar Olacak"},"content":{"rendered":"<p>\n<p>TARIM ve Orman Bakan\u0131 \u0130brahim Yumakl\u0131, &#8220;2025 y\u0131l\u0131nda su \u00fcr\u00fcnlerinden \u00fclkemiz 2,3 milyar dolarl\u0131k bir ihracat rakam\u0131na ula\u015ft\u0131. Bunun da yakla\u015f\u0131k 500 milyon dolar\u0131 yine bizim T\u00fcrk somonu dedi\u011fimiz ve art\u0131k d\u00fcnya pazarlar\u0131na ula\u015fm\u0131\u015f olan \u00fcr\u00fcn\u00fcm\u00fczden gelmi\u015f oldu&#8221; dedi.<\/p>\n<p> Tar\u0131m ve Orman Bakan\u0131 \u0130brahim Yumakl\u0131, \u00e7e\u015fitli ziyaret ve programlar kapsam\u0131nda Artvin&#8217;e geldi. Bor\u00e7ka Baraj\u0131&#8217;nda Bal\u0131k\u00e7\u0131l\u0131k Somon \u00dcretim Tesisi&#8217;ni ziyaret eden Bakan Yumakl\u0131, &#8220;T\u00fcrkiye&#8217;de bal\u0131k\u00e7\u0131l\u0131k sekt\u00f6r\u00fcn\u00fcn \u00f6zellikle son y\u0131llardaki geli\u015fimi bizleri ziyadesiyle memnun ediyor. Son d\u00f6nemde \u00f6zellikle 1 milyon ton \u00fcretim baraj\u0131n\u0131 a\u00e7m\u0131\u015f ve bu rekoru k\u0131rm\u0131\u015f olmas\u0131 bal\u0131k\u00e7\u0131l\u0131k sekt\u00f6r\u00fcn\u00fcn potansiyelini \u00fcretime \u00e7evirdi\u011fi ile alakal\u0131 bize \u00e7ok g\u00fczel sonu\u00e7lar getirdi. T\u00fcrkiye&#8217;deki \u00fcretimin y\u00fczde 60&#8217;\u0131 yeti\u015ftiricilikten, dolay\u0131s\u0131yla bu manada bizim \u00f6zellikle buna m\u00fcsait alanlar\u0131m\u0131z, barajlar\u0131m\u0131z yeti\u015ftiricilikle ilgili bizim bu potansiyeli hayata ge\u00e7irmemizde \u00f6nemli rol oynuyor&#8221; diye konu\u015ftu. <\/p>\n<p>&#8216;\u00dcRET\u0130MDE YAKLA\u015eIK 650 B\u0130N TONLARA GELM\u0130\u015e DURUMDAYIZ&#8217;<\/p>\n<p>Bakan Yumakl\u0131, &#8220;Son 23 y\u0131lda yeti\u015ftiricilik \u00fcretimi 10 kat artm\u0131\u015f durumda. Yakla\u015f\u0131k 650 bin tonlara gelmi\u015f durumday\u0131z. T\u00fcrk somonu, alabal\u0131k, levrek, \u00e7ipura gibi \u00fcr\u00fcnlerin art\u0131k bir marka olarak da d\u00fcnya pazarlar\u0131na ula\u015fm\u0131\u015f olmas\u0131, bu manada sekt\u00f6r\u00fcn daha da geli\u015fece\u011fine dair bizler i\u00e7in umut verici bir durum. Su \u00fcr\u00fcnleri \u00fcretiminde \u00f6zellikle hem yeti\u015ftiricilikte hem avc\u0131l\u0131kta \u00fcretim planlamas\u0131na 2024 y\u0131l\u0131ndan itibaren ge\u00e7mi\u015ftik. Y\u00fczde 95&#8217;in \u00fczerinde bir oranda \u00fcretim planlamas\u0131 uygulamas\u0131 var. Hem yeti\u015ftiricilikteki geli\u015fmelerin \u00fcretim planlamas\u0131na \u00e7ok ciddi bir \u015fekilde katk\u0131 vermesi hem de avc\u0131l\u0131ktaki sonu\u00e7lardan \u00f6zellikle koruma-kullanma dengesini g\u00f6zetti\u011fimizde bunu g\u00f6rm\u00fc\u015f oluyoruz. Bu manada \u00fcretim planlamas\u0131n\u0131n hem bitkisel \u00fcretimde hem hayvansal \u00fcretimde hem de su \u00fcr\u00fcnlerinde bu manada ba\u015far\u0131l\u0131 oldu\u011funu s\u00f6ylemek istiyorum&#8221; dedi. <\/p>\n<p>&#8216;T\u00dcRK SOMONU \u00dcRET\u0130M\u0130 SON 8 YILDA 15 KAT ARTTI&#8217;<\/p>\n<p>Son 8 y\u0131lda \u00f6zellikle T\u00fcrk somonu \u00fcretiminin 15 kat artt\u0131\u011f\u0131n\u0131 aktaran Bakan Yumakl\u0131, &#8220;2025 y\u0131l\u0131nda su \u00fcr\u00fcnlerinden \u00fclkemiz 2,3 milyar dolarl\u0131k bir ihracat rakam\u0131na ula\u015ft\u0131. Bunun da yakla\u015f\u0131k 500 milyon dolar\u0131 yine bizim T\u00fcrk somonu dedi\u011fimiz ve art\u0131k d\u00fcnya pazarlar\u0131na ula\u015fm\u0131\u015f olan \u00fcr\u00fcn\u00fcm\u00fczden gelmi\u015f oldu. Son 8 y\u0131lda \u00f6zellikle T\u00fcrk somonu \u00fcretiminin 15 kat artt\u0131\u011f\u0131n\u0131 s\u00f6ylemek istiyorum. Bu manada \u00f6zellikle hem i\u00e7 sulardaki yeti\u015ftiricilikte hem de buna uygun denizlerimizdeki yeti\u015ftiricilikte \u00e7ok ba\u015far\u0131l\u0131 bir sonuca ula\u015fm\u0131\u015f durumday\u0131z. Elbette hem i\u015fleme tesisleri a\u00e7\u0131s\u0131ndan hem ihracata haz\u0131rl\u0131k a\u00e7\u0131s\u0131ndan hem de i\u00e7 piyasaya bunlar\u0131n ula\u015ft\u0131r\u0131lmas\u0131 a\u00e7\u0131s\u0131ndan daha yapmam\u0131z gereken yat\u0131r\u0131mlar var. Bunlar\u0131 da planl\u0131yoruz, planlamaya devam edece\u011fiz in\u015fallah&#8221; diye konu\u015ftu. <\/p>\n<p>&#8216;3 B\u0130N TONLUK T\u00dcRK SOMONU \u00dcRET\u0130M\u0130N\u0130N KAR\u015eILI\u011eI 765 M\u0130LYON L\u0130RA&#8217;<\/p>\n<p>Bakan Yumakl\u0131, 2025 y\u0131l\u0131 i\u00e7erisinde Bor\u00e7ka Baraj\u0131&#8217;nda 3 bin ton T\u00fcrk somonu \u00fcretiminin ger\u00e7ekle\u015ftirildi\u011fini ifade ederek, &#8220;Artvin, T\u00fcrk somonu \u00fcretiminin en \u00f6nemli alanlar\u0131ndan bir tanesi. \u015eu anda biz Bor\u00e7ka Baraj\u0131&#8217;nday\u0131z. 2025&#8217;te 3 bin tonluk bir \u00fcretimi olmu\u015f. Burada 11 tesis var ve bunun kar\u015f\u0131l\u0131\u011f\u0131 765 milyon lira. Bu rakamlar\u0131 sadece birer rakam olarak g\u00f6rmemek laz\u0131m, ayn\u0131 zamanda bulundu\u011fu \u015fehre \u00e7ok \u00f6nemli bir ekonomik katk\u0131 da sa\u011flam\u0131\u015f oluyor. Artvin&#8217;in bu potansiyelini, daha da geli\u015ftirmeye devam edece\u011fiz. Temel olarak \u015funu s\u00f6ylemek istiyorum; bal\u0131k\u00e7\u0131l\u0131k konusu \u00fc\u00e7 taraf\u0131 denizlerle \u00e7evrili \u00fclkemizde, barajlarla dolu \u00fclkemiz \u00e7ok daha b\u00fcy\u00fck bir potansiyele sahip. Bunu harekete ge\u00e7irdik, daha da ge\u00e7irmeye devam edece\u011fiz. Dolay\u0131s\u0131yla bal\u0131klar\u0131n herhangi bir \u015feyden rahats\u0131z olmas\u0131 s\u00f6z konusu de\u011fil. Bu sekt\u00f6r geli\u015ftik\u00e7e hem yeti\u015ftiricilikte hem avc\u0131l\u0131kta \u00fclkemize \u00e7ok ciddi katk\u0131lar sa\u011flayacak&#8221; dedi. <\/p>\n","protected":false},"excerpt":{"rendered":"<p>Tar\u0131m Bakan\u0131 Yumakl\u0131, T\u00fcrk somonu \u00fcretiminin son 8 y\u0131lda 15 kat artt\u0131\u011f\u0131n\u0131 a\u00e7\u0131klad\u0131.<\/p>\n","protected":false},"author":1,"featured_media":14188,"comment_status":"open","ping_status":"open","sticky":false,"template":"","format":"standard","meta":{"footnotes":""},"categories":[12],"tags":[2057,517,375,2056,2058],"class_list":["post-14187","post","type-post","status-publish","format-standard","has-post-thumbnail","hentry","category-siyaset","tag-kat","tag-turk","tag-uretim","tag-yetistiricilik","tag-yumakli"],"_links":{"self":[{"href":"https:\/\/bihavadis.com\/index.php\/wp-json\/wp\/v2\/posts\/14187","targetHints":{"allow":["GET"]}}],"collection":[{"href":"https:\/\/bihavadis.com\/index.php\/wp-json\/wp\/v2\/posts"}],"about":[{"href":"https:\/\/bihavadis.com\/index.php\/wp-json\/wp\/v2\/types\/post"}],"author":[{"embeddable":true,"href":"https:\/\/bihavadis.com\/index.php\/wp-json\/wp\/v2\/users\/1"}],"replies":[{"embeddable":true,"href":"https:\/\/bihavadis.com\/index.php\/wp-json\/wp\/v2\/comments?post=14187"}],"version-history":[{"count":1,"href":"https:\/\/bihavadis.com\/index.php\/wp-json\/wp\/v2\/posts\/14187\/revisions"}],"predecessor-version":[{"id":14189,"href":"https:\/\/bihavadis.com\/index.php\/wp-json\/wp\/v2\/posts\/14187\/revisions\/14189"}],"wp:featuredmedia":[{"embeddable":true,"href":"https:\/\/bihavadis.com\/index.php\/wp-json\/wp\/v2\/media\/14188"}],"wp:attachment":[{"href":"https:\/\/bihavadis.com\/index.php\/wp-json\/wp\/v2\/media?parent=14187"}],"wp:term":[{"taxonomy":"category","embeddable":true,"href":"https:\/\/bihavadis.com\/index.php\/wp-json\/wp\/v2\/categories?post=14187"},{"taxonomy":"post_tag","embeddable":true,"href":"https:\/\/bihavadis.com\/index.php\/wp-json\/wp\/v2\/tags?post=14187"}],"curies":[{"name":"wp","href":"https:\/\/api.w.org\/{rel}","templated":true}]}}